{"id":10082,"date":"2025-11-26T20:28:14","date_gmt":"2025-11-26T20:28:14","guid":{"rendered":"https:\/\/dobrezrodla.com\/?p=10082"},"modified":"2025-11-26T20:28:14","modified_gmt":"2025-11-26T20:28:14","slug":"przyszla-pora-na-zmiany-w-sercu-krakowskiego-kosciola","status":"publish","type":"post","link":"https:\/\/dobrezrodla.com\/?p=10082","title":{"rendered":"Przysz\u0142a pora na zmiany w sercu krakowskiego Ko\u015bcio\u0142a!"},"content":{"rendered":"\n<p>Po latach pe\u0142nienia funkcji arcybiskupa Marek J\u0119draszewski ust\u0119puje ze stanowiska metropolity krakowskiego. Jego odej\u015bcie to nie tylko symboliczny moment, ale<\/p>\n\n\n\n<p> tak\u017ce realna zmiana w jednym z najwa\u017cniejszych o\u015brodk\u00f3w ko\u015bcielnych w Polsce. Decyzj\u0119 o wyborze jego nast\u0119pcy ma dzi\u015b og\u0142osi\u0107 nuncjatura apostolska \u2013 dok\u0142adnie w po\u0142udnie.<\/p>\n\n\n\n<p>Przypomnijmy: arcybiskup J\u0119draszewski osi\u0105gn\u0105\u0142 wiek emerytalny w lipcu ubieg\u0142ego roku. Cho\u0107 zgodnie z ko\u015bcielnymi przepisami z\u0142o\u017cy\u0142 rezygnacj\u0119, to<\/p>\n\n\n\n<p> \u2013 na pro\u015bb\u0119 papie\u017ca Franciszka \u2013 pozosta\u0142 tymczasowo na stanowisku. Od 2017 roku by\u0142 twarz\u0105 krakowskiej kurii, a jego kontrowersyjne wypowiedzi \u2013 dotycz\u0105ce m.in. par jednop\u0142ciowych, aborcji czy polityki \u2013 nie raz rozgrzewa\u0142y opini\u0119 publiczn\u0105.<\/p>\n\n\n\n<p>W\u015br\u00f3d najcz\u0119\u015bciej typowanych kandydat\u00f3w do obj\u0119cia tej presti\u017cowej funkcji pojawiaj\u0105 si\u0119 nazwiska biskupa gliwickiego S\u0142awomira Odera oraz metropolity \u0142\u00f3dzkiego, kardyna\u0142a Grzegorza Rysia. Jednak do chwili oficjalnego komunikatu zar\u00f3wno krakowska kuria, jak i przedstawiciele Watykanu milcz\u0105.<\/p>\n\n\n\n<p>Dzi\u015b Ko\u015bci\u00f3\u0142 w Krakowie mo\u017ce rozpocz\u0105\u0107 nowy rozdzia\u0142. Kim b\u0119dzie ten, kt\u00f3ry przejmie pa\u0142eczk\u0119 po arcybiskupie J\u0119draszewskim? Czas poka\u017ce \u2013 i to ju\u017c za kilka godzin.<\/p>\n","protected":false},"excerpt":{"rendered":"<p>Po latach pe\u0142nienia funkcji arcybiskupa Marek J\u0119draszewski ust\u0119puje ze stanowiska metropolity krakowskiego. Jego odej\u015bcie to nie tylko symboliczny moment, ale tak\u017ce realna zmiana w jednym z najwa\u017cniejszych o\u015brodk\u00f3w ko\u015bcielnych w Polsce. Decyzj\u0119 o wyborze jego nast\u0119pcy ma dzi\u015b og\u0142osi\u0107 nuncjatura apostolska \u2013 dok\u0142adnie w po\u0142udnie. Przypomnijmy: arcybiskup J\u0119draszewski osi\u0105gn\u0105\u0142 wiek emerytalny w lipcu ubieg\u0142ego roku. &#8230; <a title=\"Przysz\u0142a pora na zmiany w sercu krakowskiego Ko\u015bcio\u0142a!\" class=\"read-more\" href=\"https:\/\/dobrezrodla.com\/?p=10082\" aria-label=\"Read more about Przysz\u0142a pora na zmiany w sercu krakowskiego Ko\u015bcio\u0142a!\">Read more<\/a><\/p>\n","protected":false},"author":1,"featured_media":0,"comment_status":"open","ping_status":"open","sticky":false,"template":"","format":"standard","meta":{"footnotes":""},"categories":[1],"tags":[],"class_list":["post-10082","post","type-post","status-publish","format-standard","hentry","category-uncategorized"],"_links":{"self":[{"href":"https:\/\/dobrezrodla.com\/index.php?rest_route=\/wp\/v2\/posts\/10082","targetHints":{"allow":["GET"]}}],"collection":[{"href":"https:\/\/dobrezrodla.com\/index.php?rest_route=\/wp\/v2\/posts"}],"about":[{"href":"https:\/\/dobrezrodla.com\/index.php?rest_route=\/wp\/v2\/types\/post"}],"author":[{"embeddable":true,"href":"https:\/\/dobrezrodla.com\/index.php?rest_route=\/wp\/v2\/users\/1"}],"replies":[{"embeddable":true,"href":"https:\/\/dobrezrodla.com\/index.php?rest_route=%2Fwp%2Fv2%2Fcomments&post=10082"}],"version-history":[{"count":1,"href":"https:\/\/dobrezrodla.com\/index.php?rest_route=\/wp\/v2\/posts\/10082\/revisions"}],"predecessor-version":[{"id":10083,"href":"https:\/\/dobrezrodla.com\/index.php?rest_route=\/wp\/v2\/posts\/10082\/revisions\/10083"}],"wp:attachment":[{"href":"https:\/\/dobrezrodla.com\/index.php?rest_route=%2Fwp%2Fv2%2Fmedia&parent=10082"}],"wp:term":[{"taxonomy":"category","embeddable":true,"href":"https:\/\/dobrezrodla.com\/index.php?rest_route=%2Fwp%2Fv2%2Fcategories&post=10082"},{"taxonomy":"post_tag","embeddable":true,"href":"https:\/\/dobrezrodla.com\/index.php?rest_route=%2Fwp%2Fv2%2Ftags&post=10082"}],"curies":[{"name":"wp","href":"https:\/\/api.w.org\/{rel}","templated":true}]}}