{"id":10086,"date":"2025-11-26T20:29:45","date_gmt":"2025-11-26T20:29:45","guid":{"rendered":"https:\/\/dobrezrodla.com\/?p=10086"},"modified":"2025-11-26T20:29:45","modified_gmt":"2025-11-26T20:29:45","slug":"oficjalnie-kardynal-grzegorz-rys-obejmuje-jedno-z-najwazniejszych-stanowisk-w-polskim-kosciele","status":"publish","type":"post","link":"https:\/\/dobrezrodla.com\/?p=10086","title":{"rendered":"Oficjalnie: kardyna\u0142 Grzegorz Ry\u015b obejmuje jedno z najwa\u017cniejszych stanowisk w polskim Ko\u015bciele"},"content":{"rendered":"\n<p>To ju\u017c pewne \u2013 Krak\u00f3w ma nowego metropolit\u0119. Kardyna\u0142 Grzegorz Ry\u015b, dotychczasowy arcybiskup \u0141odzi, zosta\u0142 mianowany przez papie\u017ca Leona XIV nowym metropolit\u0105 krakowskim. <\/p>\n\n\n\n<p>Tym samym zast\u0119puje odchodz\u0105cego na emerytur\u0119 arcybiskupa Marka J\u0119draszewskiego, kt\u00f3ry przez lata by\u0142 jedn\u0105 z najbardziej wyrazistych postaci w polskim Episkopacie.<\/p>\n\n\n\n<p>Decyzj\u0119 og\u0142osi\u0142a Nuncjatura Apostolska, ko\u0144cz\u0105c tym samym wielomiesi\u0119czne spekulacje dotycz\u0105ce tego, kto obejmie presti\u017cowe stanowisko w sercu Ma\u0142opolski. <\/p>\n\n\n\n<p>Przypomnijmy, \u017ce J\u0119draszewski z\u0142o\u017cy\u0142 rezygnacj\u0119 po uko\u0144czeniu 75. roku \u017cycia, zgodnie z ko\u015bcielnym prawem.<\/p>\n\n\n\n<p>Kard. Ry\u015b to posta\u0107 dobrze znana w Ko\u015bciele \u2013 od lat aktywny nie tylko w strukturach krajowych, ale r\u00f3wnie\u017c watyka\u0144skich. Jest cz\u0142onkiem Dykasterii ds. Biskup\u00f3w, Dykasterii ds. Kultu Bo\u017cego i Dyscypliny Sakrament\u00f3w oraz licznych rad w ramach Konferencji Episkopatu Polski. <\/p>\n\n\n\n<p>Jego dzia\u0142alno\u015b\u0107 koncentruje si\u0119 na dialogu mi\u0119dzyreligijnym, ekumenizmie, kulturze i rodzinie. W 2023 roku zosta\u0142 tak\u017ce zaanga\u017cowany w prace nad koncepcj\u0105 komisji ds. nadu\u017cy\u0107 seksualnych w Ko\u015bciele.<\/p>\n\n\n\n<p>Nowy metropolita wnosi zupe\u0142nie inn\u0105 wra\u017cliwo\u015b\u0107 ni\u017c jego poprzednik \u2013 co mo\u017ce oznacza\u0107 powiew \u015bwie\u017co\u015bci, a nawet pocz\u0105tek nowego stylu funkcjonowania krakowskiej kurii.<\/p>\n","protected":false},"excerpt":{"rendered":"<p>To ju\u017c pewne \u2013 Krak\u00f3w ma nowego metropolit\u0119. Kardyna\u0142 Grzegorz Ry\u015b, dotychczasowy arcybiskup \u0141odzi, zosta\u0142 mianowany przez papie\u017ca Leona XIV nowym metropolit\u0105 krakowskim. Tym samym zast\u0119puje odchodz\u0105cego na emerytur\u0119 arcybiskupa Marka J\u0119draszewskiego, kt\u00f3ry przez lata by\u0142 jedn\u0105 z najbardziej wyrazistych postaci w polskim Episkopacie. Decyzj\u0119 og\u0142osi\u0142a Nuncjatura Apostolska, ko\u0144cz\u0105c tym samym wielomiesi\u0119czne spekulacje dotycz\u0105ce tego, &#8230; <a title=\"Oficjalnie: kardyna\u0142 Grzegorz Ry\u015b obejmuje jedno z najwa\u017cniejszych stanowisk w polskim Ko\u015bciele\" class=\"read-more\" href=\"https:\/\/dobrezrodla.com\/?p=10086\" aria-label=\"Read more about Oficjalnie: kardyna\u0142 Grzegorz Ry\u015b obejmuje jedno z najwa\u017cniejszych stanowisk w polskim Ko\u015bciele\">Read more<\/a><\/p>\n","protected":false},"author":1,"featured_media":0,"comment_status":"open","ping_status":"open","sticky":false,"template":"","format":"standard","meta":{"footnotes":""},"categories":[1],"tags":[],"class_list":["post-10086","post","type-post","status-publish","format-standard","hentry","category-uncategorized"],"_links":{"self":[{"href":"https:\/\/dobrezrodla.com\/index.php?rest_route=\/wp\/v2\/posts\/10086","targetHints":{"allow":["GET"]}}],"collection":[{"href":"https:\/\/dobrezrodla.com\/index.php?rest_route=\/wp\/v2\/posts"}],"about":[{"href":"https:\/\/dobrezrodla.com\/index.php?rest_route=\/wp\/v2\/types\/post"}],"author":[{"embeddable":true,"href":"https:\/\/dobrezrodla.com\/index.php?rest_route=\/wp\/v2\/users\/1"}],"replies":[{"embeddable":true,"href":"https:\/\/dobrezrodla.com\/index.php?rest_route=%2Fwp%2Fv2%2Fcomments&post=10086"}],"version-history":[{"count":1,"href":"https:\/\/dobrezrodla.com\/index.php?rest_route=\/wp\/v2\/posts\/10086\/revisions"}],"predecessor-version":[{"id":10087,"href":"https:\/\/dobrezrodla.com\/index.php?rest_route=\/wp\/v2\/posts\/10086\/revisions\/10087"}],"wp:attachment":[{"href":"https:\/\/dobrezrodla.com\/index.php?rest_route=%2Fwp%2Fv2%2Fmedia&parent=10086"}],"wp:term":[{"taxonomy":"category","embeddable":true,"href":"https:\/\/dobrezrodla.com\/index.php?rest_route=%2Fwp%2Fv2%2Fcategories&post=10086"},{"taxonomy":"post_tag","embeddable":true,"href":"https:\/\/dobrezrodla.com\/index.php?rest_route=%2Fwp%2Fv2%2Ftags&post=10086"}],"curies":[{"name":"wp","href":"https:\/\/api.w.org\/{rel}","templated":true}]}}