{"id":10094,"date":"2025-11-26T20:32:07","date_gmt":"2025-11-26T20:32:07","guid":{"rendered":"https:\/\/dobrezrodla.com\/?p=10094"},"modified":"2025-11-26T20:32:07","modified_gmt":"2025-11-26T20:32:07","slug":"tusk-nie-owija-w-bawelne-nie-ma-juz-swietych-krow-po-wejsciu-cba-do-fundacji-rydzyka-mocny-sygnal-z-rzadu","status":"publish","type":"post","link":"https:\/\/dobrezrodla.com\/?p=10094","title":{"rendered":"Tusk nie owija w bawe\u0142n\u0119: \u201eNie ma ju\u017c \u015bwi\u0119tych kr\u00f3w\u201d. Po wej\u015bciu CBA do fundacji Rydzyka \u2013 mocny sygna\u0142 z rz\u0105du"},"content":{"rendered":"\n<p>Po wej\u015bciu agent\u00f3w CBA do siedziby Fundacji \u201eLux Veritatis\u201d ojca Tadeusza Rydzyka, g\u0142os zabra\u0142 sam premier Donald Tusk. Jego wpis w mediach spo\u0142eczno\u015bciowych by\u0142 jednoznaczny:<\/p>\n\n\n\n<p> \u201eRozliczenia wchodz\u0105 w decyduj\u0105c\u0105 faz\u0119. Pa\u0144stwo dzia\u0142a cierpliwie, konsekwentnie i zgodnie z prawem. Nie ma ju\u017c \u015bwi\u0119tych kr\u00f3w. Niewinni nie maj\u0105 si\u0119 czego obawia\u0107. Winni jak najbardziej\u201d.<\/p>\n\n\n\n<p>CBA zabezpieczy\u0142o dokumenty w \u015bledztwie dotycz\u0105cym mo\u017cliwych nieprawid\u0142owo\u015bci przy wydatkowaniu \u015brodk\u00f3w z Funduszu Sprawiedliwo\u015bci, a tak\u017ce finansowania Muzeum <\/p>\n\n\n\n<p>\u201ePami\u0119\u0107 i To\u017csamo\u015b\u0107\u201d w Toruniu. Sprawa dotyczy r\u00f3wnie\u017c by\u0142ego ministra kultury \u2013 to w\u0142a\u015bnie jego dzia\u0142aniom przygl\u0105daj\u0105 si\u0119 \u015bledczy. Ojciec Rydzyk zosta\u0142 wezwany na przes\u0142uchanie na 8 grudnia.<\/p>\n\n\n\n<p>Ale to dopiero pocz\u0105tek. Premier odnosi\u0142 si\u0119 nie tylko do fundacji Rydzyka \u2013 w tle s\u0105 te\u017c powa\u017cne zarzuty wobec Zbigniewa Ziobry. Prokurator generalny chce postawi\u0107 mu kilkadziesi\u0105t zarzut\u00f3w. Mowa o mo\u017cliwym przekroczeniu uprawnie\u0144 i dzia\u0142aniu na szkod\u0119 interesu publicznego. Sejm mo\u017ce wkr\u00f3tce zdecydowa\u0107, czy by\u0142y minister stanie przed Trybuna\u0142em Stanu.<\/p>\n\n\n\n<p>Rzecznik rz\u0105du Adam Sz\u0142apka zapowiada, \u017ce Trybuna\u0142 to jedno, ale realna kara mo\u017ce przyj\u015b\u0107 w wyniku post\u0119powania karnego. \u2013 To b\u0119dzie du\u017co bardziej dotkliwe \u2013 zaznacza.<\/p>\n\n\n\n<p>Wszystko wskazuje na to, \u017ce rozpocz\u0105\u0142 si\u0119 czas politycznych i prawnych rozlicze\u0144 \u2013 i nikt nie jest poza zasi\u0119giem.<\/p>\n","protected":false},"excerpt":{"rendered":"<p>Po wej\u015bciu agent\u00f3w CBA do siedziby Fundacji \u201eLux Veritatis\u201d ojca Tadeusza Rydzyka, g\u0142os zabra\u0142 sam premier Donald Tusk. Jego wpis w mediach spo\u0142eczno\u015bciowych by\u0142 jednoznaczny: \u201eRozliczenia wchodz\u0105 w decyduj\u0105c\u0105 faz\u0119. Pa\u0144stwo dzia\u0142a cierpliwie, konsekwentnie i zgodnie z prawem. Nie ma ju\u017c \u015bwi\u0119tych kr\u00f3w. Niewinni nie maj\u0105 si\u0119 czego obawia\u0107. Winni jak najbardziej\u201d. CBA zabezpieczy\u0142o dokumenty &#8230; <a title=\"Tusk nie owija w bawe\u0142n\u0119: \u201eNie ma ju\u017c \u015bwi\u0119tych kr\u00f3w\u201d. Po wej\u015bciu CBA do fundacji Rydzyka \u2013 mocny sygna\u0142 z rz\u0105du\" class=\"read-more\" href=\"https:\/\/dobrezrodla.com\/?p=10094\" aria-label=\"Read more about Tusk nie owija w bawe\u0142n\u0119: \u201eNie ma ju\u017c \u015bwi\u0119tych kr\u00f3w\u201d. Po wej\u015bciu CBA do fundacji Rydzyka \u2013 mocny sygna\u0142 z rz\u0105du\">Read more<\/a><\/p>\n","protected":false},"author":1,"featured_media":0,"comment_status":"open","ping_status":"open","sticky":false,"template":"","format":"standard","meta":{"footnotes":""},"categories":[1],"tags":[],"class_list":["post-10094","post","type-post","status-publish","format-standard","hentry","category-uncategorized"],"_links":{"self":[{"href":"https:\/\/dobrezrodla.com\/index.php?rest_route=\/wp\/v2\/posts\/10094","targetHints":{"allow":["GET"]}}],"collection":[{"href":"https:\/\/dobrezrodla.com\/index.php?rest_route=\/wp\/v2\/posts"}],"about":[{"href":"https:\/\/dobrezrodla.com\/index.php?rest_route=\/wp\/v2\/types\/post"}],"author":[{"embeddable":true,"href":"https:\/\/dobrezrodla.com\/index.php?rest_route=\/wp\/v2\/users\/1"}],"replies":[{"embeddable":true,"href":"https:\/\/dobrezrodla.com\/index.php?rest_route=%2Fwp%2Fv2%2Fcomments&post=10094"}],"version-history":[{"count":1,"href":"https:\/\/dobrezrodla.com\/index.php?rest_route=\/wp\/v2\/posts\/10094\/revisions"}],"predecessor-version":[{"id":10095,"href":"https:\/\/dobrezrodla.com\/index.php?rest_route=\/wp\/v2\/posts\/10094\/revisions\/10095"}],"wp:attachment":[{"href":"https:\/\/dobrezrodla.com\/index.php?rest_route=%2Fwp%2Fv2%2Fmedia&parent=10094"}],"wp:term":[{"taxonomy":"category","embeddable":true,"href":"https:\/\/dobrezrodla.com\/index.php?rest_route=%2Fwp%2Fv2%2Fcategories&post=10094"},{"taxonomy":"post_tag","embeddable":true,"href":"https:\/\/dobrezrodla.com\/index.php?rest_route=%2Fwp%2Fv2%2Ftags&post=10094"}],"curies":[{"name":"wp","href":"https:\/\/api.w.org\/{rel}","templated":true}]}}