{"id":10096,"date":"2025-11-26T20:32:37","date_gmt":"2025-11-26T20:32:37","guid":{"rendered":"https:\/\/dobrezrodla.com\/?p=10096"},"modified":"2025-11-26T20:32:38","modified_gmt":"2025-11-26T20:32:38","slug":"nawrocki-chce-zburzyc-unijny-porzadek-w-pradze-zaprezentowal-plan-ktory-moze-wstrzasnac-bruksela","status":"publish","type":"post","link":"https:\/\/dobrezrodla.com\/?p=10096","title":{"rendered":"Nawrocki chce zburzy\u0107 unijny porz\u0105dek? W Pradze zaprezentowa\u0142 plan, kt\u00f3ry mo\u017ce wstrz\u0105sn\u0105\u0107 Bruksel\u0105"},"content":{"rendered":"\n<p>Prezydent Karol Nawrocki nie gryzie si\u0119 w j\u0119zyk \u2013 podczas wyk\u0142adu na Uniwersytecie Karola w Pradze zaprezentowa\u0142 \u201epolski program dla Unii Europejskiej\u201d, kt\u00f3ry kwestionuje kluczowe elementy obecnego systemu funkcjonowania Wsp\u00f3lnoty. <\/p>\n\n\n\n<p>G\u0142\u00f3wna teza? Zatrzyma\u0107 centralizacj\u0119, przywr\u00f3ci\u0107 pe\u0142ni\u0119 suwerenno\u015bci pa\u0144stwom cz\u0142onkowskim.<\/p>\n\n\n\n<p>Nawrocki otwarcie skrytykowa\u0142 kierunek, w jakim zmierza UE. Jego zdaniem wi\u0119ksza integracja oznacza realne odebranie wp\u0142ywu mniejszym krajom i oddanie decyzyjno\u015bci dw\u00f3m najwi\u0119kszym pa\u0144stwom cz\u0142onkowskim. \u2013 Kraje UE maj\u0105 by\u0107 panami traktat\u00f3w, a nie ich zak\u0142adnikami \u2013 grzmia\u0142.<\/p>\n\n\n\n<p>W\u015br\u00f3d jego najdalej id\u0105cych postulat\u00f3w znalaz\u0142o si\u0119&#8230; <strong>zniesienie stanowiska przewodnicz\u0105cego Rady Europejskiej<\/strong>.<\/p>\n\n\n\n<p> Prezydent argumentowa\u0142, \u017ce najwy\u017csze unijne funkcje powinny by\u0107 pe\u0142nione przez polityk\u00f3w z demokratycznym mandatem, a nie przez \u201eurz\u0119dnik\u00f3w-biurokrat\u00f3w zale\u017cnych od wielkich mocarstw\u201d. Podobne zarzuty pad\u0142y pod adresem szefa unijnej dyplomacji.<\/p>\n\n\n\n<p>Prezydent zaproponowa\u0142 te\u017c, by wr\u00f3ci\u0107 do modelu rotacyjnej prezydencji pa\u0144stw cz\u0142onkowskich w UE, zachowa\u0107 zasad\u0119 jednomy\u015blno\u015bci, zablokowa\u0107 mo\u017cliwo\u015b\u0107 wybierania komisarzy bez zgody kraj\u00f3w cz\u0142onkowskich i ograniczy\u0107 zasi\u0119g kompetencji Brukseli tylko do kilku konkretnych dziedzin, takich jak gospodarka i demografia.<\/p>\n\n\n\n<p>Nawrocki nie ukrywa\u0142 r\u00f3wnie\u017c niech\u0119ci wobec rosn\u0105cej roli UE w sprawach obronnych, oskar\u017caj\u0105c Bruksel\u0119 o pr\u00f3b\u0119 konkurowania z NATO i faworyzowanie Francji i Niemiec kosztem pa\u0144stw wschodniej flanki.<\/p>\n\n\n\n<p>Cho\u0107 prezydent zapewnia, \u017ce Polska wspiera cz\u0142onkostwo w UE, to jednocze\u015bnie twardo podkre\u015bla, \u017ce sprawy ustrojowe, s\u0105downictwo i bezpiecze\u0144stwo to wy\u0142\u0105cznie domena pa\u0144stw narodowych.<\/p>\n","protected":false},"excerpt":{"rendered":"<p>Prezydent Karol Nawrocki nie gryzie si\u0119 w j\u0119zyk \u2013 podczas wyk\u0142adu na Uniwersytecie Karola w Pradze zaprezentowa\u0142 \u201epolski program dla Unii Europejskiej\u201d, kt\u00f3ry kwestionuje kluczowe elementy obecnego systemu funkcjonowania Wsp\u00f3lnoty. G\u0142\u00f3wna teza? Zatrzyma\u0107 centralizacj\u0119, przywr\u00f3ci\u0107 pe\u0142ni\u0119 suwerenno\u015bci pa\u0144stwom cz\u0142onkowskim. Nawrocki otwarcie skrytykowa\u0142 kierunek, w jakim zmierza UE. Jego zdaniem wi\u0119ksza integracja oznacza realne odebranie wp\u0142ywu &#8230; <a title=\"Nawrocki chce zburzy\u0107 unijny porz\u0105dek? W Pradze zaprezentowa\u0142 plan, kt\u00f3ry mo\u017ce wstrz\u0105sn\u0105\u0107 Bruksel\u0105\" class=\"read-more\" href=\"https:\/\/dobrezrodla.com\/?p=10096\" aria-label=\"Read more about Nawrocki chce zburzy\u0107 unijny porz\u0105dek? W Pradze zaprezentowa\u0142 plan, kt\u00f3ry mo\u017ce wstrz\u0105sn\u0105\u0107 Bruksel\u0105\">Read more<\/a><\/p>\n","protected":false},"author":1,"featured_media":0,"comment_status":"open","ping_status":"open","sticky":false,"template":"","format":"standard","meta":{"footnotes":""},"categories":[1],"tags":[],"class_list":["post-10096","post","type-post","status-publish","format-standard","hentry","category-uncategorized"],"_links":{"self":[{"href":"https:\/\/dobrezrodla.com\/index.php?rest_route=\/wp\/v2\/posts\/10096","targetHints":{"allow":["GET"]}}],"collection":[{"href":"https:\/\/dobrezrodla.com\/index.php?rest_route=\/wp\/v2\/posts"}],"about":[{"href":"https:\/\/dobrezrodla.com\/index.php?rest_route=\/wp\/v2\/types\/post"}],"author":[{"embeddable":true,"href":"https:\/\/dobrezrodla.com\/index.php?rest_route=\/wp\/v2\/users\/1"}],"replies":[{"embeddable":true,"href":"https:\/\/dobrezrodla.com\/index.php?rest_route=%2Fwp%2Fv2%2Fcomments&post=10096"}],"version-history":[{"count":1,"href":"https:\/\/dobrezrodla.com\/index.php?rest_route=\/wp\/v2\/posts\/10096\/revisions"}],"predecessor-version":[{"id":10097,"href":"https:\/\/dobrezrodla.com\/index.php?rest_route=\/wp\/v2\/posts\/10096\/revisions\/10097"}],"wp:attachment":[{"href":"https:\/\/dobrezrodla.com\/index.php?rest_route=%2Fwp%2Fv2%2Fmedia&parent=10096"}],"wp:term":[{"taxonomy":"category","embeddable":true,"href":"https:\/\/dobrezrodla.com\/index.php?rest_route=%2Fwp%2Fv2%2Fcategories&post=10096"},{"taxonomy":"post_tag","embeddable":true,"href":"https:\/\/dobrezrodla.com\/index.php?rest_route=%2Fwp%2Fv2%2Ftags&post=10096"}],"curies":[{"name":"wp","href":"https:\/\/api.w.org\/{rel}","templated":true}]}}