{"id":1037,"date":"2025-07-11T05:01:46","date_gmt":"2025-07-11T05:01:46","guid":{"rendered":"https:\/\/dobrezrodla.com\/?p=1037"},"modified":"2025-07-11T05:01:46","modified_gmt":"2025-07-11T05:01:46","slug":"nicusor-dan-contesta-la-curtea-constitutionala-legea-privind-propaganda-legionara-controverse-majore-legate-de-ambiguitatea-termenilor","status":"publish","type":"post","link":"https:\/\/dobrezrodla.com\/?p=1037","title":{"rendered":"Nicu\u0219or Dan contest\u0103 la Curtea Constitu\u021bional\u0103 legea privind propaganda legionar\u0103. Controverse majore legate de ambiguitatea termenilor"},"content":{"rendered":"<p>Pre\u0219edintele Rom\u00e2niei, Nicu\u0219or Dan, a sesizat oficial Curtea Constitu\u021bional\u0103 \u00een leg\u0103tur\u0103 cu legea care modific\u0103 Ordonan\u021ba de urgen\u021b\u0103 nr. 31\/2002, ce vizeaz\u0103 interzicerea organiza\u021biilor, simbolurilor \u0219i faptelor cu caracter fascist, legionar, rasist sau xenofob. \u0218eful statului reclam\u0103 probleme grave de constitu\u021bionalitate, invoc\u00e2nd lipsa de claritate \u0219i riscul unor interpret\u0103ri abuzive.<\/p>\n<p>CCR urmeaz\u0103 s\u0103 dezbat\u0103 aceast\u0103 sesizare pe 17 iulie 2025.<\/p>\n<p>Actul normativ aduce complet\u0103ri importante, inclusiv incriminarea organiza\u021biilor cu caracter legionar, al\u0103turi de cele deja men\u021bionate anterior \u2013 fasciste, rasiste \u0219i xenofobe. Noile prevederi stabilesc pedepse de la 3 la 10 ani de \u00eenchisoare pentru ini\u021bierea, sprijinirea sau aderarea la astfel de organiza\u021bii.<\/p>\n<p>Totodat\u0103, sunt sanc\u021bionate \u0219i distribuirea de materiale considerate a promova astfel de idei, cu pedepse cuprinse \u00eentre 1 \u0219i 5 ani.<\/p>\n<p>Pre\u0219edintele Rom\u00e2niei sus\u021bine c\u0103 legea creeaz\u0103 incertitudine juridic\u0103 \u0219i riscuri pentru libertatea de exprimare. \u00cen sesizarea trimis\u0103 Cur\u021bii, se atrage aten\u021bia c\u0103 termenii utiliza\u021bi \u2013 precum \u201elegionar\u201d, \u201efascist\u201d, \u201emateriale fasciste sau legionare\u201d \u2013 sunt nedefini\u021bi sau insuficient explica\u021bi, ceea ce ar putea duce la interpret\u0103ri arbitrare.<\/p>\n<p>\u201eNo\u021biunea de organiza\u021bie cu caracter legionar nu este clar\u0103. Nu se precizeaz\u0103 dac\u0103 e vorba de denumirea organiza\u021biei, scopurile sale, concep\u021biile membrilor sau ac\u021biunile \u00eentreprinse. \u00cen plus, nici \u00een Ordonan\u021b\u0103, nici \u00een Lege nu este definit cu exactitate ce \u00eenseamn\u0103 acest caracter legionar\u201d, se arat\u0103 \u00een document.<\/p>\n<p>Sesizarea preziden\u021bial\u0103 semnaleaz\u0103 c\u0103, \u00een lipsa unor delimit\u0103ri clare, texte literare sau articole istorice care con\u021bin idei considerate xenofobe ar putea fi \u00eencadrate abuziv \u00een noile prevederi. Este men\u021bionat chiar cazul lui Mihai Eminescu, ale c\u0103rui scrieri au fost invocate ca exemplu de con\u021binut susceptibil de a fi interpretat \u00een mod problematic.<\/p>\n<p>\u201eF\u0103r\u0103 o clarificare a no\u021biunii de material fascist sau legionar, orice text care face referire la astfel de idei \u2013 inclusiv \u00een scop academic sau literar \u2013 ar putea deveni ilegal. Asta creeaz\u0103 un precedent periculos pentru libertatea de exprimare\u201d, avertizeaz\u0103 \u0219eful statului.<\/p>\n<p>Un alt punct criticat este faptul c\u0103 nu este indicat\u0103 institu\u021bia competent\u0103 care poate decide dac\u0103 o organiza\u021bie are caracter fascist, legionar, rasist sau xenofob. Aceast\u0103 lacun\u0103 legislativ\u0103 poate duce la decizii contradictorii \u00eentre instan\u021be sau \u00eentre diverse autorit\u0103\u021bi ale statului.<\/p>\n<p>Ini\u021biativa legislativ\u0103 \u00eei apar\u021bine deputatului Silviu Vexler \u0219i a fost votat\u0103 de Senat \u0219i Camera Deputa\u021bilor \u00een luna iunie. Totu\u0219i, forma final\u0103 a st\u00e2rnit reac\u021bii dure din partea opozi\u021biei parlamentare. Partidele AUR, SOS Rom\u00e2nia \u0219i POT au contestat \u0219i ele legea la CCR, invoc\u00e2nd \u00eenc\u0103lcarea unor articole fundamentale din Constitu\u021bie, cum ar fi:<\/p>\n<p>Curtea Constitu\u021bional\u0103 va analiza toate sesiz\u0103rile pe 17 iulie. \u00cen func\u021bie de decizie, legea ar putea fi \u00eentoars\u0103 \u00een Parlament pentru reexaminare sau declarat\u0103 constitu\u021bional\u0103 \u00een forma actual\u0103.<\/p>\n","protected":false},"excerpt":{"rendered":"<p>Pre\u0219edintele Rom\u00e2niei, Nicu\u0219or Dan, a sesizat oficial Curtea Constitu\u021bional\u0103 \u00een leg\u0103tur\u0103 cu legea care modific\u0103 Ordonan\u021ba de urgen\u021b\u0103 nr. 31\/2002, ce vizeaz\u0103 interzicerea organiza\u021biilor, simbolurilor \u0219i faptelor cu caracter fascist, legionar, rasist sau xenofob. \u0218eful statului reclam\u0103 probleme grave de constitu\u021bionalitate, invoc\u00e2nd lipsa de claritate \u0219i riscul unor interpret\u0103ri abuzive. CCR urmeaz\u0103 s\u0103 dezbat\u0103 aceast\u0103 &#8230; <a title=\"Nicu\u0219or Dan contest\u0103 la Curtea Constitu\u021bional\u0103 legea privind propaganda legionar\u0103. Controverse majore legate de ambiguitatea termenilor\" class=\"read-more\" href=\"https:\/\/dobrezrodla.com\/?p=1037\" aria-label=\"Read more about Nicu\u0219or Dan contest\u0103 la Curtea Constitu\u021bional\u0103 legea privind propaganda legionar\u0103. Controverse majore legate de ambiguitatea termenilor\">Read more<\/a><\/p>\n","protected":false},"author":1,"featured_media":1036,"comment_status":"closed","ping_status":"open","sticky":false,"template":"","format":"standard","meta":{"footnotes":""},"categories":[1],"tags":[],"class_list":["post-1037","post","type-post","status-publish","format-standard","has-post-thumbnail","hentry","category-uncategorized"],"_links":{"self":[{"href":"https:\/\/dobrezrodla.com\/index.php?rest_route=\/wp\/v2\/posts\/1037","targetHints":{"allow":["GET"]}}],"collection":[{"href":"https:\/\/dobrezrodla.com\/index.php?rest_route=\/wp\/v2\/posts"}],"about":[{"href":"https:\/\/dobrezrodla.com\/index.php?rest_route=\/wp\/v2\/types\/post"}],"author":[{"embeddable":true,"href":"https:\/\/dobrezrodla.com\/index.php?rest_route=\/wp\/v2\/users\/1"}],"replies":[{"embeddable":true,"href":"https:\/\/dobrezrodla.com\/index.php?rest_route=%2Fwp%2Fv2%2Fcomments&post=1037"}],"version-history":[{"count":1,"href":"https:\/\/dobrezrodla.com\/index.php?rest_route=\/wp\/v2\/posts\/1037\/revisions"}],"predecessor-version":[{"id":1038,"href":"https:\/\/dobrezrodla.com\/index.php?rest_route=\/wp\/v2\/posts\/1037\/revisions\/1038"}],"wp:featuredmedia":[{"embeddable":true,"href":"https:\/\/dobrezrodla.com\/index.php?rest_route=\/wp\/v2\/media\/1036"}],"wp:attachment":[{"href":"https:\/\/dobrezrodla.com\/index.php?rest_route=%2Fwp%2Fv2%2Fmedia&parent=1037"}],"wp:term":[{"taxonomy":"category","embeddable":true,"href":"https:\/\/dobrezrodla.com\/index.php?rest_route=%2Fwp%2Fv2%2Fcategories&post=1037"},{"taxonomy":"post_tag","embeddable":true,"href":"https:\/\/dobrezrodla.com\/index.php?rest_route=%2Fwp%2Fv2%2Ftags&post=1037"}],"curies":[{"name":"wp","href":"https:\/\/api.w.org\/{rel}","templated":true}]}}