{"id":10496,"date":"2025-12-01T12:25:08","date_gmt":"2025-12-01T12:25:08","guid":{"rendered":"https:\/\/dobrezrodla.com\/?p=10496"},"modified":"2025-12-01T12:25:09","modified_gmt":"2025-12-01T12:25:09","slug":"to-starcie-przejdzie-do-historii-dwoch-ludzi-dwa-swiaty-dwie-wizje-polski-z-jednej-strony-lech-walesa-symbol-walki-z-komunizmem-laureat-pokojowej-nagrody-nobla-czlowiek-ktorego-twarz-zna-caly","status":"publish","type":"post","link":"https:\/\/dobrezrodla.com\/?p=10496","title":{"rendered":"To starcie przejdzie do historii. Dw\u00f3ch ludzi, dwa \u015bwiaty, dwie wizje Polski. Z jednej strony Lech Wa\u0142\u0119sa, symbol walki z komunizmem, laureat pokojowej nagrody Nobla, cz\u0142owiek, kt\u00f3rego twarz zna ca\u0142y \u015bwiat."},"content":{"rendered":"\n<p>To starcie przejdzie do historii. Dw\u00f3ch ludzi, dwa \u015bwiaty, dwie wizje Polski. Z jednej strony Lech Wa\u0142\u0119sa, symbol walki z komunizmem, laureat pokojowej nagrody Nobla, cz\u0142owiek, kt\u00f3rego twarz zna ca\u0142y \u015bwiat. Z drugiej Karol Nawrocki, prezydent Nowego pokolenia, historyk, kt\u00f3ry m\u00f3wi o prawdzie bez tabu, nie boj\u0105c si\u0119 podwa\u017ca\u0107 starych mit\u00f3w.<br>Od miesi\u0119cy mi\u0119dzy nimi iskrzy\u0142o, ale ostatnie wydarzenia sprawi\u0142y, \u017ce ten konflikt eksplodowa\u0142 z ca\u0142\u0105 moc\u0105. Wa\u0142\u0119sa uderzy\u0142 pierwszy i to bez lito\u015bci. Nazwisko Nawrockiego pad\u0142o w jednym zdaniu z okre\u015bleniem brudny \u017cyciorys. To nie by\u0142a polityczna aluzja. To by\u0142 cios w samo serce reputacji urz\u0119duj\u0105cego prezydenta.<br>Ale wtedy sta\u0142o si\u0119 co\u015b, czego nikt si\u0119 nie spodziewa\u0142. Karol Nawrocki nie tylko odpowiedzia\u0142. On rozjecha\u0142 Wa\u0142\u0119s\u0119 publicznie z zimn\u0105 precyzj\u0105 w miejscu \u015bwi\u0119tym dla Solidarno\u015bci. Tam gdzie zacz\u0119\u0142a si\u0119 wolno\u015b\u0107 pad\u0142y s\u0142owa, kt\u00f3re mog\u0142y j\u0105 na nowo zdefiniowa\u0107. Zosta\u0144cie do ko\u0144ca, bo w tym filmie ujawnimy ca\u0142\u0105 prawd\u0119 o tym starciu, kulisy politycznej zemsty i ukryt\u0105 wojn\u0105 o pami\u0119\u0107, jaka dzi\u015b rozdziera Polsk\u0119.<\/p>\n\n\n\n<p>Zanim zaczniemy, nie zapomnijcie polubi\u0107 tego wideo i zasubskrybowa\u0107 nasz kana\u0142, aby nie przegapi\u0107 najnowszych tre\u015bci. Nie zapomnijcie te\u017c nacisn\u0105\u0107 ikony dzwonka, aby jako pierwsi otrzymywa\u0107 powiadomienia o nowych wideo. Zaczynajmy. Wszystko zacz\u0119\u0142o si\u0119 w studiu TVP Info. Lech Wa\u0142\u0119sa bez ogr\u00f3dek, bez dyplomacji wypali\u0142 to, co o nim wiadomo z medi\u00f3w wystarczy, by powiedzie\u0107, \u017ce jest brudny.<\/p>\n\n\n\n<p>Pad\u0142o nazwisko Karola Nawrockiego. Dziennikarz o nieemia\u0142. Publiczno\u015b\u0107 w sieci eksplodowa\u0142a. Tak ostrego ataku nie s\u0142yszano od dawna. Wa\u0142\u0119sa nazwa\u0142 \u017cyciorys Nawrockiego gorsz\u0105cym, dodaj\u0105c, \u017ce tacy ludzie nie mog\u0105 wychowywa\u0107 m\u0142odych patriot\u00f3w. Dla wielu to by\u0142 szok, ale te\u017c znak, \u017ce Wa\u0142\u0119sa wci\u0105\u017c walczy o swoj\u0105 legend\u0119, bo przecie\u017c \u015brodowisko Nawrockiego, dawny IPN, historycy C\u0119ckiewicz i G\u0105tarczyk od lat pisz\u0105 o dokumentach, kt\u00f3re maj\u0105 obala\u0107 mit nieskazitelnego bohatera z Gda\u0144ska.<br>Wa\u0142\u0119sa posun\u0105\u0142 si\u0119 jeszcze dalej. zaatakowa\u0142 S\u0142awomira Cenckiewicza, twierdz\u0105c, \u017ce podrobi\u0142 ca\u0142\u0105 dokumentacj\u0119 i \u017ce kiedy\u015b zostanie rozliczony. W tym samym zdaniu pad\u0142o nazwisko Nawrockiego, jakby mia\u0142 by\u0107 cz\u0119\u015bci\u0105 tej samej antywa\u0142\u0119sowej intrygi. Odpowied\u017a Nawrockiego. Publiczny nokaut. Kilka tygodni p\u00f3\u017aniej, pod koniec sierpnia, Gda\u0144sk.<\/p>\n\n\n\n<p>Uroczyste obchody rocznicy porozumie\u0144 sierpniowych. To miejsce, symbol narodowej jedno\u015bci i buntu przeciw komunie, tym razem sta\u0142o si\u0119 aren\u0105 cichej wojny o pami\u0119\u0107. Na sali dzia\u0142acze Solidarno\u015bci, politycy, historycy, wszyscy czekali, czy Nawrocki odniesie si\u0119 do s\u0142\u00f3w Wa\u0142\u0119sy. I wtedy sta\u0142o si\u0119. Z kamienn\u0105 twarz\u0105, spokojnym tonem Nawrocki powiedzia\u0142 s\u0142owa, kt\u00f3re rozleg\u0142y si\u0119 jak grzmot nad Gda\u0144skiem.<br>W tej historii jest te\u017c przewodnicz\u0105cy Solidarno\u015bci Lech Wa\u0142\u0119sa, o kt\u00f3rym nie mo\u017cemy zapomina\u0107, bo poddaliby\u015bmy si\u0119 historycznej amnezji. By\u0142 przewodnicz\u0105cym Solidarno\u015bci. Ale nikt nie zabroni nam opisywa\u0107 rzetelnie i m\u00f3wi\u0107 prawd\u0119, kim by\u0142 Lech Wa\u0142\u0119sa. Nie by\u0142o krzyku, nie by\u0142o emocji. By\u0142a ch\u0142odna pewno\u015b\u0107 i moc przekonania, kt\u00f3ra przebi\u0142a wszystkie wcze\u015bniejsze ataki. Publiczno\u015b\u0107 o nieemia\u0142a.<br>To by\u0142o jak symboliczne zdj\u0119cie aurei z g\u0142owy Wa\u0142\u0119sy.<\/p>\n\n\n\n<p>Po latach politycznych k\u0142\u00f3tni to w\u0142a\u015bnie tu, w sercu Solidarno\u015bci pad\u0142o zdanie, kt\u00f3re mo\u017ce na zawsze zmieni\u0107 spos\u00f3b w jaki Polacy patrz\u0105 na swoj\u0105 przesz\u0142o\u015b\u0107. dzi\u0119kczynienie i prowokacja. Nawrocki poszed\u0142 dalej. Publicznie podzi\u0119kowa\u0142 S\u0142awomirowi Cenckiewiczowi, historykowi, kt\u00f3rego Wa\u0142\u0119sa oskar\u017ca\u0142 o fa\u0142szowanie akt SB.<\/p>\n\n\n\n<p>Nazwisko Cenckiewicza pad\u0142o jako przyk\u0142ad rzetelnej pracy historycznej i odwagi w m\u00f3wieniu prawdy. To by\u0142o jak celowe w\u0142o\u017cenie palca w ran\u0119. Zgromadzeni na sali wiedzieli, \u017ce to nie przypadek. To by\u0142a jawna demonstracja si\u0142y. Nawrocki pokaza\u0142, \u017ce nie cofnie si\u0119 przed niczym, \u017ce nie pozwoli, by historia by\u0142a pisana tylko przez tych, kt\u00f3rzy chc\u0105 j\u0105 wybieli\u0107 i \u017ce nawet legenda Wa\u0142\u0119sy nie jest ponad krytyk\u0119.<\/p>\n\n\n\n<p>Ta konfrontacja to nie tylko sp\u00f3r dw\u00f3ch ludzi. To wojna pokole\u0144, wojna narracji, wojna o dusze polskiej historii. Z jednej strony Lech Wa\u0142\u0119sa, cz\u0142owiek, kt\u00f3ry dla wielu jest wci\u0105\u017c ikon\u0105 wolno\u015bci. Z drugiej Karol Nawrocki, kt\u00f3ry twierdzi, \u017ce bez prawdy nawet tej najtrudniejszej nie ma wolnej Polski. To zderzenie jest brutalne, emocjonalne i dla wielu niewygodne, bo jak m\u00f3wi sam Nawrocki, wolno\u015b\u0107 bez warto\u015bci jest pust\u0105 form\u0105.<\/p>\n\n\n\n<p>Czy wi\u0119c Polska jest gotowa na now\u0105 wersj\u0119 swojej historii? Czy jeste\u015bmy w stanie spojrze\u0107 w lustro, wiedz\u0105c, \u017ce nawet nasi bohaterowie mieli ciemne strony? Ta sprawa nie ucichnie, bo ka\u017cde wyst\u0105pienie Wa\u0142\u0119sy, ka\u017cdy wywiad Nawrockiego to kolejny rozdzia\u0142 w tej bezlitosnej wojnie o pami\u0119\u0107. I jedno jest pewne, po tym, co si\u0119 wydarzy\u0142o w Gda\u0144sku, mit Lecha Wa\u0142\u0119sy ju\u017c nigdy nie b\u0119dzie taki sam.<br>A wy po czyjej stronie jeste\u015bcie? Po stronie legendy, kt\u00f3ra stworz<\/p>\n\n\n\n<p>y\u0142a Solidarno\u015b\u0107, czy prezydenta, kt\u00f3ry odwa\u017cy\u0142 si\u0119 m\u00f3wi\u0107 prawd\u0119. Mimo \u017ce wszyscy ka\u017c\u0105 milcze\u0107, piszcie w komentarzach. Zostawcie \u0142apk\u0119 w g\u00f3r\u0119, je\u015bli chcecie, \u017ceby Polska przesta\u0142a ba\u0107 si\u0119 w\u0142asnej historii. Subskrybujcie kana\u0142, bo ju\u017c w kolejnym materiale ujawnimy kulisy politycznej wojny Wa\u0142\u0119sy z IPNem, o kt\u00f3rych media milcz\u0105.<br>&gt;&gt; Nie zapomnij zasubskrybowa\u0107. M.<\/p>\n","protected":false},"excerpt":{"rendered":"<p>To starcie przejdzie do historii. Dw\u00f3ch ludzi, dwa \u015bwiaty, dwie wizje Polski. Z jednej strony Lech Wa\u0142\u0119sa, symbol walki z komunizmem, laureat pokojowej nagrody Nobla, cz\u0142owiek, kt\u00f3rego twarz zna ca\u0142y \u015bwiat. Z drugiej Karol Nawrocki, prezydent Nowego pokolenia, historyk, kt\u00f3ry m\u00f3wi o prawdzie bez tabu, nie boj\u0105c si\u0119 podwa\u017ca\u0107 starych mit\u00f3w.Od miesi\u0119cy mi\u0119dzy nimi iskrzy\u0142o, &#8230; <a title=\"To starcie przejdzie do historii. Dw\u00f3ch ludzi, dwa \u015bwiaty, dwie wizje Polski. Z jednej strony Lech Wa\u0142\u0119sa, symbol walki z komunizmem, laureat pokojowej nagrody Nobla, cz\u0142owiek, kt\u00f3rego twarz zna ca\u0142y \u015bwiat.\" class=\"read-more\" href=\"https:\/\/dobrezrodla.com\/?p=10496\" aria-label=\"Read more about To starcie przejdzie do historii. Dw\u00f3ch ludzi, dwa \u015bwiaty, dwie wizje Polski. Z jednej strony Lech Wa\u0142\u0119sa, symbol walki z komunizmem, laureat pokojowej nagrody Nobla, cz\u0142owiek, kt\u00f3rego twarz zna ca\u0142y \u015bwiat.\">Read more<\/a><\/p>\n","protected":false},"author":1,"featured_media":0,"comment_status":"open","ping_status":"open","sticky":false,"template":"","format":"standard","meta":{"footnotes":""},"categories":[1],"tags":[],"class_list":["post-10496","post","type-post","status-publish","format-standard","hentry","category-uncategorized"],"_links":{"self":[{"href":"https:\/\/dobrezrodla.com\/index.php?rest_route=\/wp\/v2\/posts\/10496","targetHints":{"allow":["GET"]}}],"collection":[{"href":"https:\/\/dobrezrodla.com\/index.php?rest_route=\/wp\/v2\/posts"}],"about":[{"href":"https:\/\/dobrezrodla.com\/index.php?rest_route=\/wp\/v2\/types\/post"}],"author":[{"embeddable":true,"href":"https:\/\/dobrezrodla.com\/index.php?rest_route=\/wp\/v2\/users\/1"}],"replies":[{"embeddable":true,"href":"https:\/\/dobrezrodla.com\/index.php?rest_route=%2Fwp%2Fv2%2Fcomments&post=10496"}],"version-history":[{"count":1,"href":"https:\/\/dobrezrodla.com\/index.php?rest_route=\/wp\/v2\/posts\/10496\/revisions"}],"predecessor-version":[{"id":10498,"href":"https:\/\/dobrezrodla.com\/index.php?rest_route=\/wp\/v2\/posts\/10496\/revisions\/10498"}],"wp:attachment":[{"href":"https:\/\/dobrezrodla.com\/index.php?rest_route=%2Fwp%2Fv2%2Fmedia&parent=10496"}],"wp:term":[{"taxonomy":"category","embeddable":true,"href":"https:\/\/dobrezrodla.com\/index.php?rest_route=%2Fwp%2Fv2%2Fcategories&post=10496"},{"taxonomy":"post_tag","embeddable":true,"href":"https:\/\/dobrezrodla.com\/index.php?rest_route=%2Fwp%2Fv2%2Ftags&post=10496"}],"curies":[{"name":"wp","href":"https:\/\/api.w.org\/{rel}","templated":true}]}}