{"id":10528,"date":"2025-12-01T12:52:01","date_gmt":"2025-12-01T12:52:01","guid":{"rendered":"https:\/\/dobrezrodla.com\/?p=10528"},"modified":"2025-12-01T12:52:01","modified_gmt":"2025-12-01T12:52:01","slug":"ukraina-chwali-decyzje-prezydenta-polski-dziekujemy-polsko-mocny-sygnal-wobec-orbana-i-putina","status":"publish","type":"post","link":"https:\/\/dobrezrodla.com\/?p=10528","title":{"rendered":"Ukraina chwali decyzj\u0119 prezydenta Polski. &#8220;Dzi\u0119kujemy, Polsko!&#8221; \u2013 mocny sygna\u0142 wobec Orb\u00e1na i Putina"},"content":{"rendered":"\n<p>Prezydent Karol Nawrocki zmodyfikowa\u0142 plan swojej wizyty na W\u0119grzech \u2013 i nie jest to przypadek. G\u0142owa pa\u0144stwa we\u017amie udzia\u0142 w szczycie Grupy Wyszehradzkiej, ale\u2026 nie spotka si\u0119 z premierem Viktorem Orb\u00e1nem. Oficjalny pow\u00f3d? Jego spotkanie z W\u0142adimirem Putinem na Kremlu.<\/p>\n\n\n\n<p>Ta decyzja nie przesz\u0142a bez echa za nasz\u0105 wschodni\u0105 granic\u0105. Szef ukrai\u0144skiej dyplomacji Andrij Sybiha nie kry\u0142 uznania dla postawy Polski. \u2013 To dobra decyzja. Pokazuje twarde stanowisko i silne poczucie solidarno\u015bci. Dzi\u0119kujemy, Polsko \u2013 napisa\u0142 w mediach spo\u0142eczno\u015bciowych.<\/p>\n\n\n\n<p>To reakcja na komunikat szefa Biura Polityki Mi\u0119dzynarodowej Marcina Przydacza, kt\u00f3ry og\u0142osi\u0142 ograniczenie programu wizyty prezydenta. Ruch ten zosta\u0142 odebrany jako czytelny sygna\u0142 \u2013 Polska nie chce legitymizowa\u0107 dzia\u0142a\u0144 Orb\u00e1na, kt\u00f3ry coraz cz\u0119\u015bciej flirtuje z Kremlem.<\/p>\n\n\n\n<p>Nawrocki ma pojawi\u0107 si\u0119 w Budapeszcie w \u015brod\u0119. Zamiast kurtuazyjnych gest\u00f3w wobec Orb\u00e1na, Polska stawia na demonstracj\u0119 jedno\u015bci z Ukrain\u0105 i sprzeciw wobec prorosyjskich tendencji w regionie.<\/p>\n","protected":false},"excerpt":{"rendered":"<p>Prezydent Karol Nawrocki zmodyfikowa\u0142 plan swojej wizyty na W\u0119grzech \u2013 i nie jest to przypadek. G\u0142owa pa\u0144stwa we\u017amie udzia\u0142 w szczycie Grupy Wyszehradzkiej, ale\u2026 nie spotka si\u0119 z premierem Viktorem Orb\u00e1nem. Oficjalny pow\u00f3d? Jego spotkanie z W\u0142adimirem Putinem na Kremlu. Ta decyzja nie przesz\u0142a bez echa za nasz\u0105 wschodni\u0105 granic\u0105. Szef ukrai\u0144skiej dyplomacji Andrij Sybiha &#8230; <a title=\"Ukraina chwali decyzj\u0119 prezydenta Polski. &#8220;Dzi\u0119kujemy, Polsko!&#8221; \u2013 mocny sygna\u0142 wobec Orb\u00e1na i Putina\" class=\"read-more\" href=\"https:\/\/dobrezrodla.com\/?p=10528\" aria-label=\"Read more about Ukraina chwali decyzj\u0119 prezydenta Polski. &#8220;Dzi\u0119kujemy, Polsko!&#8221; \u2013 mocny sygna\u0142 wobec Orb\u00e1na i Putina\">Read more<\/a><\/p>\n","protected":false},"author":1,"featured_media":0,"comment_status":"open","ping_status":"open","sticky":false,"template":"","format":"standard","meta":{"footnotes":""},"categories":[1],"tags":[],"class_list":["post-10528","post","type-post","status-publish","format-standard","hentry","category-uncategorized"],"_links":{"self":[{"href":"https:\/\/dobrezrodla.com\/index.php?rest_route=\/wp\/v2\/posts\/10528","targetHints":{"allow":["GET"]}}],"collection":[{"href":"https:\/\/dobrezrodla.com\/index.php?rest_route=\/wp\/v2\/posts"}],"about":[{"href":"https:\/\/dobrezrodla.com\/index.php?rest_route=\/wp\/v2\/types\/post"}],"author":[{"embeddable":true,"href":"https:\/\/dobrezrodla.com\/index.php?rest_route=\/wp\/v2\/users\/1"}],"replies":[{"embeddable":true,"href":"https:\/\/dobrezrodla.com\/index.php?rest_route=%2Fwp%2Fv2%2Fcomments&post=10528"}],"version-history":[{"count":1,"href":"https:\/\/dobrezrodla.com\/index.php?rest_route=\/wp\/v2\/posts\/10528\/revisions"}],"predecessor-version":[{"id":10529,"href":"https:\/\/dobrezrodla.com\/index.php?rest_route=\/wp\/v2\/posts\/10528\/revisions\/10529"}],"wp:attachment":[{"href":"https:\/\/dobrezrodla.com\/index.php?rest_route=%2Fwp%2Fv2%2Fmedia&parent=10528"}],"wp:term":[{"taxonomy":"category","embeddable":true,"href":"https:\/\/dobrezrodla.com\/index.php?rest_route=%2Fwp%2Fv2%2Fcategories&post=10528"},{"taxonomy":"post_tag","embeddable":true,"href":"https:\/\/dobrezrodla.com\/index.php?rest_route=%2Fwp%2Fv2%2Ftags&post=10528"}],"curies":[{"name":"wp","href":"https:\/\/api.w.org\/{rel}","templated":true}]}}