{"id":10580,"date":"2025-12-01T19:48:15","date_gmt":"2025-12-01T19:48:15","guid":{"rendered":"https:\/\/dobrezrodla.com\/?p=10580"},"modified":"2025-12-01T19:48:16","modified_gmt":"2025-12-01T19:48:16","slug":"wegierskie-media-grzmia-po-decyzji-nawrockiego-skandaliczne-zerwanie-spotkania-z-orbanem","status":"publish","type":"post","link":"https:\/\/dobrezrodla.com\/?p=10580","title":{"rendered":"W\u0119gierskie media grzmi\u0105 po decyzji Nawrockiego: &#8220;Skandaliczne zerwanie spotkania z Orbanem&#8221;"},"content":{"rendered":"\n<p>Decyzja prezydenta Karola Nawrockiego o odwo\u0142aniu spotkania z Viktorem Orbanem podczas szczytu Grupy Wyszehradzkiej w Ostrzyhomiu odbi\u0142a si\u0119 szerokim echem na W\u0119grzech. Jak poinformowa\u0142 Marcin Przydacz, szef Biura Polityki Mi\u0119dzynarodowej, prezydent RP ograniczy\u0142 swoj\u0105 wizyt\u0119 wy\u0142\u0105cznie do oficjalnych obrad prezydent\u00f3w V4, rezygnuj\u0105c z osobistych rozm\u00f3w z premierem W\u0119gier.<\/p>\n\n\n\n<p>Powodem by\u0142o niedawne spotkanie Orbana z W\u0142adimirem Putinem w Moskwie. W\u0119gierskie media nie kryj\u0105 oburzenia \u2013 szczeg\u00f3lnie prorz\u0105dowe portale, kt\u00f3re zgodnie uzna\u0142y decyzj\u0119 Nawrockiego za \u201eskandaliczn\u0105\u201d.<\/p>\n\n\n\n<p>Portal Nyugati Feny zwr\u00f3ci\u0142 uwag\u0119, \u017ce tym razem inicjatorem politycznego sprzeciwu wobec Orbana nie by\u0142 Donald Tusk, lecz Karol Nawrocki \u2013 dot\u0105d postrzegany jako osoba mu przychylna. \u201eSkandal: Prezydent Polski odm\u00f3wi\u0142 spotkania z Orbanem po jego wizycie u Putina\u201d \u2013 grzmi tytu\u0142 artyku\u0142u.<\/p>\n\n\n\n<p>Konserwatywny Mandiner oceni\u0142 ruch polskiego prezydenta jako \u201e\u017ca\u0142osny\u201d, twierdz\u0105c, \u017ce w 2025 roku gest ten ma mniejsze znaczenie ni\u017c kilka lat wcze\u015bniej. Portal podkre\u015bli\u0142, \u017ce Nawrocki i tak pozostaje obecny na szczycie V4 i spotka si\u0119 z innymi liderami regionu.<\/p>\n\n\n\n<p>Economx z kolei dostrzeg\u0142 w decyzji jasny sygna\u0142 \u2013 Polska stawia na jedno\u015b\u0107 Grupy Wyszehradzkiej, ale nie zamierza przymyka\u0107 oka na flirty z Kremlem.<\/p>\n","protected":false},"excerpt":{"rendered":"<p>Decyzja prezydenta Karola Nawrockiego o odwo\u0142aniu spotkania z Viktorem Orbanem podczas szczytu Grupy Wyszehradzkiej w Ostrzyhomiu odbi\u0142a si\u0119 szerokim echem na W\u0119grzech. Jak poinformowa\u0142 Marcin Przydacz, szef Biura Polityki Mi\u0119dzynarodowej, prezydent RP ograniczy\u0142 swoj\u0105 wizyt\u0119 wy\u0142\u0105cznie do oficjalnych obrad prezydent\u00f3w V4, rezygnuj\u0105c z osobistych rozm\u00f3w z premierem W\u0119gier. Powodem by\u0142o niedawne spotkanie Orbana z W\u0142adimirem &#8230; <a title=\"W\u0119gierskie media grzmi\u0105 po decyzji Nawrockiego: &#8220;Skandaliczne zerwanie spotkania z Orbanem&#8221;\" class=\"read-more\" href=\"https:\/\/dobrezrodla.com\/?p=10580\" aria-label=\"Read more about W\u0119gierskie media grzmi\u0105 po decyzji Nawrockiego: &#8220;Skandaliczne zerwanie spotkania z Orbanem&#8221;\">Read more<\/a><\/p>\n","protected":false},"author":1,"featured_media":0,"comment_status":"open","ping_status":"open","sticky":false,"template":"","format":"standard","meta":{"footnotes":""},"categories":[1],"tags":[],"class_list":["post-10580","post","type-post","status-publish","format-standard","hentry","category-uncategorized"],"_links":{"self":[{"href":"https:\/\/dobrezrodla.com\/index.php?rest_route=\/wp\/v2\/posts\/10580","targetHints":{"allow":["GET"]}}],"collection":[{"href":"https:\/\/dobrezrodla.com\/index.php?rest_route=\/wp\/v2\/posts"}],"about":[{"href":"https:\/\/dobrezrodla.com\/index.php?rest_route=\/wp\/v2\/types\/post"}],"author":[{"embeddable":true,"href":"https:\/\/dobrezrodla.com\/index.php?rest_route=\/wp\/v2\/users\/1"}],"replies":[{"embeddable":true,"href":"https:\/\/dobrezrodla.com\/index.php?rest_route=%2Fwp%2Fv2%2Fcomments&post=10580"}],"version-history":[{"count":1,"href":"https:\/\/dobrezrodla.com\/index.php?rest_route=\/wp\/v2\/posts\/10580\/revisions"}],"predecessor-version":[{"id":10581,"href":"https:\/\/dobrezrodla.com\/index.php?rest_route=\/wp\/v2\/posts\/10580\/revisions\/10581"}],"wp:attachment":[{"href":"https:\/\/dobrezrodla.com\/index.php?rest_route=%2Fwp%2Fv2%2Fmedia&parent=10580"}],"wp:term":[{"taxonomy":"category","embeddable":true,"href":"https:\/\/dobrezrodla.com\/index.php?rest_route=%2Fwp%2Fv2%2Fcategories&post=10580"},{"taxonomy":"post_tag","embeddable":true,"href":"https:\/\/dobrezrodla.com\/index.php?rest_route=%2Fwp%2Fv2%2Ftags&post=10580"}],"curies":[{"name":"wp","href":"https:\/\/api.w.org\/{rel}","templated":true}]}}