{"id":10584,"date":"2025-12-01T19:50:55","date_gmt":"2025-12-01T19:50:55","guid":{"rendered":"https:\/\/dobrezrodla.com\/?p=10584"},"modified":"2025-12-01T19:50:55","modified_gmt":"2025-12-01T19:50:55","slug":"donald-tusk-do-niemcow-w-sprawie-zadoscuczynienia-dla-ofiar-wojny-pospieszcie-sie-jesli-chcecie-wykonac-taki-gest","status":"publish","type":"post","link":"https:\/\/dobrezrodla.com\/?p=10584","title":{"rendered":"Donald Tusk do Niemc\u00f3w w sprawie zado\u015b\u0107uczynienia dla ofiar wojny: pospieszcie si\u0119, je\u015bli chcecie wykona\u0107 taki gest"},"content":{"rendered":"\n<p>Premier Donald Tusk podczas wizyty w Berlinie zaapelowa\u0142 do rz\u0105du Niemiec o szybkie i jednoznaczne dzia\u0142ania w sprawie wyp\u0142at zado\u015b\u0107uczynie\u0144 dla \u017cyj\u0105cych ofiar II wojny \u015bwiatowej z Polski. \u2013 Pospieszcie si\u0119, je\u015bli naprawd\u0119 chcecie wykona\u0107 taki gest \u2013 powiedzia\u0142 Tusk na wsp\u00f3lnej konferencji prasowej z kanclerzem Friedrichem Merzem.<\/p>\n\n\n\n<p>Szef polskiego rz\u0105du zaznaczy\u0142, \u017ce je\u015bli Niemcy nie podejm\u0105 konkretnych dzia\u0142a\u0144, Polska rozwa\u017cy samodzielne zaspokojenie tej potrzeby ze \u015brodk\u00f3w krajowych. Tusk wyra\u017anie zaznaczy\u0142, \u017ce Polska nigdy nie otrzyma\u0142a realnego zado\u015b\u0107uczynienia, a zrzeczenie si\u0119 reparacji w latach 50. nie mia\u0142o demokratycznego mandatu.<\/p>\n\n\n\n<p>Friedrich Merz odpowiedzia\u0142, \u017ce z niemieckiego punktu widzenia temat reparacji jest prawnie i politycznie zamkni\u0119ty, ale podkre\u015bli\u0142 otwarto\u015b\u0107 na rozmowy i dalsze formy upami\u0119tnienia.<\/p>\n\n\n\n<p>Tusk przypomnia\u0142, \u017ce wed\u0142ug szacunk\u00f3w fundacji Polsko-Niemieckie Pojednanie \u017cyje jeszcze oko\u0142o 50 tysi\u0119cy bezpo\u015brednich ofiar II wojny \u015bwiatowej w Polsce. Podkre\u015bli\u0142, \u017ce czas na dzia\u0142anie jest ograniczony \u2013 wielu z tych ludzi nie ma ju\u017c si\u0142y czeka\u0107.<\/p>\n\n\n\n<p>W tle pozostaje niemiecka propozycja symbolicznego wsparcia w wysoko\u015bci 200 milion\u00f3w euro, wcze\u015bniej przez Warszaw\u0119 uznana za dalece niewystarczaj\u0105c\u0105.<\/p>\n","protected":false},"excerpt":{"rendered":"<p>Premier Donald Tusk podczas wizyty w Berlinie zaapelowa\u0142 do rz\u0105du Niemiec o szybkie i jednoznaczne dzia\u0142ania w sprawie wyp\u0142at zado\u015b\u0107uczynie\u0144 dla \u017cyj\u0105cych ofiar II wojny \u015bwiatowej z Polski. \u2013 Pospieszcie si\u0119, je\u015bli naprawd\u0119 chcecie wykona\u0107 taki gest \u2013 powiedzia\u0142 Tusk na wsp\u00f3lnej konferencji prasowej z kanclerzem Friedrichem Merzem. Szef polskiego rz\u0105du zaznaczy\u0142, \u017ce je\u015bli Niemcy &#8230; <a title=\"Donald Tusk do Niemc\u00f3w w sprawie zado\u015b\u0107uczynienia dla ofiar wojny: pospieszcie si\u0119, je\u015bli chcecie wykona\u0107 taki gest\" class=\"read-more\" href=\"https:\/\/dobrezrodla.com\/?p=10584\" aria-label=\"Read more about Donald Tusk do Niemc\u00f3w w sprawie zado\u015b\u0107uczynienia dla ofiar wojny: pospieszcie si\u0119, je\u015bli chcecie wykona\u0107 taki gest\">Read more<\/a><\/p>\n","protected":false},"author":1,"featured_media":0,"comment_status":"open","ping_status":"open","sticky":false,"template":"","format":"standard","meta":{"footnotes":""},"categories":[1],"tags":[],"class_list":["post-10584","post","type-post","status-publish","format-standard","hentry","category-uncategorized"],"_links":{"self":[{"href":"https:\/\/dobrezrodla.com\/index.php?rest_route=\/wp\/v2\/posts\/10584","targetHints":{"allow":["GET"]}}],"collection":[{"href":"https:\/\/dobrezrodla.com\/index.php?rest_route=\/wp\/v2\/posts"}],"about":[{"href":"https:\/\/dobrezrodla.com\/index.php?rest_route=\/wp\/v2\/types\/post"}],"author":[{"embeddable":true,"href":"https:\/\/dobrezrodla.com\/index.php?rest_route=\/wp\/v2\/users\/1"}],"replies":[{"embeddable":true,"href":"https:\/\/dobrezrodla.com\/index.php?rest_route=%2Fwp%2Fv2%2Fcomments&post=10584"}],"version-history":[{"count":1,"href":"https:\/\/dobrezrodla.com\/index.php?rest_route=\/wp\/v2\/posts\/10584\/revisions"}],"predecessor-version":[{"id":10585,"href":"https:\/\/dobrezrodla.com\/index.php?rest_route=\/wp\/v2\/posts\/10584\/revisions\/10585"}],"wp:attachment":[{"href":"https:\/\/dobrezrodla.com\/index.php?rest_route=%2Fwp%2Fv2%2Fmedia&parent=10584"}],"wp:term":[{"taxonomy":"category","embeddable":true,"href":"https:\/\/dobrezrodla.com\/index.php?rest_route=%2Fwp%2Fv2%2Fcategories&post=10584"},{"taxonomy":"post_tag","embeddable":true,"href":"https:\/\/dobrezrodla.com\/index.php?rest_route=%2Fwp%2Fv2%2Ftags&post=10584"}],"curies":[{"name":"wp","href":"https:\/\/api.w.org\/{rel}","templated":true}]}}