{"id":10586,"date":"2025-12-01T19:52:04","date_gmt":"2025-12-01T19:52:04","guid":{"rendered":"https:\/\/dobrezrodla.com\/?p=10586"},"modified":"2025-12-01T19:52:05","modified_gmt":"2025-12-01T19:52:05","slug":"poczucie-ze-wojna-jest-realna-mozliwoscia-zmienia-europejska-polityke","status":"publish","type":"post","link":"https:\/\/dobrezrodla.com\/?p=10586","title":{"rendered":"Poczucie, \u017ce wojna jest realn\u0105 mo\u017cliwo\u015bci\u0105 zmienia europejsk\u0105 polityk\u0119"},"content":{"rendered":"\n<p>Genera\u0142 Fabien Mandon, szef francuskiego sztabu generalnego, wywo\u0142a\u0142 polityczn\u0105 burz\u0119, ostrzegaj\u0105c, \u017ce Rosja mo\u017ce przygotowywa\u0107 si\u0119 do wojny z Zachodem w ci\u0105gu najbli\u017cszych pi\u0119ciu lat. Jego s\u0142owa o braku \u201ehartu ducha\u201d we francuskim spo\u0142ecze\u0144stwie i potrzebie po\u015bwi\u0119ce\u0144 w imi\u0119 obrony kraju spotka\u0142y si\u0119 z ostr\u0105 krytyk\u0105 francuskich polityk\u00f3w \u2013 zar\u00f3wno z lewej, jak i prawej strony.<\/p>\n\n\n\n<p>Cho\u0107 rz\u0105d pr\u00f3bowa\u0142 \u0142agodzi\u0107 przekaz, sugeruj\u0105c, \u017ce Francuzi nie b\u0119d\u0105 gin\u0105\u0107 w Ukrainie, francuskie media podkre\u015blaj\u0105, \u017ce administracja Macrona od miesi\u0119cy przygotowuje opini\u0119 publiczn\u0105 na realno\u015b\u0107 nowych zagro\u017ce\u0144 geopolitycznych. I nie tylko Francja budzi si\u0119 z \u201epokoju po zimnej wojnie\u201d. W ca\u0142ej Unii Europejskiej ro\u015bnie \u015bwiadomo\u015b\u0107, \u017ce czas bezczynno\u015bci dobieg\u0142 ko\u0144ca.<\/p>\n\n\n\n<p>Europa patrzy z niepokojem na wojn\u0119 w Ukrainie, rewizjonistyczn\u0105 polityk\u0119 Rosji i niepewno\u015b\u0107 zwi\u0105zan\u0105 z powrotem Donalda Trumpa do w\u0142adzy. Genera\u0142owie z Francji i Szwecji ostrzegaj\u0105 \u2013 Rosja mo\u017ce przetestowa\u0107 artyku\u0142 5. NATO, a ewentualny brak reakcji USA by\u0142by najwi\u0119kszym zwyci\u0119stwem Putina od czas\u00f3w Czeczenii.<\/p>\n\n\n\n<p>W reakcji na to niemiecki rz\u0105d szykuje najwi\u0119ksze od dekad zbrojenia \u2013 planuj\u0105c wzrost liczby rezerwist\u00f3w i przywr\u00f3cenie dobrowolnej s\u0142u\u017cby wojskowej. Podobne decyzje zapadaj\u0105 w Belgii, Holandii i we Francji. Cho\u0107 spo\u0142ecze\u0144stwa nie s\u0105 jeszcze gotowe mentalnie na powr\u00f3t poboru, przyw\u00f3dcy polityczni widz\u0105 w tym nie tylko konieczno\u015b\u0107 militarn\u0105, ale i spos\u00f3b na odbudowanie wsp\u00f3lnoty narodowej.<\/p>\n\n\n\n<p>Jednak ten zwrot w stron\u0119 obronno\u015bci mo\u017ce sta\u0107 si\u0119 paliwem dla populist\u00f3w. Skrajna prawica i lewica ju\u017c teraz oskar\u017caj\u0105 rz\u0105dy o \u201emilitaryzowanie spo\u0142ecze\u0144stwa\u201d i \u201epopychanie kraj\u00f3w do wojny\u201d. Wykorzystuj\u0105c dezinformacj\u0119, mog\u0105 podwa\u017ca\u0107 zaufanie do instytucji i jedno\u015b\u0107 spo\u0142ecze\u0144stw w czasie, gdy Europa najbardziej potrzebuje sp\u00f3jno\u015bci.<\/p>\n\n\n\n<p>Polska, cho\u0107 wyprzedzi\u0142a wielu s\u0105siad\u00f3w w kwestii zbroje\u0144, nie jest wolna od tych napi\u0119\u0107. Spo\u0142ecze\u0144stwo jest podatne na dezinformacj\u0119, a polityczna polaryzacja os\u0142abia odporno\u015b\u0107 pa\u0144stwa. Wsp\u00f3lna europejska strategia staje si\u0119 wi\u0119c nie tylko po\u017c\u0105dana \u2013 staje si\u0119 konieczno\u015bci\u0105.<\/p>\n","protected":false},"excerpt":{"rendered":"<p>Genera\u0142 Fabien Mandon, szef francuskiego sztabu generalnego, wywo\u0142a\u0142 polityczn\u0105 burz\u0119, ostrzegaj\u0105c, \u017ce Rosja mo\u017ce przygotowywa\u0107 si\u0119 do wojny z Zachodem w ci\u0105gu najbli\u017cszych pi\u0119ciu lat. Jego s\u0142owa o braku \u201ehartu ducha\u201d we francuskim spo\u0142ecze\u0144stwie i potrzebie po\u015bwi\u0119ce\u0144 w imi\u0119 obrony kraju spotka\u0142y si\u0119 z ostr\u0105 krytyk\u0105 francuskich polityk\u00f3w \u2013 zar\u00f3wno z lewej, jak i prawej &#8230; <a title=\"Poczucie, \u017ce wojna jest realn\u0105 mo\u017cliwo\u015bci\u0105 zmienia europejsk\u0105 polityk\u0119\" class=\"read-more\" href=\"https:\/\/dobrezrodla.com\/?p=10586\" aria-label=\"Read more about Poczucie, \u017ce wojna jest realn\u0105 mo\u017cliwo\u015bci\u0105 zmienia europejsk\u0105 polityk\u0119\">Read more<\/a><\/p>\n","protected":false},"author":1,"featured_media":0,"comment_status":"open","ping_status":"open","sticky":false,"template":"","format":"standard","meta":{"footnotes":""},"categories":[1],"tags":[],"class_list":["post-10586","post","type-post","status-publish","format-standard","hentry","category-uncategorized"],"_links":{"self":[{"href":"https:\/\/dobrezrodla.com\/index.php?rest_route=\/wp\/v2\/posts\/10586","targetHints":{"allow":["GET"]}}],"collection":[{"href":"https:\/\/dobrezrodla.com\/index.php?rest_route=\/wp\/v2\/posts"}],"about":[{"href":"https:\/\/dobrezrodla.com\/index.php?rest_route=\/wp\/v2\/types\/post"}],"author":[{"embeddable":true,"href":"https:\/\/dobrezrodla.com\/index.php?rest_route=\/wp\/v2\/users\/1"}],"replies":[{"embeddable":true,"href":"https:\/\/dobrezrodla.com\/index.php?rest_route=%2Fwp%2Fv2%2Fcomments&post=10586"}],"version-history":[{"count":1,"href":"https:\/\/dobrezrodla.com\/index.php?rest_route=\/wp\/v2\/posts\/10586\/revisions"}],"predecessor-version":[{"id":10587,"href":"https:\/\/dobrezrodla.com\/index.php?rest_route=\/wp\/v2\/posts\/10586\/revisions\/10587"}],"wp:attachment":[{"href":"https:\/\/dobrezrodla.com\/index.php?rest_route=%2Fwp%2Fv2%2Fmedia&parent=10586"}],"wp:term":[{"taxonomy":"category","embeddable":true,"href":"https:\/\/dobrezrodla.com\/index.php?rest_route=%2Fwp%2Fv2%2Fcategories&post=10586"},{"taxonomy":"post_tag","embeddable":true,"href":"https:\/\/dobrezrodla.com\/index.php?rest_route=%2Fwp%2Fv2%2Ftags&post=10586"}],"curies":[{"name":"wp","href":"https:\/\/api.w.org\/{rel}","templated":true}]}}