{"id":10652,"date":"2025-12-02T13:30:18","date_gmt":"2025-12-02T13:30:18","guid":{"rendered":"https:\/\/dobrezrodla.com\/?p=10652"},"modified":"2025-12-02T13:30:18","modified_gmt":"2025-12-02T13:30:18","slug":"sikorski-ostro-o-prezydencie-zamiast-wspierac-ukraine-wali-w-europe","status":"publish","type":"post","link":"https:\/\/dobrezrodla.com\/?p=10652","title":{"rendered":"Sikorski ostro o prezydencie: &#8220;Zamiast wspiera\u0107 Ukrain\u0119, wali w Europ\u0119!&#8221;"},"content":{"rendered":"\n<p>Minister spraw zagranicznych Rados\u0142aw Sikorski zn\u00f3w uderza w Pa\u0142ac Prezydencki \u2013 tym razem oskar\u017caj\u0105c Karola Nawrockiego o sabotowanie relacji z Uni\u0105 Europejsk\u0105 i Ukrain\u0105. W emocjonalnym wpisie na platformach spo\u0142eczno\u015bciowych odni\u00f3s\u0142 si\u0119 do niedawnego wyst\u0105pienia prezydenta w Pradze, gdzie Nawrocki przedstawi\u0142 swoj\u0105 wizj\u0119 przysz\u0142o\u015bci UE, uderzaj\u0105c w idee jej centralizacji.<\/p>\n\n\n\n<p>Podczas wyk\u0142adu w czeskiej stolicy prezydent opowiedzia\u0142 si\u0119 m.in. za likwidacj\u0105 stanowiska przewodnicz\u0105cego Rady Europejskiej i zmian\u0105 systemu g\u0142osowania w Unii. Dla Sikorskiego to przekroczenie granicy: &#8220;Wojna za nasz\u0105 granic\u0105, mo\u017cliwy reset USA\u2013Rosja, a prezydent zamiast dzia\u0142a\u0107, atakuje Uni\u0119 i Ukrain\u0119&#8221; \u2013 grzmia\u0142 szef MSZ.<\/p>\n\n\n\n<p>To jednak nie koniec zarzut\u00f3w. Sikorski przypomnia\u0142 o parali\u017cu dyplomatycznym, jaki jego zdaniem pog\u0142\u0119bia Nawrocki, odmawiaj\u0105c zatwierdzenia kilkudziesi\u0119ciu nominacji ambasadorskich. &#8220;Nie, bo nie. Nie dzi\u0119kuj\u0119&#8221; \u2013 skwitowa\u0142 dosadnie, odnosz\u0105c si\u0119 do blokady m.in. w sprawie ambasador\u00f3w w Rzymie i Waszyngtonie.<\/p>\n\n\n\n<p>Sp\u00f3r o ambasador\u00f3w trwa od wiosny 2024 roku i mimo cz\u0119\u015bciowych ust\u0119pstw poprzedniego prezydenta, pat trwa. Nawrocki kontynuuje tward\u0105 lini\u0119, korzystaj\u0105c ze swojej prerogatywy konstytucyjnej, co skutkuje utrzymuj\u0105cym si\u0119 impasem mi\u0119dzy Pa\u0142acem Prezydenckim a MSZ.<\/p>\n","protected":false},"excerpt":{"rendered":"<p>Minister spraw zagranicznych Rados\u0142aw Sikorski zn\u00f3w uderza w Pa\u0142ac Prezydencki \u2013 tym razem oskar\u017caj\u0105c Karola Nawrockiego o sabotowanie relacji z Uni\u0105 Europejsk\u0105 i Ukrain\u0105. W emocjonalnym wpisie na platformach spo\u0142eczno\u015bciowych odni\u00f3s\u0142 si\u0119 do niedawnego wyst\u0105pienia prezydenta w Pradze, gdzie Nawrocki przedstawi\u0142 swoj\u0105 wizj\u0119 przysz\u0142o\u015bci UE, uderzaj\u0105c w idee jej centralizacji. Podczas wyk\u0142adu w czeskiej stolicy &#8230; <a title=\"Sikorski ostro o prezydencie: &#8220;Zamiast wspiera\u0107 Ukrain\u0119, wali w Europ\u0119!&#8221;\" class=\"read-more\" href=\"https:\/\/dobrezrodla.com\/?p=10652\" aria-label=\"Read more about Sikorski ostro o prezydencie: &#8220;Zamiast wspiera\u0107 Ukrain\u0119, wali w Europ\u0119!&#8221;\">Read more<\/a><\/p>\n","protected":false},"author":1,"featured_media":0,"comment_status":"open","ping_status":"open","sticky":false,"template":"","format":"standard","meta":{"footnotes":""},"categories":[1],"tags":[],"class_list":["post-10652","post","type-post","status-publish","format-standard","hentry","category-uncategorized"],"_links":{"self":[{"href":"https:\/\/dobrezrodla.com\/index.php?rest_route=\/wp\/v2\/posts\/10652","targetHints":{"allow":["GET"]}}],"collection":[{"href":"https:\/\/dobrezrodla.com\/index.php?rest_route=\/wp\/v2\/posts"}],"about":[{"href":"https:\/\/dobrezrodla.com\/index.php?rest_route=\/wp\/v2\/types\/post"}],"author":[{"embeddable":true,"href":"https:\/\/dobrezrodla.com\/index.php?rest_route=\/wp\/v2\/users\/1"}],"replies":[{"embeddable":true,"href":"https:\/\/dobrezrodla.com\/index.php?rest_route=%2Fwp%2Fv2%2Fcomments&post=10652"}],"version-history":[{"count":1,"href":"https:\/\/dobrezrodla.com\/index.php?rest_route=\/wp\/v2\/posts\/10652\/revisions"}],"predecessor-version":[{"id":10653,"href":"https:\/\/dobrezrodla.com\/index.php?rest_route=\/wp\/v2\/posts\/10652\/revisions\/10653"}],"wp:attachment":[{"href":"https:\/\/dobrezrodla.com\/index.php?rest_route=%2Fwp%2Fv2%2Fmedia&parent=10652"}],"wp:term":[{"taxonomy":"category","embeddable":true,"href":"https:\/\/dobrezrodla.com\/index.php?rest_route=%2Fwp%2Fv2%2Fcategories&post=10652"},{"taxonomy":"post_tag","embeddable":true,"href":"https:\/\/dobrezrodla.com\/index.php?rest_route=%2Fwp%2Fv2%2Ftags&post=10652"}],"curies":[{"name":"wp","href":"https:\/\/api.w.org\/{rel}","templated":true}]}}