{"id":10658,"date":"2025-12-02T13:33:51","date_gmt":"2025-12-02T13:33:51","guid":{"rendered":"https:\/\/dobrezrodla.com\/?p=10658"},"modified":"2025-12-02T13:33:51","modified_gmt":"2025-12-02T13:33:51","slug":"nawrocki-kontra-tusk-ofiara-ma-placic-za-wlasne-cierpienie-to-absurd","status":"publish","type":"post","link":"https:\/\/dobrezrodla.com\/?p=10658","title":{"rendered":"Nawrocki kontra Tusk: &#8220;Ofiara ma p\u0142aci\u0107 za w\u0142asne cierpienie? To absurd!&#8221;"},"content":{"rendered":"\n<p>Prezydent Karol Nawrocki ostro zareagowa\u0142 na s\u0142owa premiera Donalda Tuska, kt\u00f3ry zapowiedzia\u0142 mo\u017cliwo\u015b\u0107 pokrycia odszkodowa\u0144 dla ofiar II wojny \u015bwiatowej ze \u015brodk\u00f3w krajowych, je\u015bli Niemcy nie z\u0142o\u017c\u0105 jasnej deklaracji w tej sprawie. &#8220;Wbrew logice, wbrew warto\u015bciom, wbrew historycznej prawdzie \u2013 to ofiary maj\u0105 p\u0142aci\u0107 za to, \u017ce by\u0142y prze\u015bladowane?&#8221; \u2013 napisa\u0142 prezydent na platformie X.<\/p>\n\n\n\n<p>Nawrocki nie ukrywa oburzenia: jego zdaniem pomys\u0142, by Polska sama pokrywa\u0142a koszty rekompensat, to cofni\u0119cie si\u0119 o dekady w zrozumieniu historycznej odpowiedzialno\u015bci. Przypomina, \u017ce to Niemcy byli agresorem i to oni powinni ponosi\u0107 konsekwencje.<\/p>\n\n\n\n<p>Tymczasem premier Tusk, podczas polsko-niemieckich konsultacji w Berlinie, wyrazi\u0142 frustracj\u0119 brakiem post\u0119pu w rozmowach z kanclerzem Friedrichem Merzem. Ten, zgodnie z lini\u0105 poprzednich rz\u0105d\u00f3w, uwa\u017ca spraw\u0119 reparacji za formalnie zamkni\u0119t\u0105. Tusk jednak nie zamierza odpuszcza\u0107. &#8220;Polacy nigdy nie zrzekli si\u0119 odszkodowa\u0144 z w\u0142asnej woli \u2013 przypomnijmy to Niemcom raz jeszcze&#8221; \u2013 powiedzia\u0142.<\/p>\n\n\n\n<p>Zar\u00f3wno Tusk, jak i Nawrocki m\u00f3wi\u0105 o potrzebie pomocy dla \u017cyj\u0105cych ofiar wojny \u2013 dzi\u015b jest ich ok. 50 tysi\u0119cy. Ale forma tej pomocy staje si\u0119 \u017ar\u00f3d\u0142em politycznego konfliktu: czy Polska ma si\u0119gn\u0105\u0107 do w\u0142asnej kieszeni, je\u015bli Berlin nie zadzia\u0142a?<\/p>\n","protected":false},"excerpt":{"rendered":"<p>Prezydent Karol Nawrocki ostro zareagowa\u0142 na s\u0142owa premiera Donalda Tuska, kt\u00f3ry zapowiedzia\u0142 mo\u017cliwo\u015b\u0107 pokrycia odszkodowa\u0144 dla ofiar II wojny \u015bwiatowej ze \u015brodk\u00f3w krajowych, je\u015bli Niemcy nie z\u0142o\u017c\u0105 jasnej deklaracji w tej sprawie. &#8220;Wbrew logice, wbrew warto\u015bciom, wbrew historycznej prawdzie \u2013 to ofiary maj\u0105 p\u0142aci\u0107 za to, \u017ce by\u0142y prze\u015bladowane?&#8221; \u2013 napisa\u0142 prezydent na platformie X. &#8230; <a title=\"Nawrocki kontra Tusk: &#8220;Ofiara ma p\u0142aci\u0107 za w\u0142asne cierpienie? To absurd!&#8221;\" class=\"read-more\" href=\"https:\/\/dobrezrodla.com\/?p=10658\" aria-label=\"Read more about Nawrocki kontra Tusk: &#8220;Ofiara ma p\u0142aci\u0107 za w\u0142asne cierpienie? To absurd!&#8221;\">Read more<\/a><\/p>\n","protected":false},"author":1,"featured_media":0,"comment_status":"open","ping_status":"open","sticky":false,"template":"","format":"standard","meta":{"footnotes":""},"categories":[1],"tags":[],"class_list":["post-10658","post","type-post","status-publish","format-standard","hentry","category-uncategorized"],"_links":{"self":[{"href":"https:\/\/dobrezrodla.com\/index.php?rest_route=\/wp\/v2\/posts\/10658","targetHints":{"allow":["GET"]}}],"collection":[{"href":"https:\/\/dobrezrodla.com\/index.php?rest_route=\/wp\/v2\/posts"}],"about":[{"href":"https:\/\/dobrezrodla.com\/index.php?rest_route=\/wp\/v2\/types\/post"}],"author":[{"embeddable":true,"href":"https:\/\/dobrezrodla.com\/index.php?rest_route=\/wp\/v2\/users\/1"}],"replies":[{"embeddable":true,"href":"https:\/\/dobrezrodla.com\/index.php?rest_route=%2Fwp%2Fv2%2Fcomments&post=10658"}],"version-history":[{"count":1,"href":"https:\/\/dobrezrodla.com\/index.php?rest_route=\/wp\/v2\/posts\/10658\/revisions"}],"predecessor-version":[{"id":10659,"href":"https:\/\/dobrezrodla.com\/index.php?rest_route=\/wp\/v2\/posts\/10658\/revisions\/10659"}],"wp:attachment":[{"href":"https:\/\/dobrezrodla.com\/index.php?rest_route=%2Fwp%2Fv2%2Fmedia&parent=10658"}],"wp:term":[{"taxonomy":"category","embeddable":true,"href":"https:\/\/dobrezrodla.com\/index.php?rest_route=%2Fwp%2Fv2%2Fcategories&post=10658"},{"taxonomy":"post_tag","embeddable":true,"href":"https:\/\/dobrezrodla.com\/index.php?rest_route=%2Fwp%2Fv2%2Ftags&post=10658"}],"curies":[{"name":"wp","href":"https:\/\/api.w.org\/{rel}","templated":true}]}}