{"id":10708,"date":"2025-12-03T08:52:48","date_gmt":"2025-12-03T08:52:48","guid":{"rendered":"https:\/\/dobrezrodla.com\/?p=10708"},"modified":"2025-12-03T08:52:48","modified_gmt":"2025-12-03T08:52:48","slug":"nigdy-nie-chcialam-przyciagac-wszystkich-spojrzen","status":"publish","type":"post","link":"https:\/\/dobrezrodla.com\/?p=10708","title":{"rendered":"Nigdy nie chcia\u0142am przyci\u0105ga\u0107 wszystkich spojrze\u0144."},"content":{"rendered":"\n<p>Wyruszy\u0142am wcze\u015bnie na targ, z szalikiem zawi\u0105zanym wok\u00f3\u0142 szyi i g\u0142ow\u0105 uniesion\u0105 do g\u00f3ry. Letnie powietrze pachnia\u0142o melonami i bazyli\u0105, a moje kroki mia\u0142y inny ci\u0119\u017car. Nie by\u0142am ju\u017c tylko babci\u0105. By\u0142am kobiet\u0105, kt\u00f3ra dopiero co sobie przypomnia\u0142a, kim jest.<\/p>\n\n\n\n<p>Po drodze zatrzyma\u0142am si\u0119 u krawcowej z s\u0105siedztwa, ciotki Ileany, kt\u00f3ra zdzia\u0142a\u0142a cuda z ig\u0142\u0105. Chcia\u0142am lekkiej sukienki w du\u017ce kwiaty, takiej jak te, kt\u00f3re nosi\u0142am jako ma\u0142a dziewczynka na wiejskich balach. Sukienka musia\u0142a co\u015b m\u00f3wi\u0107: \u201eJeszcze \u017cyj\u0119. I nie zamierzam si\u0119 ukrywa\u0107\u201d.<\/p>\n\n\n\n<p>Dwa dni p\u00f3\u017aniej, w weekend, ca\u0142a rodzina przyjecha\u0142a do nas. By\u0142y imieniny mojego m\u0119\u017ca, a w ogrodzie pachnia\u0142o grillem i piernikami. Mia\u0142am na sobie now\u0105 sukienk\u0119. T\u0119, kt\u00f3ra nie zakrywa\u0142a wszystkiego, ale te\u017c niczego nie ods\u0142ania\u0142a. Po prostu akceptowa\u0142a mnie tak\u0105, jaka jestem \u2013 gdzie\u015b pomi\u0119dzy godno\u015bci\u0105 a kobieco\u015bci\u0105.<\/p>\n\n\n\n<p>Andi, moja synowa, przysz\u0142a ostatnia. Wysiad\u0142a z samochodu, zarzuci\u0142a torb\u0119 na rami\u0119 i kiedy mnie zobaczy\u0142a, na chwil\u0119 zamar\u0142a. U\u015bmiechn\u0119\u0142a si\u0119 przelotnie, ale nic nie powiedzia\u0142a. Ale ja powiedzia\u0142am.<\/p>\n\n\n\n<p>\u2014 Cze\u015b\u0107, Andi. Widzia\u0142a\u015b to zdj\u0119cie z pla\u017cy? Dzi\u0119kuj\u0119, \u017ce mi przypomnia\u0142a\u015b, kim jestem.<\/p>\n\n\n\n<p>Mrugn\u0119\u0142a, zaskoczona. Nie wiedzia\u0142a, czy \u017cartuj\u0119, czy j\u0105 strofuj\u0119. Ja te\u017c nie wiedzia\u0142am dok\u0142adnie, co czuj\u0119. Po prostu nie chcia\u0142am ju\u017c d\u0142u\u017cej milcze\u0107.<\/p>\n\n\n\n<p>\u2014 Wiesz, na wsi moja mama zawsze m\u00f3wi\u0142a, \u017ce \u200b\u200bkobiety si\u0119 nie starzej\u0105. Po prostu zapuszczaj\u0105 g\u0142\u0119bsze korzenie. Kobieta, kt\u00f3ra przesz\u0142a przez \u017cycie, nie musi ukrywa\u0107 swojej sk\u00f3ry, zmarszczek ani u\u015bmiechu. S\u0105 dowodem na to, \u017ce kocha\u0142a, p\u0142aka\u0142a, wybacza\u0142a i d\u017awiga\u0142a ci\u0119\u017cary. A je\u015bli zdj\u0119cie w kostiumie k\u0105pielowym ci\u0119 roz\u015bmiesza, to mo\u017ce problemem nie jest sk\u00f3ra, ale oko, kt\u00f3re na ni\u0105 patrzy.<\/p>\n\n\n\n<p>Zamilk\u0142a. Spu\u015bci\u0142a wzrok. M\u00f3j syn \u2013 jej m\u0105\u017c \u2013 sta\u0142 za ni\u0105 w milczeniu. Po raz pierwszy widzia\u0142am, jak si\u0119 zawstydzi\u0142.<\/p>\n\n\n\n<p>\u2014 Przepraszam \u2014 mrukn\u0119\u0142a. \u2014 \u017bartowa\u0142am g\u0142upio\u2026<\/p>\n\n\n\n<p>Przechyli\u0142am g\u0142ow\u0119. Nie by\u0142am tam, \u017ceby j\u0105 upokorzy\u0107. Tylko \u017ceby j\u0105 obudzi\u0107. Bo pewnego dnia ona te\u017c b\u0119dzie na moim miejscu. I wtedy mo\u017ce sobie przypomni, \u017ce mia\u0142a te\u015bciow\u0105, kt\u00f3ra nie milcza\u0142a.<\/p>\n\n\n\n<p>Tego wieczoru moja wnuczka usiad\u0142a obok mnie na \u0142awce.<\/p>\n\n\n\n<p>\u2014 Babciu, jeste\u015b najpi\u0119kniejsz\u0105 staruszk\u0105 na \u015bwiecie \u2014 powiedzia\u0142a.<\/p>\n\n\n\n<p>Za\u015bmia\u0142am si\u0119. Nie dlatego, \u017ce to prawda. Ale dlatego, \u017ce w ko\u0144cu, w czyich\u015b oczach, nie by\u0142am ukryta.<\/p>\n\n\n\n<p>Nast\u0119pnego dnia wr\u00f3ci\u0142am do swoich nawyk\u00f3w z wi\u0119ksz\u0105 odwag\u0105. Posz\u0142am na basen z s\u0105siadami, zafarbowa\u0142am w\u0142osy, znowu zacz\u0119\u0142am malowa\u0107 usta. Nie po to, \u017ceby zaimponowa\u0107. Ale \u017ceby odnale\u017a\u0107 siebie.<\/p>\n\n\n\n<p>I tak, doda\u0142am to zdj\u0119cie z pla\u017cy na sw\u00f3j profil. Z prostym przes\u0142aniem:<\/p>\n\n\n\n<p>\u201eKobieta nie ucieka przed \u015bwiatem. Staje na jego czele, ca\u0142a sob\u0105\u201d.<\/p>\n\n\n\n<p>W ci\u0105gu godziny zebra\u0142a ponad 200 reakcji. W tym od Andi. Z komentarzem, kt\u00f3ry wzruszy\u0142 mnie do \u0142ez:<\/p>\n\n\n\n<p>\u201eZa szybko os\u0105dzi\u0142am. Dzi\u0119kuj\u0119, \u017ce pokaza\u0142a\u015b mi, co to znaczy by\u0107 prawdziw\u0105 kobiet\u0105\u201d.<\/p>\n\n\n\n<p>Zrozumia\u0142am wtedy, \u017ce ka\u017cde pokolenie ma swoje lekcje. Ale godno\u015bci\u2026 godno\u015bci uczy si\u0119, patrz\u0105c w oczy komu\u015b, kto nie chce pogr\u0105\u017cy\u0107 si\u0119 w milczeniu.<\/p>\n\n\n\n<p>Niniejsza praca jest inspirowana prawdziwymi wydarzeniami i postaciami, ale zosta\u0142a sfabrykowana dla cel\u00f3w tw\u00f3rczych. Imiona, postacie i szczeg\u00f3\u0142y zosta\u0142y zmienione w celu ochrony prywatno\u015bci i wzbogacenia narracji. Wszelkie podobie\u0144stwo do rzeczywistych os\u00f3b, \u017cywych lub zmar\u0142ych, lub do rzeczywistych wydarze\u0144 jest czysto przypadkowe i niezamierzone przez autork\u0119.<\/p>\n\n\n\n<p>Autor i wydawca nie ponosz\u0105 odpowiedzialno\u015bci za dok\u0142adno\u015b\u0107 wydarze\u0144 ani przedstawienie postaci i nie ponosz\u0105 odpowiedzialno\u015bci za jakiekolwiek b\u0142\u0119dne interpretacje. Niniejsza historia jest udost\u0119pniana \u201etak jak jest\u201d, a wszelkie wyra\u017cone w niej opinie s\u0105 opiniami postaci i nie odzwierciedlaj\u0105 pogl\u0105d\u00f3w autora ani wydawcy.<\/p>\n","protected":false},"excerpt":{"rendered":"<p>Wyruszy\u0142am wcze\u015bnie na targ, z szalikiem zawi\u0105zanym wok\u00f3\u0142 szyi i g\u0142ow\u0105 uniesion\u0105 do g\u00f3ry. Letnie powietrze pachnia\u0142o melonami i bazyli\u0105, a moje kroki mia\u0142y inny ci\u0119\u017car. Nie by\u0142am ju\u017c tylko babci\u0105. By\u0142am kobiet\u0105, kt\u00f3ra dopiero co sobie przypomnia\u0142a, kim jest. Po drodze zatrzyma\u0142am si\u0119 u krawcowej z s\u0105siedztwa, ciotki Ileany, kt\u00f3ra zdzia\u0142a\u0142a cuda z ig\u0142\u0105. &#8230; <a title=\"Nigdy nie chcia\u0142am przyci\u0105ga\u0107 wszystkich spojrze\u0144.\" class=\"read-more\" href=\"https:\/\/dobrezrodla.com\/?p=10708\" aria-label=\"Read more about Nigdy nie chcia\u0142am przyci\u0105ga\u0107 wszystkich spojrze\u0144.\">Read more<\/a><\/p>\n","protected":false},"author":1,"featured_media":0,"comment_status":"open","ping_status":"open","sticky":false,"template":"","format":"standard","meta":{"footnotes":""},"categories":[1],"tags":[],"class_list":["post-10708","post","type-post","status-publish","format-standard","hentry","category-uncategorized"],"_links":{"self":[{"href":"https:\/\/dobrezrodla.com\/index.php?rest_route=\/wp\/v2\/posts\/10708","targetHints":{"allow":["GET"]}}],"collection":[{"href":"https:\/\/dobrezrodla.com\/index.php?rest_route=\/wp\/v2\/posts"}],"about":[{"href":"https:\/\/dobrezrodla.com\/index.php?rest_route=\/wp\/v2\/types\/post"}],"author":[{"embeddable":true,"href":"https:\/\/dobrezrodla.com\/index.php?rest_route=\/wp\/v2\/users\/1"}],"replies":[{"embeddable":true,"href":"https:\/\/dobrezrodla.com\/index.php?rest_route=%2Fwp%2Fv2%2Fcomments&post=10708"}],"version-history":[{"count":1,"href":"https:\/\/dobrezrodla.com\/index.php?rest_route=\/wp\/v2\/posts\/10708\/revisions"}],"predecessor-version":[{"id":10709,"href":"https:\/\/dobrezrodla.com\/index.php?rest_route=\/wp\/v2\/posts\/10708\/revisions\/10709"}],"wp:attachment":[{"href":"https:\/\/dobrezrodla.com\/index.php?rest_route=%2Fwp%2Fv2%2Fmedia&parent=10708"}],"wp:term":[{"taxonomy":"category","embeddable":true,"href":"https:\/\/dobrezrodla.com\/index.php?rest_route=%2Fwp%2Fv2%2Fcategories&post=10708"},{"taxonomy":"post_tag","embeddable":true,"href":"https:\/\/dobrezrodla.com\/index.php?rest_route=%2Fwp%2Fv2%2Ftags&post=10708"}],"curies":[{"name":"wp","href":"https:\/\/api.w.org\/{rel}","templated":true}]}}