{"id":1072,"date":"2025-07-11T13:00:19","date_gmt":"2025-07-11T13:00:19","guid":{"rendered":"https:\/\/dobrezrodla.com\/?p=1072"},"modified":"2025-07-11T13:00:20","modified_gmt":"2025-07-11T13:00:20","slug":"anuntul-trist-a-fost-facut-chiar-de-artist","status":"publish","type":"post","link":"https:\/\/dobrezrodla.com\/?p=1072","title":{"rendered":"\u00a0Anun\u021bul trist a fost f\u0103cut chiar de artist:"},"content":{"rendered":"\n<p>Tat\u0103l lui Dinu Maxer a murit, r\u0103pus de cancer, astfel c\u0103 \u00eendr\u0103gitul artist trece prin momente cumplite dup\u0103 pierderea p\u0103rintelui.<\/p>\n\n\n\n<p>Extrem de \u00eendurerat, fostul lider al trupei Axxa i-a dedicat c\u00e2teva r\u00e2nduri emo\u021bionante.<\/p>\n\n\n\n<p>Mai mult de at\u00e2t, Dinu Maxer a mai precizat c\u0103 tat\u0103l s\u0103u urma s\u0103 \u00eemplineasc\u0103 75 de ani peste dou\u0103 luni.<\/p>\n\n\n\n<p>Cunoscutul artist Dinu Maxer este \u00een doliu \u0219i trece prin momente nespus de dureroase.<\/p>\n\n\n\n<p>C\u00e2nt\u0103re\u021bul a anun\u021bat pe re\u021belele de socializare c\u0103 \u0219i-a pierdut tat\u0103l \u00een urm\u0103 cu pu\u021bin timp. Mai mult, Dinu Maxer a scris \u0219i un omagiu \u00een amintirea p\u0103rintelui s\u0103u, care i-a emo\u021bionat puternic pe cei cunoscu\u021bi dar \u0219i pe fani.<\/p>\n\n\n\n<h2 class=\"wp-block-heading\" id=\"chapter-0\">Tat\u0103l lui Dinu Maxer a murit<\/h2>\n\n\n\n<p>At\u00e2t Dinu Maxer c\u00e2t \u0219i&nbsp;so\u021bia sa, Deea, trec prin clipe teribile dup\u0103 ce a primit o lovitur\u0103 extrem de grea. Tat\u0103l lui Dinu, \u00een v\u00e2rst\u0103 de 74 de ani, a decedat fulger\u0103tor.<\/p>\n\n\n\n<p>C\u00e2nt\u0103re\u021bul nu \u00ee\u0219i poate reveni din \u0219oc, de c\u00e2nd a aflat c\u0103 p\u0103rintele lui nu mai este printre noi. Cu ultimele puteri, Dinu Maxer a scris c\u00e2teva r\u00e2nduri \u00een memoria tat\u0103lui s\u0103u, pe re\u021belele de socializare.<\/p>\n","protected":false},"excerpt":{"rendered":"<p>Tat\u0103l lui Dinu Maxer a murit, r\u0103pus de cancer, astfel c\u0103 \u00eendr\u0103gitul artist trece prin momente cumplite dup\u0103 pierderea p\u0103rintelui. Extrem de \u00eendurerat, fostul lider al trupei Axxa i-a dedicat c\u00e2teva r\u00e2nduri emo\u021bionante. Mai mult de at\u00e2t, Dinu Maxer a mai precizat c\u0103 tat\u0103l s\u0103u urma s\u0103 \u00eemplineasc\u0103 75 de ani peste dou\u0103 luni. Cunoscutul &#8230; <a title=\"\u00a0Anun\u021bul trist a fost f\u0103cut chiar de artist:\" class=\"read-more\" href=\"https:\/\/dobrezrodla.com\/?p=1072\" aria-label=\"Read more about \u00a0Anun\u021bul trist a fost f\u0103cut chiar de artist:\">Read more<\/a><\/p>\n","protected":false},"author":1,"featured_media":0,"comment_status":"open","ping_status":"open","sticky":false,"template":"","format":"standard","meta":{"footnotes":""},"categories":[1],"tags":[],"class_list":["post-1072","post","type-post","status-publish","format-standard","hentry","category-uncategorized"],"_links":{"self":[{"href":"https:\/\/dobrezrodla.com\/index.php?rest_route=\/wp\/v2\/posts\/1072","targetHints":{"allow":["GET"]}}],"collection":[{"href":"https:\/\/dobrezrodla.com\/index.php?rest_route=\/wp\/v2\/posts"}],"about":[{"href":"https:\/\/dobrezrodla.com\/index.php?rest_route=\/wp\/v2\/types\/post"}],"author":[{"embeddable":true,"href":"https:\/\/dobrezrodla.com\/index.php?rest_route=\/wp\/v2\/users\/1"}],"replies":[{"embeddable":true,"href":"https:\/\/dobrezrodla.com\/index.php?rest_route=%2Fwp%2Fv2%2Fcomments&post=1072"}],"version-history":[{"count":1,"href":"https:\/\/dobrezrodla.com\/index.php?rest_route=\/wp\/v2\/posts\/1072\/revisions"}],"predecessor-version":[{"id":1073,"href":"https:\/\/dobrezrodla.com\/index.php?rest_route=\/wp\/v2\/posts\/1072\/revisions\/1073"}],"wp:attachment":[{"href":"https:\/\/dobrezrodla.com\/index.php?rest_route=%2Fwp%2Fv2%2Fmedia&parent=1072"}],"wp:term":[{"taxonomy":"category","embeddable":true,"href":"https:\/\/dobrezrodla.com\/index.php?rest_route=%2Fwp%2Fv2%2Fcategories&post=1072"},{"taxonomy":"post_tag","embeddable":true,"href":"https:\/\/dobrezrodla.com\/index.php?rest_route=%2Fwp%2Fv2%2Ftags&post=1072"}],"curies":[{"name":"wp","href":"https:\/\/api.w.org\/{rel}","templated":true}]}}