{"id":10745,"date":"2025-12-03T09:25:52","date_gmt":"2025-12-03T09:25:52","guid":{"rendered":"https:\/\/dobrezrodla.com\/?p=10745"},"modified":"2025-12-03T09:25:53","modified_gmt":"2025-12-03T09:25:53","slug":"sejm-kontra-prezydent-czy-weto-nawrockiego-w-sprawie-psow-na-lancuchach-upadnie","status":"publish","type":"post","link":"https:\/\/dobrezrodla.com\/?p=10745","title":{"rendered":"Sejm kontra prezydent. Czy weto Nawrockiego w sprawie ps\u00f3w na \u0142a\u0144cuchach upadnie?"},"content":{"rendered":"\n<p>Decyzja prezydenta Karola Nawrockiego o zawetowaniu tzw. ustawy \u0142a\u0144cuchowej wywo\u0142a\u0142a polityczn\u0105 burz\u0119. Marsza\u0142ek Sejmu W\u0142odzimierz Czarzasty zapowiedzia\u0142, \u017ce Sejm podejmie pr\u00f3b\u0119 jej obalenia. \u2013 To decyzja absolutnie niezrozumia\u0142a. Argumenty pana prezydenta nie trafiaj\u0105 ani do nas, ani \u2013 jak wida\u0107 \u2013 do obywateli \u2013 powiedzia\u0142 Czarzasty podczas \u015brodowego wyst\u0105pienia w Sejmie.<\/p>\n\n\n\n<p>Ustawa mia\u0142a zakaza\u0107 trzymania ps\u00f3w na uwi\u0119zi \u2013 rozwi\u0105zanie, kt\u00f3re zyska\u0142o szerokie poparcie spo\u0142eczne. Tymczasem prezydent zdecydowa\u0142 si\u0119 na weto, co wywo\u0142a\u0142o fal\u0119 oburzenia zar\u00f3wno w\u015br\u00f3d polityk\u00f3w, jak i obro\u0144c\u00f3w zwierz\u0105t. \u2013 Pan prezydent powinien w tej sprawie wykaza\u0107 wi\u0119cej empatii \u2013 skwitowa\u0142 marsza\u0142ek.<\/p>\n\n\n\n<p>Aby odrzuci\u0107 prezydenckie weto, Sejm musi zebra\u0107 wi\u0119kszo\u015b\u0107 3\/5 g\u0142os\u00f3w \u2013 co przy obecnych napi\u0119ciach politycznych mo\u017ce by\u0107 wyzwaniem, ale nie jest niemo\u017cliwe.<\/p>\n\n\n\n<p>Stawk\u0105 jest nie tylko los ps\u00f3w trzymanych na \u0142a\u0144cuchach, ale te\u017c polityczny sygna\u0142: czy parlament zdo\u0142a skutecznie przeciwstawi\u0107 si\u0119 kontrowersyjnym decyzjom g\u0142owy pa\u0144stwa?<\/p>\n","protected":false},"excerpt":{"rendered":"<p>Decyzja prezydenta Karola Nawrockiego o zawetowaniu tzw. ustawy \u0142a\u0144cuchowej wywo\u0142a\u0142a polityczn\u0105 burz\u0119. Marsza\u0142ek Sejmu W\u0142odzimierz Czarzasty zapowiedzia\u0142, \u017ce Sejm podejmie pr\u00f3b\u0119 jej obalenia. \u2013 To decyzja absolutnie niezrozumia\u0142a. Argumenty pana prezydenta nie trafiaj\u0105 ani do nas, ani \u2013 jak wida\u0107 \u2013 do obywateli \u2013 powiedzia\u0142 Czarzasty podczas \u015brodowego wyst\u0105pienia w Sejmie. Ustawa mia\u0142a zakaza\u0107 trzymania &#8230; <a title=\"Sejm kontra prezydent. Czy weto Nawrockiego w sprawie ps\u00f3w na \u0142a\u0144cuchach upadnie?\" class=\"read-more\" href=\"https:\/\/dobrezrodla.com\/?p=10745\" aria-label=\"Read more about Sejm kontra prezydent. Czy weto Nawrockiego w sprawie ps\u00f3w na \u0142a\u0144cuchach upadnie?\">Read more<\/a><\/p>\n","protected":false},"author":1,"featured_media":0,"comment_status":"open","ping_status":"open","sticky":false,"template":"","format":"standard","meta":{"footnotes":""},"categories":[1],"tags":[],"class_list":["post-10745","post","type-post","status-publish","format-standard","hentry","category-uncategorized"],"_links":{"self":[{"href":"https:\/\/dobrezrodla.com\/index.php?rest_route=\/wp\/v2\/posts\/10745","targetHints":{"allow":["GET"]}}],"collection":[{"href":"https:\/\/dobrezrodla.com\/index.php?rest_route=\/wp\/v2\/posts"}],"about":[{"href":"https:\/\/dobrezrodla.com\/index.php?rest_route=\/wp\/v2\/types\/post"}],"author":[{"embeddable":true,"href":"https:\/\/dobrezrodla.com\/index.php?rest_route=\/wp\/v2\/users\/1"}],"replies":[{"embeddable":true,"href":"https:\/\/dobrezrodla.com\/index.php?rest_route=%2Fwp%2Fv2%2Fcomments&post=10745"}],"version-history":[{"count":1,"href":"https:\/\/dobrezrodla.com\/index.php?rest_route=\/wp\/v2\/posts\/10745\/revisions"}],"predecessor-version":[{"id":10746,"href":"https:\/\/dobrezrodla.com\/index.php?rest_route=\/wp\/v2\/posts\/10745\/revisions\/10746"}],"wp:attachment":[{"href":"https:\/\/dobrezrodla.com\/index.php?rest_route=%2Fwp%2Fv2%2Fmedia&parent=10745"}],"wp:term":[{"taxonomy":"category","embeddable":true,"href":"https:\/\/dobrezrodla.com\/index.php?rest_route=%2Fwp%2Fv2%2Fcategories&post=10745"},{"taxonomy":"post_tag","embeddable":true,"href":"https:\/\/dobrezrodla.com\/index.php?rest_route=%2Fwp%2Fv2%2Ftags&post=10745"}],"curies":[{"name":"wp","href":"https:\/\/api.w.org\/{rel}","templated":true}]}}