{"id":10747,"date":"2025-12-03T09:26:55","date_gmt":"2025-12-03T09:26:55","guid":{"rendered":"https:\/\/dobrezrodla.com\/?p=10747"},"modified":"2025-12-03T09:26:56","modified_gmt":"2025-12-03T09:26:56","slug":"odszkodowania-za-zbrodnie-iii-rzeszy-polska-stawia-niemcom-ultimatum-czas-dziala-na-niekorzysc-ofiar","status":"publish","type":"post","link":"https:\/\/dobrezrodla.com\/?p=10747","title":{"rendered":"Odszkodowania za zbrodnie III Rzeszy? Polska stawia Niemcom ultimatum. &#8220;Czas dzia\u0142a na niekorzy\u015b\u0107 ofiar&#8221;"},"content":{"rendered":"\n<p>Czy Polska wyp\u0142aci zado\u015b\u0107uczynienie ofiarom niemieckich zbrodni z w\u0142asnej kieszeni? Taka mo\u017cliwo\u015b\u0107 nieoczekiwanie pojawi\u0142a si\u0119 po konsultacjach rz\u0105dowych w Berlinie. Premier Donald Tusk zapowiedzia\u0142, \u017ce je\u015bli Niemcy nie przedstawi\u0105 szybkiej i konkretnej propozycji finansowej, Polska mo\u017ce wzi\u0105\u0107 ten obowi\u0105zek na siebie.<\/p>\n\n\n\n<p>Deklaracja wywo\u0142a\u0142a natychmiastow\u0105 burz\u0119. Krytycznie do pomys\u0142u odnios\u0142a si\u0119 g\u0142owa pa\u0144stwa. Prezydent Karol Nawrocki napisa\u0142 wprost: &#8220;To Niemcy powinni zap\u0142aci\u0107, nie ofiary same sobie&#8221;. Jaros\u0142aw Kaczy\u0144ski r\u00f3wnie\u017c ostro skomentowa\u0142, twierdz\u0105c, \u017ce Tusk \u201echce sp\u0142aca\u0107 niemieckie zbrodnie pieni\u0119dzmi Polak\u00f3w\u201d.<\/p>\n\n\n\n<p>Cho\u0107 temat reparacji od lat by\u0142 politycznym has\u0142em, to efekty dzia\u0142a\u0144 poprzedniego rz\u0105du \u2013 poza szacunkami strat wojennych na 6,2 biliona z\u0142otych \u2013 by\u0142y znikome. Teraz Tusk pr\u00f3buje wywiera\u0107 presj\u0119, ale konkret\u00f3w nadal brak. \u017badna z instytucji rz\u0105dowych nie jest w stanie poda\u0107 cho\u0107by szacunkowej liczby beneficjent\u00f3w czy wysoko\u015bci ewentualnych kwot.<\/p>\n\n\n\n<p>Z Berlina p\u0142yn\u0105 sygna\u0142y o ch\u0142odnym podej\u015bciu do tematu. Niemcy m\u00f3wi\u0105, \u017ce \u201etrzeba by\u0107 realistami\u201d i nie spodziewaj\u0105 si\u0119 prze\u0142omu przed 2027 rokiem. To zbyt p\u00f3\u017ano \u2013 wielu \u015bwiadk\u00f3w i ofiar okupacji ju\u017c nie \u017cyje, inni nie mog\u0105 czeka\u0107 d\u0142u\u017cej.<\/p>\n\n\n\n<p>W tle wci\u0105\u017c funkcjonuje niemiecka propozycja z 2024 roku, oferuj\u0105ca 200 milion\u00f3w euro \u2013 oferta, kt\u00f3ra zosta\u0142a uznana przez Polsk\u0119 za niewystarczaj\u0105c\u0105. Tymczasem niemieckie media przypominaj\u0105, \u017ce &#8220;humanitarny gest&#8221; wobec polskich ofiar nadal nie zosta\u0142 wykonany.<\/p>\n\n\n\n<p>Polska stoi dzi\u015b przed trudnym wyborem: czeka\u0107 na symboliczne dzia\u0142anie Berlina czy podj\u0105\u0107 samodzielny krok i zabezpieczy\u0107 godno\u015b\u0107 ostatnich \u017cyj\u0105cych ofiar wojny.<\/p>\n","protected":false},"excerpt":{"rendered":"<p>Czy Polska wyp\u0142aci zado\u015b\u0107uczynienie ofiarom niemieckich zbrodni z w\u0142asnej kieszeni? Taka mo\u017cliwo\u015b\u0107 nieoczekiwanie pojawi\u0142a si\u0119 po konsultacjach rz\u0105dowych w Berlinie. Premier Donald Tusk zapowiedzia\u0142, \u017ce je\u015bli Niemcy nie przedstawi\u0105 szybkiej i konkretnej propozycji finansowej, Polska mo\u017ce wzi\u0105\u0107 ten obowi\u0105zek na siebie. Deklaracja wywo\u0142a\u0142a natychmiastow\u0105 burz\u0119. Krytycznie do pomys\u0142u odnios\u0142a si\u0119 g\u0142owa pa\u0144stwa. Prezydent Karol Nawrocki &#8230; <a title=\"Odszkodowania za zbrodnie III Rzeszy? Polska stawia Niemcom ultimatum. &#8220;Czas dzia\u0142a na niekorzy\u015b\u0107 ofiar&#8221;\" class=\"read-more\" href=\"https:\/\/dobrezrodla.com\/?p=10747\" aria-label=\"Read more about Odszkodowania za zbrodnie III Rzeszy? Polska stawia Niemcom ultimatum. &#8220;Czas dzia\u0142a na niekorzy\u015b\u0107 ofiar&#8221;\">Read more<\/a><\/p>\n","protected":false},"author":1,"featured_media":0,"comment_status":"open","ping_status":"open","sticky":false,"template":"","format":"standard","meta":{"footnotes":""},"categories":[1],"tags":[],"class_list":["post-10747","post","type-post","status-publish","format-standard","hentry","category-uncategorized"],"_links":{"self":[{"href":"https:\/\/dobrezrodla.com\/index.php?rest_route=\/wp\/v2\/posts\/10747","targetHints":{"allow":["GET"]}}],"collection":[{"href":"https:\/\/dobrezrodla.com\/index.php?rest_route=\/wp\/v2\/posts"}],"about":[{"href":"https:\/\/dobrezrodla.com\/index.php?rest_route=\/wp\/v2\/types\/post"}],"author":[{"embeddable":true,"href":"https:\/\/dobrezrodla.com\/index.php?rest_route=\/wp\/v2\/users\/1"}],"replies":[{"embeddable":true,"href":"https:\/\/dobrezrodla.com\/index.php?rest_route=%2Fwp%2Fv2%2Fcomments&post=10747"}],"version-history":[{"count":1,"href":"https:\/\/dobrezrodla.com\/index.php?rest_route=\/wp\/v2\/posts\/10747\/revisions"}],"predecessor-version":[{"id":10748,"href":"https:\/\/dobrezrodla.com\/index.php?rest_route=\/wp\/v2\/posts\/10747\/revisions\/10748"}],"wp:attachment":[{"href":"https:\/\/dobrezrodla.com\/index.php?rest_route=%2Fwp%2Fv2%2Fmedia&parent=10747"}],"wp:term":[{"taxonomy":"category","embeddable":true,"href":"https:\/\/dobrezrodla.com\/index.php?rest_route=%2Fwp%2Fv2%2Fcategories&post=10747"},{"taxonomy":"post_tag","embeddable":true,"href":"https:\/\/dobrezrodla.com\/index.php?rest_route=%2Fwp%2Fv2%2Ftags&post=10747"}],"curies":[{"name":"wp","href":"https:\/\/api.w.org\/{rel}","templated":true}]}}