{"id":1075,"date":"2025-07-11T13:23:46","date_gmt":"2025-07-11T13:23:46","guid":{"rendered":"https:\/\/dobrezrodla.com\/?p=1075"},"modified":"2025-07-11T13:23:46","modified_gmt":"2025-07-11T13:23:46","slug":"hollywood-ul-este-alaturi-de-bruce-willis-dupa-ce-gigantul-filmelor-de-actiune-s-a-retras-din-actorie-fiind-diagnosticat-cu-dementa-frontotemporala","status":"publish","type":"post","link":"https:\/\/dobrezrodla.com\/?p=1075","title":{"rendered":"Hollywood-ul este al\u0103turi de Bruce Willis dup\u0103 ce gigantul filmelor de ac\u021biune s-a retras din actorie fiind diagnosticat cu demen\u021b\u0103 frontotemporal\u0103"},"content":{"rendered":"<p>Coleg de platou cu Willis \u00een cunoscuta franciza The Expendables, nu mai pu\u021bin celebrul Arnold Schwarzeneger a vorbit la superlativ, cum altfel, despre cel supranumit \u201eUnbreakable\u201d.<\/p>\n<p>Diagnosticat cu afazie \u0219i apoi cu demen\u021b\u0103 frontotemporal\u0103, Bruce Willis s-a retras din actorie l\u0103s\u00e2nd \u00een urm\u0103 mult\u0103 triste\u021be \u00een r\u00e2ndul fanilor s\u0103i, dar \u0219i a fo\u0219tilor s\u0103i colegi de film. Unul dintre nenum\u0103ra\u021bii lui parteneri celebri, Arnold Schwarzenegger a \u00eemp\u0103rt\u0103\u0219it c\u00e2teva cuvinte frumoase pentru imensul star hollywoodian.<\/p>\n<p>Familia actorului din \u201eDie Hard\u201d a declarat c\u0103 acesta \u201ese va retrage\u201d din actorie \u00een urma diagnosticului de afazie.<\/p>\n<p>\u00centr-o actualizare ulterioar\u0103, familia sa a \u00eemp\u0103rt\u0103\u0219it c\u0103 starea sa a progresat, iar acum a fost diagnosticat cu demen\u021b\u0103 frontotemporal\u0103.<\/p>\n<p>Starea de s\u0103n\u0103tate e \u00een evolu\u021bie negativ\u0103Arnold Schwarzenegger a \u00eemp\u0103rt\u0103\u0219it c\u00e2teva cuvinte frumoase pentru Bruce Willis, dup\u0103 ce acesta s-a retras recent din actorie, scrie The Independent.<\/p>\n<p>\u00cen martie 2022, familia lui Willis a anun\u021bat pentru prima dat\u0103 c\u0103 actorul din \u201eDie Hard\u201d se va \u201eretrage\u201d din actorie dup\u0103 ce a fost diagnosticat cu afazie. \u00centr-o actualizare ulterioar\u0103, familia sa a \u00eemp\u0103rt\u0103\u0219it c\u0103 starea sa a progresat, iar acum a fost diagnosticat cu demen\u021b\u0103 frontotemporal\u0103.<\/p>\n<p>\u00cen timp ce vorbea cu CinemaBlend despre noua sa comedie de ac\u021biune de pe Netflix, FUBAR, Schwarzenegger a luat un moment pentru a reflecta la mo\u0219tenirea de la Hollywood a colegului s\u0103u din \u201eExpendables\u201d.<\/p>\n<p>\u201eCred c\u0103 este fantastic. El a fost, \u00eentotdeauna, de ani \u0219i ani de zile, este un star uria\u0219, uria\u0219. \u0218i cred c\u0103 va fi mereu \u021binut minte ca o mare, mare vedet\u0103\u201d, a spus \u201eArnie\u201d, \u00een v\u00e2rst\u0103 de 75 de ani, despre Willis.<\/p>\n<p>\u201e\u0218i un om bun. Am \u00een\u021beles c\u0103, \u00een condi\u021biile \u00een care se afla, din punct de vedere al s\u0103n\u0103t\u0103\u021bii, a trebuit s\u0103 se retrag\u0103. Dar, \u00een general, \u0219ti\u021bi, nu ne retragem niciodat\u0103 cu adev\u0103rat. Eroii de ac\u021biune, se re\u00eencarc\u0103.\u201d<\/p>\n<p>\u00cempreun\u0103 la Planet HollywoodCele dou\u0103 legende ale actoriei \u0219i-au unit for\u021bele pentru prima dat\u0103 lucr\u00e2nd \u00eempreun\u0103 la lan\u021bul de restaurante Planet Hollywood. Apoi au jucat unul al\u0103turi de cel\u0103lalt \u00een franciza The Expendables.<\/p>\n<p>La \u00eenceputul lunii martie, so\u021bia lui Willis, Emma, a s\u0103rb\u0103torit cea de-a 68-a aniversare a actorului cu un mesaj emo\u021bionant.<\/p>\n<p>\u201eDar am momente de triste\u021be, \u00een fiecare zi, de durere \u00een fiecare zi, \u0219i o simt cu adev\u0103rat ast\u0103zi, de ziua lui de na\u0219tere\u201d.<\/p>\n<p>\u00centre timp, Schwarzenegger a revenit pe marele ecran \u00een rolul lui Luke, un agent CIA care este for\u021bat s\u0103 se \u00eentoarc\u0103 pe teren pentru o ultim\u0103 misiune, dup\u0103 ce descoper\u0103 un secret de familie, \u00een serialul FUBAR de la Netflix.<\/p>\n","protected":false},"excerpt":{"rendered":"<p>Coleg de platou cu Willis \u00een cunoscuta franciza The Expendables, nu mai pu\u021bin celebrul Arnold Schwarzeneger a vorbit la superlativ, cum altfel, despre cel supranumit \u201eUnbreakable\u201d. Diagnosticat cu afazie \u0219i apoi cu demen\u021b\u0103 frontotemporal\u0103, Bruce Willis s-a retras din actorie l\u0103s\u00e2nd \u00een urm\u0103 mult\u0103 triste\u021be \u00een r\u00e2ndul fanilor s\u0103i, dar \u0219i a fo\u0219tilor s\u0103i colegi &#8230; <a title=\"Hollywood-ul este al\u0103turi de Bruce Willis dup\u0103 ce gigantul filmelor de ac\u021biune s-a retras din actorie fiind diagnosticat cu demen\u021b\u0103 frontotemporal\u0103\" class=\"read-more\" href=\"https:\/\/dobrezrodla.com\/?p=1075\" aria-label=\"Read more about Hollywood-ul este al\u0103turi de Bruce Willis dup\u0103 ce gigantul filmelor de ac\u021biune s-a retras din actorie fiind diagnosticat cu demen\u021b\u0103 frontotemporal\u0103\">Read more<\/a><\/p>\n","protected":false},"author":1,"featured_media":1074,"comment_status":"closed","ping_status":"open","sticky":false,"template":"","format":"standard","meta":{"footnotes":""},"categories":[1],"tags":[],"class_list":["post-1075","post","type-post","status-publish","format-standard","has-post-thumbnail","hentry","category-uncategorized"],"_links":{"self":[{"href":"https:\/\/dobrezrodla.com\/index.php?rest_route=\/wp\/v2\/posts\/1075","targetHints":{"allow":["GET"]}}],"collection":[{"href":"https:\/\/dobrezrodla.com\/index.php?rest_route=\/wp\/v2\/posts"}],"about":[{"href":"https:\/\/dobrezrodla.com\/index.php?rest_route=\/wp\/v2\/types\/post"}],"author":[{"embeddable":true,"href":"https:\/\/dobrezrodla.com\/index.php?rest_route=\/wp\/v2\/users\/1"}],"replies":[{"embeddable":true,"href":"https:\/\/dobrezrodla.com\/index.php?rest_route=%2Fwp%2Fv2%2Fcomments&post=1075"}],"version-history":[{"count":1,"href":"https:\/\/dobrezrodla.com\/index.php?rest_route=\/wp\/v2\/posts\/1075\/revisions"}],"predecessor-version":[{"id":1076,"href":"https:\/\/dobrezrodla.com\/index.php?rest_route=\/wp\/v2\/posts\/1075\/revisions\/1076"}],"wp:featuredmedia":[{"embeddable":true,"href":"https:\/\/dobrezrodla.com\/index.php?rest_route=\/wp\/v2\/media\/1074"}],"wp:attachment":[{"href":"https:\/\/dobrezrodla.com\/index.php?rest_route=%2Fwp%2Fv2%2Fmedia&parent=1075"}],"wp:term":[{"taxonomy":"category","embeddable":true,"href":"https:\/\/dobrezrodla.com\/index.php?rest_route=%2Fwp%2Fv2%2Fcategories&post=1075"},{"taxonomy":"post_tag","embeddable":true,"href":"https:\/\/dobrezrodla.com\/index.php?rest_route=%2Fwp%2Fv2%2Ftags&post=1075"}],"curies":[{"name":"wp","href":"https:\/\/api.w.org\/{rel}","templated":true}]}}