{"id":10773,"date":"2025-12-03T21:41:00","date_gmt":"2025-12-03T21:41:00","guid":{"rendered":"https:\/\/dobrezrodla.com\/?p=10773"},"modified":"2025-12-03T21:41:01","modified_gmt":"2025-12-03T21:41:01","slug":"sikorski-wprost-o-wecie-prezydenckim-tak-to-skomentowal","status":"publish","type":"post","link":"https:\/\/dobrezrodla.com\/?p=10773","title":{"rendered":"Sikorski wprost o wecie prezydenckim. Tak to skomentowa\u0142"},"content":{"rendered":"\n<p>Relacje na linii prezydent\u2013rz\u0105d wchodz\u0105 w now\u0105 faz\u0119 napi\u0119\u0107 zwi\u0105zanych z procesem legislacyjnym.<\/p>\n\n\n\n<p>Kluczowym elementem tego sporu staje si\u0119 prerogatywa g\u0142owy pa\u0144stwa do blokowania ustaw, co rodzi pytania o granice wsp\u00f3\u0142pracy w\u0142adzy wykonawczej.<\/p>\n\n\n\n<p>Dyskusja toczy si\u0119 zar\u00f3wno wok\u00f3\u0142 konkretnych decyzji o podpisaniu b\u0105d\u017a odrzuceniu akt\u00f3w prawnych, jak i fundamentalnego rozumienia roli prezydenta w systemie ustrojowym.<\/p>\n\n\n\n<p>Jakie s\u0105 konstytucyjne podstawy i przeznaczenie weta prezydenckiego w Polsce?<br>Interpretacja ustawy zasadniczej bywa odmienna w zale\u017cno\u015bci od strony sporu politycznego. Wed\u0142ug Rados\u0142awa Sikorskiego duch Konstytucji z 1997 roku zak\u0142ada\u0142, \u017ce weto prezydenckie mia\u0142o s\u0142u\u017cy\u0107 ochronie praworz\u0105dno\u015bci.<\/p>\n\n\n\n<p>Odmienne spojrzenie na \u017ar\u00f3d\u0142a legitymizacji swoich decyzji prezentuj\u0105 obecni liderzy pa\u0144stwa. Premier Donald Tusk wskaza\u0142, \u017ce zgodnie z Konstytucj\u0105 to rz\u0105d prowadzi polityk\u0119 zagraniczn\u0105. Z kolei Prezydent Nawrocki o\u015bwiadczy\u0142, \u017ce obywatele powierzyli mu prerogatyw\u0119 weta, wybieraj\u0105c go w wyborach powszechnych.<\/p>\n\n\n\n<p>Kwestia ta dotyka bezpo\u015brednio relacji mi\u0119dzy o\u015brodkami w\u0142adzy. Rados\u0142aw Sikorski zaznaczy\u0142 w swojej wypowiedzi, \u017ce weto prezydenckie mia\u0142o nie by\u0107 instrumentem walki z rz\u0105dem.<\/p>\n\n\n\n<p>Czy nadu\u017cywanie weta prezydenckiego prowadzi do parali\u017cu pa\u0144stwa i jak zapewni\u0107 wsp\u00f3\u0142prac\u0119 rz\u0105du z Prezydentem?<br>Obecna sytuacja polityczna rodzi pytania o stabilno\u015b\u0107 funkcjonowania organ\u00f3w pa\u0144stwowych. Rados\u0142aw Sikorski wyrazi\u0142 obawy, \u017ce weto prezydenckie prowadzi do parali\u017cu pa\u0144stwa.<\/p>\n\n\n\n<p>W celu unikni\u0119cia legislacyjnego klinczu proponowane s\u0105 konkretne rozwi\u0105zania proceduralne. Prezydent Karol Nawrocki zwr\u00f3ci\u0142 si\u0119 do rz\u0105du i premiera o konsultowanie projekt\u00f3w ustaw ju\u017c na wczesnym etapie prac. Jednocze\u015bnie trzykrotnie, r\u00f3wnocze\u015bnie z zastosowaniem weta, przedstawia\u0142 w\u0142asne projekty zmian legislacyjnych.<\/p>\n\n\n\n<p>Wsp\u00f3\u0142praca mi\u0119dzy o\u015brodkami w\u0142adzy pozostaje kluczowym wyzwaniem. Donald Tusk zako\u0144czy\u0142 swoj\u0105 wypowied\u017a apelem o trzymanie si\u0119 zasady wsp\u00f3\u0142pracy, stwierdzaj\u0105c, \u017ce tak jest lepiej dla Polski.<\/p>\n\n\n\n<p>Jakie konkretne ustawy Prezydent Karol Nawrocki zawetowa\u0142, a jakie podpisa\u0142?<br>Ostatnie decyzje g\u0142owy pa\u0144stwa pokazuj\u0105 zr\u00f3\u017cnicowane podej\u015bcie do przedk\u0142adanych akt\u00f3w prawnych. Prezydent Karol Nawrocki w ubieg\u0142y czwartek poinformowa\u0142 o zawetowaniu dw\u00f3ch ustaw. Jednocze\u015bnie z t\u0105 decyzj\u0105 podpisa\u0142 11 innych akt\u00f3w prawnych.<\/p>\n\n\n\n<p>Sprzeciw prezydenta dotyczy\u0142 precyzyjnie okre\u015blonych obszar\u00f3w legislacji. Jedn\u0105 z zawetowanych regulacji by\u0142a nowelizacja Kodeksu wyborczego. Drug\u0105 odrzucon\u0105 ustaw\u0105 by\u0142a nowelizacja dotycz\u0105ca opodatkowania fundacji rodzinnych.<\/p>\n\n\n\n<p>Akceptacj\u0119 zyska\u0142y natomiast przepisy wp\u0142ywaj\u0105ce na bezpiecze\u0144stwo i uprawnienia kierowc\u00f3w. W\u015br\u00f3d podpisanych ustaw znalaz\u0142a si\u0119 ta dotycz\u0105ca zmian w prawie o ruchu drogowym. Nak\u0142ada ona obowi\u0105zek noszenia kasku dla kieruj\u0105cych m.in. rowerem i hulajnog\u0105 elektryczn\u0105, kt\u00f3rzy nie uko\u0144czyli 16. roku \u017cycia. Nowe przepisy przywracaj\u0105 te\u017c mo\u017cliwo\u015b\u0107 wydawania prawa jazdy kategorii B osobom, kt\u00f3re sko\u0144czy\u0142y 17 lat i uzyska\u0142y pisemn\u0105 zgod\u0119 opiekun\u00f3w. M\u0142odych kierowc\u00f3w, kt\u00f3rzy uzyskali uprawnienia w tym wieku, b\u0119d\u0105 jednak obowi\u0105zywa\u0142y pewne ograniczenia.<\/p>\n\n\n\n<p>Jakie s\u0105 kluczowe argumenty dotycz\u0105ce roli weta prezydenckiego w polskim systemie prawnym?<br>Dyskusja o ustrojowej pozycji prezydenta koncentruje si\u0119 na sile jego uprawnie\u0144. Rados\u0142aw Sikorski wyrazi\u0142 obaw\u0119, \u017ce weto prezydenckie jest w obecnym kszta\u0142cie za silne.<\/p>\n\n\n\n<p>G\u0142owa pa\u0144stwa uzasadnia swoje decyzje konieczno\u015bci\u0105 dbania o jako\u015b\u0107 stanowionego prawa. Karol Nawrocki o\u015bwiadczy\u0142, \u017ce korzysta z prawa weta wy\u0142\u0105cznie wtedy, gdy wymaga tego interes obywateli. Doda\u0142 r\u00f3wnie\u017c, \u017ce si\u0119ga po ten \u015brodek, gdy wymaga tego przejrzysto\u015b\u0107 prawa.<\/p>\n\n\n\n<p>Obie strony sporu podkre\u015blaj\u0105 wag\u0119 odpowiedzialno\u015bci za pa\u0144stwo, cho\u0107 rozumiej\u0105 j\u0105 w r\u00f3\u017cny spos\u00f3b. Donald Tusk podkre\u015bli\u0142, \u017ce Prezydent jest zobowi\u0105zany do wsp\u00f3\u0142dzia\u0142ania z rz\u0105dem i godnego reprezentowania Polski. Z kolei Karol Nawrocki o\u015bwiadczy\u0142, \u017ce jego dzia\u0142ania mia\u0142y pokaza\u0107, i\u017c weto nie jest narz\u0119dziem destrukcji, lecz elementem odpowiedzialnej wsp\u00f3\u0142pracy.<\/p>\n","protected":false},"excerpt":{"rendered":"<p>Relacje na linii prezydent\u2013rz\u0105d wchodz\u0105 w now\u0105 faz\u0119 napi\u0119\u0107 zwi\u0105zanych z procesem legislacyjnym. Kluczowym elementem tego sporu staje si\u0119 prerogatywa g\u0142owy pa\u0144stwa do blokowania ustaw, co rodzi pytania o granice wsp\u00f3\u0142pracy w\u0142adzy wykonawczej. Dyskusja toczy si\u0119 zar\u00f3wno wok\u00f3\u0142 konkretnych decyzji o podpisaniu b\u0105d\u017a odrzuceniu akt\u00f3w prawnych, jak i fundamentalnego rozumienia roli prezydenta w systemie ustrojowym. &#8230; <a title=\"Sikorski wprost o wecie prezydenckim. Tak to skomentowa\u0142\" class=\"read-more\" href=\"https:\/\/dobrezrodla.com\/?p=10773\" aria-label=\"Read more about Sikorski wprost o wecie prezydenckim. Tak to skomentowa\u0142\">Read more<\/a><\/p>\n","protected":false},"author":1,"featured_media":0,"comment_status":"open","ping_status":"open","sticky":false,"template":"","format":"standard","meta":{"footnotes":""},"categories":[1],"tags":[],"class_list":["post-10773","post","type-post","status-publish","format-standard","hentry","category-uncategorized"],"_links":{"self":[{"href":"https:\/\/dobrezrodla.com\/index.php?rest_route=\/wp\/v2\/posts\/10773","targetHints":{"allow":["GET"]}}],"collection":[{"href":"https:\/\/dobrezrodla.com\/index.php?rest_route=\/wp\/v2\/posts"}],"about":[{"href":"https:\/\/dobrezrodla.com\/index.php?rest_route=\/wp\/v2\/types\/post"}],"author":[{"embeddable":true,"href":"https:\/\/dobrezrodla.com\/index.php?rest_route=\/wp\/v2\/users\/1"}],"replies":[{"embeddable":true,"href":"https:\/\/dobrezrodla.com\/index.php?rest_route=%2Fwp%2Fv2%2Fcomments&post=10773"}],"version-history":[{"count":1,"href":"https:\/\/dobrezrodla.com\/index.php?rest_route=\/wp\/v2\/posts\/10773\/revisions"}],"predecessor-version":[{"id":10774,"href":"https:\/\/dobrezrodla.com\/index.php?rest_route=\/wp\/v2\/posts\/10773\/revisions\/10774"}],"wp:attachment":[{"href":"https:\/\/dobrezrodla.com\/index.php?rest_route=%2Fwp%2Fv2%2Fmedia&parent=10773"}],"wp:term":[{"taxonomy":"category","embeddable":true,"href":"https:\/\/dobrezrodla.com\/index.php?rest_route=%2Fwp%2Fv2%2Fcategories&post=10773"},{"taxonomy":"post_tag","embeddable":true,"href":"https:\/\/dobrezrodla.com\/index.php?rest_route=%2Fwp%2Fv2%2Ftags&post=10773"}],"curies":[{"name":"wp","href":"https:\/\/api.w.org\/{rel}","templated":true}]}}