{"id":10775,"date":"2025-12-03T21:41:35","date_gmt":"2025-12-03T21:41:35","guid":{"rendered":"https:\/\/dobrezrodla.com\/?p=10775"},"modified":"2025-12-03T21:41:35","modified_gmt":"2025-12-03T21:41:35","slug":"sprzeciw-nawrockiego-byl-stanowczy-tak-zareagowal-rzad-tuska","status":"publish","type":"post","link":"https:\/\/dobrezrodla.com\/?p=10775","title":{"rendered":"Sprzeciw Nawrockiego by\u0142\u00a0stanowczy. Tak zareagowa\u0142 rz\u0105d Tuska"},"content":{"rendered":"\n<p>Nowy rozdzia\u0142 w napi\u0119tym starciu mi\u0119dzy najwy\u017cszymi w\u0142adzami pa\u0144stwowymi zosta\u0142 w\u0142a\u015bnie otwarty.<\/p>\n\n\n\n<p>W odpowiedzi na wcze\u015bniejsze decyzje, rz\u0105d podj\u0105\u0142 ruch maj\u0105cy bezpo\u015bredni wp\u0142yw na sytuacj\u0119 finansow\u0105 grupy funkcjonariuszy, co mo\u017ce oznacza\u0107 dalsze zaostrzenie sporu o kszta\u0142t i kontrol\u0119 nad kluczowymi instytucjami bezpiecze\u0144stwa.<br>&nbsp;<\/p>\n\n\n\n<p>Rz\u0105d rekompensuje awanse dodatkami finansowymi<br>Minister koordynator s\u0142u\u017cb specjalnych, Tomasz Siemoniak, og\u0142osi\u0142 w poniedzia\u0142ek, 1 grudnia, konkretne dzia\u0142ania rz\u0105du.<\/p>\n\n\n\n<p>Funkcjonariuszom Agencji Bezpiecze\u0144stwa Wewn\u0119trznego i S\u0142u\u017cby Kontrwywiadu Wojskowego, kt\u00f3rym prezydent Karol Nawrocki odm\u00f3wi\u0142 awansowania na pierwszy stopie\u0144 oficerski, szefowie tych s\u0142u\u017cb przyznali specjalne dodatki finansowe. \u015arodki te, naliczane od 1 grudnia, maj\u0105 odpowiada\u0107 podwy\u017ckom, jakie otrzymaliby po awansie oficerskim. Siemoniak w komunikacie na platformie X podkre\u015bli\u0142, \u017ce \u201eS\u0142u\u017cba dla Rzeczypospolitej Polskiej w czasach zagro\u017ce\u0144 i dywersji zas\u0142uguje na najwy\u017cszy szacunek!\u201d, sygnalizuj\u0105c w ten spos\u00f3b polityczne t\u0142o tej decyzji.<\/p>\n\n\n\n<p>Prezydent zarzuca blokad\u0119 spotka\u0144 i brak informacji<br>Konflikt ujawni\u0142 si\u0119 publicznie kilka dni przed Narodowym \u015awi\u0119tem Niepodleg\u0142o\u015bci, gdy premier Donald Tusk zarzuci\u0142 prezydentowi Nawrockiemu zablokowanie awans\u00f3w dla 136 funkcjonariuszy. W odpowiedzi prezydent opublikowa\u0142 nagranie, w kt\u00f3rym oskar\u017cy\u0142 premiera o wydanie zakazu spotyka\u0144 szef\u00f3w s\u0142u\u017cb specjalnych z g\u0142ow\u0105 pa\u0144stwa.<\/p>\n\n\n\n<p>&nbsp;Nawrocki wskaza\u0142, \u017ce odm\u00f3wiono udzielenia istotnych informacji bezpiecze\u0144stwa jego przedstawicielowi, a cztery zaplanowane spotkania z szefami ABW i SKW zosta\u0142y odwo\u0142ane. To na nich \u2013 jak t\u0142umaczy\u0142 \u2013 mia\u0142y zapa\u015b\u0107 decyzje w sprawie nominacji.<\/p>\n\n\n\n<p>Rzecznik prezydenta wskazuje na skr\u00f3cone szkolenia i odpowiedzialno\u015b\u0107 premiera<br>Rafa\u0142 Le\u015bkiewicz, rzecznik prezydenta, w wypowiedzi dla TV Republika rozwin\u0105\u0142 stanowisko strony prezydenckiej. Stwierdzi\u0142, \u017ce funkcjonariusze s\u0105 \u201eskrzywdzeni\u201d, ale win\u0119 za to ponosz\u0105 premier Donald Tusk oraz szefowie s\u0142u\u017cb, kt\u00f3rzy odm\u00f3wili spotkania. Le\u015bkiewicz podni\u00f3s\u0142 tak\u017ce merytoryczne w\u0105tpliwo\u015bci co do samych awans\u00f3w. Jego zdaniem, w ci\u0105gu ostatnich dw\u00f3ch lat proces szkolenia funkcjonariuszy znacz\u0105co skr\u00f3cono \u2013 z oko\u0142o 16 do zaledwie 6 tygodni. Prezydent, realizuj\u0105c sw\u00f3j konstytucyjny obowi\u0105zek dbania o bezpiecze\u0144stwo pa\u0144stwa, chcia\u0142 w\u0142a\u015bnie o tych kwestiach porozmawia\u0107. \u201eJe\u015bli szefowie s\u0142u\u017cb specjalnych pojawi\u0105 si\u0119 na spotkaniu z panem prezydentem, porozmawiaj\u0105 o sprawach bezpiecze\u0144stwa (\u2026) pan prezydent wyra\u017anie powiedzia\u0142: decyzje w\u00f3wczas zapadn\u0105\u201d \u2013 oznajmi\u0142 rzecznik, pozostawiaj\u0105c furtk\u0119 do potencjalnego rozwi\u0105zania sporu. Decyzja rz\u0105du o wyp\u0142acie dodatk\u00f3w jest jednak jasnym sygna\u0142em, \u017ce nie zamierza on czeka\u0107 na ust\u0119pstwa ze strony prezydenta, co mo\u017ce pog\u0142\u0119bi\u0107 instytucjonalny impas.<\/p>\n","protected":false},"excerpt":{"rendered":"<p>Nowy rozdzia\u0142 w napi\u0119tym starciu mi\u0119dzy najwy\u017cszymi w\u0142adzami pa\u0144stwowymi zosta\u0142 w\u0142a\u015bnie otwarty. W odpowiedzi na wcze\u015bniejsze decyzje, rz\u0105d podj\u0105\u0142 ruch maj\u0105cy bezpo\u015bredni wp\u0142yw na sytuacj\u0119 finansow\u0105 grupy funkcjonariuszy, co mo\u017ce oznacza\u0107 dalsze zaostrzenie sporu o kszta\u0142t i kontrol\u0119 nad kluczowymi instytucjami bezpiecze\u0144stwa.&nbsp; Rz\u0105d rekompensuje awanse dodatkami finansowymiMinister koordynator s\u0142u\u017cb specjalnych, Tomasz Siemoniak, og\u0142osi\u0142 w poniedzia\u0142ek, &#8230; <a title=\"Sprzeciw Nawrockiego by\u0142\u00a0stanowczy. Tak zareagowa\u0142 rz\u0105d Tuska\" class=\"read-more\" href=\"https:\/\/dobrezrodla.com\/?p=10775\" aria-label=\"Read more about Sprzeciw Nawrockiego by\u0142\u00a0stanowczy. Tak zareagowa\u0142 rz\u0105d Tuska\">Read more<\/a><\/p>\n","protected":false},"author":1,"featured_media":0,"comment_status":"open","ping_status":"open","sticky":false,"template":"","format":"standard","meta":{"footnotes":""},"categories":[1],"tags":[],"class_list":["post-10775","post","type-post","status-publish","format-standard","hentry","category-uncategorized"],"_links":{"self":[{"href":"https:\/\/dobrezrodla.com\/index.php?rest_route=\/wp\/v2\/posts\/10775","targetHints":{"allow":["GET"]}}],"collection":[{"href":"https:\/\/dobrezrodla.com\/index.php?rest_route=\/wp\/v2\/posts"}],"about":[{"href":"https:\/\/dobrezrodla.com\/index.php?rest_route=\/wp\/v2\/types\/post"}],"author":[{"embeddable":true,"href":"https:\/\/dobrezrodla.com\/index.php?rest_route=\/wp\/v2\/users\/1"}],"replies":[{"embeddable":true,"href":"https:\/\/dobrezrodla.com\/index.php?rest_route=%2Fwp%2Fv2%2Fcomments&post=10775"}],"version-history":[{"count":1,"href":"https:\/\/dobrezrodla.com\/index.php?rest_route=\/wp\/v2\/posts\/10775\/revisions"}],"predecessor-version":[{"id":10776,"href":"https:\/\/dobrezrodla.com\/index.php?rest_route=\/wp\/v2\/posts\/10775\/revisions\/10776"}],"wp:attachment":[{"href":"https:\/\/dobrezrodla.com\/index.php?rest_route=%2Fwp%2Fv2%2Fmedia&parent=10775"}],"wp:term":[{"taxonomy":"category","embeddable":true,"href":"https:\/\/dobrezrodla.com\/index.php?rest_route=%2Fwp%2Fv2%2Fcategories&post=10775"},{"taxonomy":"post_tag","embeddable":true,"href":"https:\/\/dobrezrodla.com\/index.php?rest_route=%2Fwp%2Fv2%2Ftags&post=10775"}],"curies":[{"name":"wp","href":"https:\/\/api.w.org\/{rel}","templated":true}]}}