{"id":10783,"date":"2025-12-03T21:43:30","date_gmt":"2025-12-03T21:43:30","guid":{"rendered":"https:\/\/dobrezrodla.com\/?p=10783"},"modified":"2025-12-03T21:43:30","modified_gmt":"2025-12-03T21:43:30","slug":"czarzasty-w-ostrych-slowach-o-nawrockim-za-co-pan-sie-msci","status":"publish","type":"post","link":"https:\/\/dobrezrodla.com\/?p=10783","title":{"rendered":"Czarzasty w ostrych s\u0142owach o Nawrockim. \u00abZa co pan si\u0119 m\u015bci?!\u00bb"},"content":{"rendered":"\n<p>Napi\u0119cie na linii Sejm \u2013 Pa\u0142ac Prezydencki przybiera na sile. W\u0142odzimierz Czarzasty publicznie kwestionuje motywy Karola Nawrockiego, pytaj\u0105c o zasadno\u015b\u0107 blokowania kluczowych ustaw.<\/p>\n\n\n\n<p>Marsza\u0142ek Sejmu sugeruje, \u017ce dzia\u0142ania g\u0142owy pa\u0144stwa mog\u0105 wynika\u0107 z ch\u0119ci politycznej dominacji, a ich ofiarami staj\u0105 si\u0119 zwykli obywatele.<\/p>\n\n\n\n<p>G\u0142\u00f3wne zarzuty wobec prezydenta<br>Marsza\u0142ek Sejmu W\u0142odzimierz Czarzasty odni\u00f3s\u0142 si\u0119 do sprawy rano w programie \u00abRozmowa Piaseckiego\u00bb. Formu\u0142uj\u0105c zarzut zemsty i zwracaj\u0105c si\u0119 do Karola Nawrockiego, polityk zapyta\u0142 wprost: \u201eZa co pan si\u0119 m\u015bci na tych ludziach?\u201d.<\/p>\n\n\n\n<p>\u201ePanie prezydencie, niech pan powie, dlaczego pan to robi? Jaki to ma sens? Jaki ma sens walka z parkiem narodowym? Jaki ma sens wetowanie ustawy lex Kamilek? Jaki ma sens uciekanie od sprawiedliwego opodatkowania fundacji rodzinnych? Jaka jest idea tego?\u201d<\/p>\n\n\n\n<p>\u201eO co pan walczy? O to, \u017ceby by\u0107 najwa\u017cniejszym cz\u0142owiekiem w naszym kraju? O to, \u017ceby by\u0107 wa\u017cniejszy od Tuska? Chce pan by\u0107 silnym cz\u0142owiekiem?\u201d<\/p>\n\n\n\n<p>Lista zawetowanych ustaw<br>W\u0142odzimierz Czarzasty wymieni\u0142 konkretne ustawy, kt\u00f3re zosta\u0142y zawetowane przez prezydenta. Wyliczy\u0142 on \u0142\u0105cznie 15 projekt\u00f3w ustaw. Podsumowa\u0142 to zestawienie s\u0142owami: \u201e15 ustaw! Co \u0142\u0105czy te 15 ustaw, kt\u00f3re wymieni\u0142em? Jedna rzecz. Weto prezydenta.\u201d.<\/p>\n\n\n\n<p>O elektrowniach wiatrowych<br>Ordynacja podatkowa<br>Deregulacja w zakresie energetyki<br>Pomoc obywatelom Ukrainy<br>O \u015brodkach ochrony ro\u015blin<br>Bezpiecze\u0144stwo paliwowe pa\u0144stwa<br>Lex Kamilek<br>O mniejszo\u015bciach narodowych i etnicznych<br>O ubezpieczeniach<br>Park Narodowy Doliny Dolnej Odry<br>Woda i \u015bcieki<br>Prawo o ruchu drogowym<br>Krajowy rejestr karny<br>Kodeks wyborczy<br>Fundacje rodzinne<\/p>\n\n\n\n<p>Sp\u00f3r o sejmow\u0105 zamra\u017cark\u0119<br>Informacja o tak zwanej \u201esejmowej zamra\u017carce\u201d, kt\u00f3ra rzekomo wstrzymuje projekty prezydenta, pojawi\u0142a si\u0119 na stronie g\u0142owy pa\u0144stwa. Marsza\u0142ek Sejmu W\u0142odzimierz Czarzasty odni\u00f3s\u0142 si\u0119 do tego w\u0105tku rano w programie \u00abRozmowa Piaseckiego\u00bb, stwierdzaj\u0105c kr\u00f3tko: \u201eZa bardzo si\u0119 tym nie przejmuj\u0119\u201d.<\/p>\n\n\n\n<p>Polityk wyja\u015bni\u0142, \u017ce nie podj\u0105\u0142 jeszcze \u017cadnej decyzji w sprawie ustaw, a stan ten trwa od dw\u00f3ch tygodni. Wyrazi\u0142 r\u00f3wnie\u017c opini\u0119, \u017ce \u201epanika prezydenta i jego otoczenia bierze si\u0119 st\u0105d, bo uwa\u017ca, \u017ce co\u015b robi nie tak i kto\u015b na to zareaguje\u201d.<\/p>\n\n\n\n<p>Jako dalsz\u0105 form\u0119 reakcji W\u0142odzimierz Czarzasty nagra\u0142 specjalne wideo. Materia\u0142 ten, w kt\u00f3rym wylicza\u0142 weta prezydenta Andrzeja Dudy, skierowa\u0142 specjalnie do Karola Nawrockiego.<\/p>\n\n\n\n<p>Zarzut zemsty na obywatelach<br>W\u0142odzimierz Czarzasty nagra\u0142 przes\u0142anie, kt\u00f3re skierowa\u0142 do Karola Nawrockiego. Marsza\u0142ek Sejmu, formu\u0142uj\u0105c zarzut zemsty, zapyta\u0142 w nim retorycznie: \u201eZa co pan si\u0119 m\u015bci na tych ludziach?\u201d.<\/p>\n\n\n\n<p>\u201eJaki ma sens walka z parkiem narodowym? Jaki ma sens wetowanie ustawy lex Kamilek? Jaki ma sens uciekanie od sprawiedliwego opodatkowania fundacji rodzinnych?\u201d<\/p>\n\n\n\n<p>\u201eZa co pan si\u0119 m\u015bci na tych ludziach, kt\u00f3rzy byli potencjalnie regulowani tymi ustawami? Co oni panu zrobili?\u201d<\/p>\n","protected":false},"excerpt":{"rendered":"<p>Napi\u0119cie na linii Sejm \u2013 Pa\u0142ac Prezydencki przybiera na sile. W\u0142odzimierz Czarzasty publicznie kwestionuje motywy Karola Nawrockiego, pytaj\u0105c o zasadno\u015b\u0107 blokowania kluczowych ustaw. Marsza\u0142ek Sejmu sugeruje, \u017ce dzia\u0142ania g\u0142owy pa\u0144stwa mog\u0105 wynika\u0107 z ch\u0119ci politycznej dominacji, a ich ofiarami staj\u0105 si\u0119 zwykli obywatele. G\u0142\u00f3wne zarzuty wobec prezydentaMarsza\u0142ek Sejmu W\u0142odzimierz Czarzasty odni\u00f3s\u0142 si\u0119 do sprawy rano &#8230; <a title=\"Czarzasty w ostrych s\u0142owach o Nawrockim. \u00abZa co pan si\u0119 m\u015bci?!\u00bb\" class=\"read-more\" href=\"https:\/\/dobrezrodla.com\/?p=10783\" aria-label=\"Read more about Czarzasty w ostrych s\u0142owach o Nawrockim. \u00abZa co pan si\u0119 m\u015bci?!\u00bb\">Read more<\/a><\/p>\n","protected":false},"author":1,"featured_media":0,"comment_status":"open","ping_status":"open","sticky":false,"template":"","format":"standard","meta":{"footnotes":""},"categories":[1],"tags":[],"class_list":["post-10783","post","type-post","status-publish","format-standard","hentry","category-uncategorized"],"_links":{"self":[{"href":"https:\/\/dobrezrodla.com\/index.php?rest_route=\/wp\/v2\/posts\/10783","targetHints":{"allow":["GET"]}}],"collection":[{"href":"https:\/\/dobrezrodla.com\/index.php?rest_route=\/wp\/v2\/posts"}],"about":[{"href":"https:\/\/dobrezrodla.com\/index.php?rest_route=\/wp\/v2\/types\/post"}],"author":[{"embeddable":true,"href":"https:\/\/dobrezrodla.com\/index.php?rest_route=\/wp\/v2\/users\/1"}],"replies":[{"embeddable":true,"href":"https:\/\/dobrezrodla.com\/index.php?rest_route=%2Fwp%2Fv2%2Fcomments&post=10783"}],"version-history":[{"count":1,"href":"https:\/\/dobrezrodla.com\/index.php?rest_route=\/wp\/v2\/posts\/10783\/revisions"}],"predecessor-version":[{"id":10784,"href":"https:\/\/dobrezrodla.com\/index.php?rest_route=\/wp\/v2\/posts\/10783\/revisions\/10784"}],"wp:attachment":[{"href":"https:\/\/dobrezrodla.com\/index.php?rest_route=%2Fwp%2Fv2%2Fmedia&parent=10783"}],"wp:term":[{"taxonomy":"category","embeddable":true,"href":"https:\/\/dobrezrodla.com\/index.php?rest_route=%2Fwp%2Fv2%2Fcategories&post=10783"},{"taxonomy":"post_tag","embeddable":true,"href":"https:\/\/dobrezrodla.com\/index.php?rest_route=%2Fwp%2Fv2%2Ftags&post=10783"}],"curies":[{"name":"wp","href":"https:\/\/api.w.org\/{rel}","templated":true}]}}