{"id":10859,"date":"2025-12-04T11:56:06","date_gmt":"2025-12-04T11:56:06","guid":{"rendered":"https:\/\/dobrezrodla.com\/?p=10859"},"modified":"2025-12-04T11:56:07","modified_gmt":"2025-12-04T11:56:07","slug":"celine-dion-szlocha-z-powodu-walki-z-zespolem-sztywnosci-i-zapewnia-ze-bedzie-pelzac-na-koncerty-w-zwiastunie-filmu-dokumentalnego","status":"publish","type":"post","link":"https:\/\/dobrezrodla.com\/?p=10859","title":{"rendered":"Celine Dion szlocha z powodu \u201ewalki\u201d z zespo\u0142em sztywno\u015bci i zapewnia, \u017ce \u200b\u200bb\u0119dzie \u201epe\u0142za\u0107\u201d na koncerty w zwiastunie filmu dokumentalnego"},"content":{"rendered":"\n<p>Celine&nbsp;opublikowa\u0142a zwiastun swojego nowego dokumentu, I Am: Celine Dion, kt\u00f3rego premiera odb\u0119dzie si\u0119 25 czerwca.<\/p>\n\n\n\n<p>Piosenkarka zrobi\u0142a sobie przerw\u0119 od wyst\u0119p\u00f3w, ale nagra\u0142a dla&nbsp;Amazon&nbsp;materia\u0142 , w kt\u00f3rym opowiada o swoich zmaganiach ze zdrowiem.<\/p>\n\n\n\n<p>Zesp\u00f3\u0142 sztywnej osoby&nbsp;wp\u0142ywa na uk\u0142ad nerwowy&nbsp;i mo\u017ce powodowa\u0107 bolesne skurcze, kt\u00f3re z czasem si\u0119 nasilaj\u0105.<\/p>\n\n\n\n<p>W zwiastunie filmu I Am: Celine Dion piosenkarka rozp\u0142aka\u0142a si\u0119, wspominaj\u0105c sw\u00f3j stan zdrowia, i obieca\u0142a, \u017ce \u200b\u200bb\u0119dzie chodzi\u0107 na koncerty na czworakach.<\/p>\n\n\n\n<p>Przeczytaj wi\u0119cej o Celine Dion<a href=\"https:\/\/www.the-sun.com\/entertainment\/11172713\/celine-dion-stiff-person-syndrome\/\"><\/a><\/p>\n\n\n\n<p>\u201eZdiagnozowano u mnie bardzo rzadk\u0105 chorob\u0119 neurologiczn\u0105 i wcze\u015bniej nie by\u0142am gotowa, \u017ceby cokolwiek powiedzie\u0107\u201d \u2013 powiedzia\u0142a przed kamer\u0105.<\/p>\n\n\n\n<p>\u201eAle teraz jestem gotowy.\u201d<\/p>\n\n\n\n<p>W zwiastunie s\u0142ycha\u0107 d\u017awi\u0119k po\u0142\u0105czenia alarmowego 911, na tle kilku uj\u0119\u0107 ukazuj\u0105cych Celine przyjmuj\u0105c\u0105 leki.<\/p>\n\n\n\n<p>Celine wzruszy\u0142a si\u0119, gdy powiedzia\u0142a, \u017ce&nbsp;\u200b\u200bmusi odwo\u0142a\u0107 koncerty&nbsp;ze wzgl\u0119du na&nbsp;z\u0142y stan zdrowia&nbsp;.<\/p>\n\n\n\n<h3 class=\"wp-block-heading\">Najcz\u0119\u015bciej czytane w kategorii Gwiazdy<a href=\"https:\/\/www.the-sun.com\/entertainment\/15581006\/gwen-stefani-blake-shelton-marriage-challenges-strain\/\"><\/a><\/h3>\n\n\n\n<p><a href=\"https:\/\/www.the-sun.com\/entertainment\/15583755\/donyelle-jones-so-you-think-you-can-dance-dead\/\"><\/a>\u201eNie jest trudno wystawi\u0107 koncert, ale trudno go odwo\u0142a\u0107\u201d \u2013 powiedzia\u0142a przez \u0142zy.<\/p>\n\n\n\n<p>\u201ePracuj\u0119 ci\u0119\u017cko ka\u017cdego dnia, ale musz\u0119 przyzna\u0107, \u017ce to by\u0142a walka. Bardzo mi tego brakuje, ludzi, t\u0119skni\u0119 za nimi\u201d.<\/p>\n\n\n\n<p>\u201eJe\u015bli nie mog\u0119 biec, b\u0119d\u0119 chodzi\u0107. Je\u015bli nie mog\u0119 i\u015b\u0107, b\u0119d\u0119 si\u0119 czo\u0142ga\u0107. Ale si\u0119 nie zatrzymam\u201d \u2013 doda\u0142a.<\/p>\n\n\n\n<h2 class=\"wp-block-heading\">DIAGNOZA<\/h2>\n\n\n\n<p>Celine po raz pierwszy ujawni\u0142a, \u017ce \u200b\u200bcierpi na t\u0119 chorob\u0119 w 2022 roku, kiedy&nbsp;zmuszona by\u0142a odwo\u0142a\u0107&nbsp;kilka koncert\u00f3w.<\/p>\n\n\n\n<p>Powiedzia\u0142a fanom, \u017ce cierpi na rzadk\u0105 chorob\u0119 autoimmunologiczn\u0105, po czym wycofa\u0142a si\u0119 z \u017cycia publicznego.<\/p>\n\n\n\n<p>Celine udost\u0119pni\u0142a na&nbsp;Instagramie&nbsp;zdj\u0119cie ze swoimi trzema synami: Ren\u00e9-Charlesem, Nelsonem i Eddym, kt\u00f3rych dzieli\u0142a ze zmar\u0142ym m\u0119\u017cem Ren\u00e9 Ang\u00e9lilem, z okazji Dnia Zespo\u0142u Sztywno\u015bci Ludzkiej.<\/p>\n\n\n\n<p>\u201ePr\u00f3ba przezwyci\u0119\u017cenia tej choroby autoimmunologicznej by\u0142a jednym z najtrudniejszych do\u015bwiadcze\u0144 w moim \u017cyciu, ale jestem zdecydowana, \u017ce \u200b\u200bpewnego dnia wr\u00f3c\u0119 na scen\u0119 i b\u0119d\u0119 \u017cy\u0107 tak normalnie, jak to mo\u017cliwe\u201d \u2013 napisa\u0142a w podpisie do posta.<\/p>\n\n\n\n<p>\u201eJestem g\u0142\u0119boko wdzi\u0119czny za mi\u0142o\u015b\u0107 i wsparcie, jakie otrzymuj\u0119 od moich dzieci, rodziny, zespo\u0142u i od Was wszystkich!<\/p>\n\n\n\n<p>\u201eChc\u0119 przes\u0142a\u0107 wyrazy wsparcia i otuchy wszystkim ludziom na ca\u0142ym \u015bwiecie, kt\u00f3rych dotkn\u0105\u0142 SPS. Chc\u0119, \u017ceby\u015bcie wiedzieli, \u017ce dacie rad\u0119! My damy rad\u0119! Z mi\u0142o\u015bci\u0105, Celine xx\u2026\u201d \u2013 zako\u0144czy\u0142a.<\/p>\n\n\n\n<h3 class=\"wp-block-heading\">Czym jest zesp\u00f3\u0142 sztywnej osoby?<\/h3>\n\n\n\n<p>Celine Dion znikn\u0119\u0142a z centrum uwagi po tym, jak zdiagnozowano u niej rzadk\u0105 chorob\u0119 autoimmunologiczn\u0105<\/p>\n\n\n\n<p>Zesp\u00f3\u0142 sztywno\u015bci cia\u0142a to rzadkie zaburzenie neurologiczne, kt\u00f3re rozwija si\u0119 z czasem.<\/p>\n\n\n\n<p>Schorzenie to powoduje b\u00f3l i skurcze mi\u0119\u015bni, kt\u00f3re nasilaj\u0105 si\u0119 z biegiem lat.<\/p>\n\n\n\n<p>Jak podaje Contact A Family, organizacja charytatywna pomagaj\u0105ca rodzinom dzieci niepe\u0142nosprawnych, schorzenie to charakteryzuje si\u0119 \u201epost\u0119puj\u0105c\u0105 sztywno\u015bci\u0105 i bolesnymi skurczami plec\u00f3w i ko\u0144czyn, kt\u00f3re cz\u0119sto s\u0105 wywo\u0142ywane przez dotyk, ha\u0142as lub l\u0119k, a nasilaj\u0105 si\u0119 przy ruchu\u201d.<\/p>\n\n\n\n<p>Obecnie nie ma lekarstwa na t\u0119 chorob\u0119, ale \u015bmier\u0107 z jej powodu zdarza si\u0119 rzadko.<\/p>\n\n\n\n<p>Silne skurcze w klatce piersiowej mog\u0105 czasami powodowa\u0107 trudno\u015bci w oddychaniu.<\/p>\n\n\n\n<p>Jej dokument jest sposobem na pokazanie jej walki z zespo\u0142em, kt\u00f3ry nie jest powszechnie znany opinii publicznej.<\/p>\n\n\n\n<p>Obecnie nie ma lekarstwa na t\u0119 chorob\u0119 i Celine ma nadziej\u0119, \u017ce uda jej si\u0119 wr\u00f3ci\u0107 do wyst\u0119p\u00f3w.<\/p>\n\n\n\n<p>Wed\u0142ug opisu na Amazonie, dokument zosta\u0142 opisany jako intymne spojrzenie na prywatn\u0105 walk\u0119 Celine.<\/p>\n\n\n\n<p>POLECANE HISTORIE<\/p>\n\n\n\n<p><a href=\"https:\/\/www.the-sun.com\/sport\/15580437\/laura-woods-faints-itv-england-ghana\/\"><\/a><\/p>\n\n\n\n<p>\u201eI Am: Celine Dion to szczery i surowy wgl\u0105d w kulisy walki kultowej supergwiazdy z chorob\u0105 zmieniaj\u0105c\u0105 \u017cycie\u201d \u2013 czytamy w tek\u015bcie.<\/p>\n\n\n\n<p>\u201eTen inspiruj\u0105cy dokument, b\u0119d\u0105cy swego rodzaju listem mi\u0142osnym do jej fan\u00f3w, podkre\u015bla ro<\/p>\n","protected":false},"excerpt":{"rendered":"<p>Celine&nbsp;opublikowa\u0142a zwiastun swojego nowego dokumentu, I Am: Celine Dion, kt\u00f3rego premiera odb\u0119dzie si\u0119 25 czerwca. Piosenkarka zrobi\u0142a sobie przerw\u0119 od wyst\u0119p\u00f3w, ale nagra\u0142a dla&nbsp;Amazon&nbsp;materia\u0142 , w kt\u00f3rym opowiada o swoich zmaganiach ze zdrowiem. Zesp\u00f3\u0142 sztywnej osoby&nbsp;wp\u0142ywa na uk\u0142ad nerwowy&nbsp;i mo\u017ce powodowa\u0107 bolesne skurcze, kt\u00f3re z czasem si\u0119 nasilaj\u0105. W zwiastunie filmu I Am: Celine Dion &#8230; <a title=\"Celine Dion szlocha z powodu \u201ewalki\u201d z zespo\u0142em sztywno\u015bci i zapewnia, \u017ce \u200b\u200bb\u0119dzie \u201epe\u0142za\u0107\u201d na koncerty w zwiastunie filmu dokumentalnego\" class=\"read-more\" href=\"https:\/\/dobrezrodla.com\/?p=10859\" aria-label=\"Read more about Celine Dion szlocha z powodu \u201ewalki\u201d z zespo\u0142em sztywno\u015bci i zapewnia, \u017ce \u200b\u200bb\u0119dzie \u201epe\u0142za\u0107\u201d na koncerty w zwiastunie filmu dokumentalnego\">Read more<\/a><\/p>\n","protected":false},"author":1,"featured_media":0,"comment_status":"open","ping_status":"open","sticky":false,"template":"","format":"standard","meta":{"footnotes":""},"categories":[1],"tags":[],"class_list":["post-10859","post","type-post","status-publish","format-standard","hentry","category-uncategorized"],"_links":{"self":[{"href":"https:\/\/dobrezrodla.com\/index.php?rest_route=\/wp\/v2\/posts\/10859","targetHints":{"allow":["GET"]}}],"collection":[{"href":"https:\/\/dobrezrodla.com\/index.php?rest_route=\/wp\/v2\/posts"}],"about":[{"href":"https:\/\/dobrezrodla.com\/index.php?rest_route=\/wp\/v2\/types\/post"}],"author":[{"embeddable":true,"href":"https:\/\/dobrezrodla.com\/index.php?rest_route=\/wp\/v2\/users\/1"}],"replies":[{"embeddable":true,"href":"https:\/\/dobrezrodla.com\/index.php?rest_route=%2Fwp%2Fv2%2Fcomments&post=10859"}],"version-history":[{"count":1,"href":"https:\/\/dobrezrodla.com\/index.php?rest_route=\/wp\/v2\/posts\/10859\/revisions"}],"predecessor-version":[{"id":10860,"href":"https:\/\/dobrezrodla.com\/index.php?rest_route=\/wp\/v2\/posts\/10859\/revisions\/10860"}],"wp:attachment":[{"href":"https:\/\/dobrezrodla.com\/index.php?rest_route=%2Fwp%2Fv2%2Fmedia&parent=10859"}],"wp:term":[{"taxonomy":"category","embeddable":true,"href":"https:\/\/dobrezrodla.com\/index.php?rest_route=%2Fwp%2Fv2%2Fcategories&post=10859"},{"taxonomy":"post_tag","embeddable":true,"href":"https:\/\/dobrezrodla.com\/index.php?rest_route=%2Fwp%2Fv2%2Ftags&post=10859"}],"curies":[{"name":"wp","href":"https:\/\/api.w.org\/{rel}","templated":true}]}}