{"id":10884,"date":"2025-12-04T22:32:20","date_gmt":"2025-12-04T22:32:20","guid":{"rendered":"https:\/\/dobrezrodla.com\/?p=10884"},"modified":"2025-12-04T22:32:20","modified_gmt":"2025-12-04T22:32:20","slug":"ostatnie-slowa-matadora-przed-smiercia-byk-przebil-jego-pluco","status":"publish","type":"post","link":"https:\/\/dobrezrodla.com\/?p=10884","title":{"rendered":"Ostatnie s\u0142owa matadora przed \u015bmierci\u0105. Byk przebi\u0142 jego p\u0142uco."},"content":{"rendered":"\n<p><\/p>\n\n\n\n<hr class=\"wp-block-separator has-alpha-channel-opacity\"\/>\n\n\n\n<p>W czerwcu 2017 roku \u015bwiat corridy pogr\u0105\u017cy\u0142 si\u0119 w \u017ca\u0142obie. W po\u0142udniowo-zachodniej Francji, na oczach tysi\u0119cy widz\u00f3w, \u017cycie straci\u0142 jeden z najbardziej znanych matador\u00f3w swoich czas\u00f3w \u2013 Iv\u00e1n Fandi\u00f1o. Jego \u015bmier\u0107 w Aire-sur-l\u2019Adour by\u0142a nie tylko dramatycznym wydarzeniem dla \u015bwiata mi\u0142o\u015bnik\u00f3w corridy, ale r\u00f3wnie\u017c symbolicznym przypomnieniem o nieprzewidywalno\u015bci tej niebezpiecznej tradycji.<\/p>\n\n\n\n<h2 class=\"wp-block-heading\">Kim by\u0142 Iv\u00e1n Fandi\u00f1o?<\/h2>\n\n\n\n<p>Urodzony w Kraju Bask\u00f3w Fandi\u00f1o nie by\u0142 zwyk\u0142ym uczestnikiem walk z bykami \u2013 by\u0142 ikon\u0105, cz\u0142owiekiem, kt\u00f3ry zbudowa\u0142 swoj\u0105 legend\u0119 na podejmowaniu ryzyka tam, gdzie inni widzieli jedynie zagro\u017cenie. Przez ponad dziesi\u0119\u0107 lat swojej kariery torowa\u0142 drog\u0119 przez najbardziej wymagaj\u0105ce areny Hiszpanii i Francji, zyskuj\u0105c uznanie dzi\u0119ki swojej odwadze, technice i niez\u0142omnemu duchowi.<\/p>\n\n\n\n<p>Nie unika\u0142 niebezpiecznych byk\u00f3w \u2013 wr\u0119cz przeciwnie, s\u0142yn\u0105\u0142 z tego, \u017ce stawia\u0142 im czo\u0142a, gdy inni si\u0119 wycofywali. Taka postawa przynios\u0142a mu zar\u00f3wno chwa\u0142\u0119, jak i szereg uraz\u00f3w w trakcie wyst\u0119p\u00f3w.<\/p>\n\n\n\n<h2 class=\"wp-block-heading\">Tragiczny dzie\u0144 w Aire-sur-l\u2019Adour<\/h2>\n\n\n\n<p>17 czerwca 2017 roku podczas festiwalu w miejscowo\u015bci Aire-sur-l\u2019Adour Fandi\u00f1o po raz ostatni wszed\u0142 na aren\u0119. Cho\u0107 mia\u0142 ju\u017c za sob\u0105 jeden pojedynek, zdecydowa\u0142 si\u0119 na kolejne wyj\u015bcie. To w\u0142a\u015bnie wtedy, podczas wymiany cios\u00f3w z bykiem, dosz\u0142o do dramatycznego wypadku.<\/p>\n\n\n\n<p>Fandi\u00f1o zapl\u0105ta\u0142 si\u0119 w peleryn\u0119 \u2013 kluczowy rekwizyt ka\u017cdego torreadora \u2013 i straci\u0142 r\u00f3wnowag\u0119. Upadek na ziemi\u0119 okaza\u0142 si\u0119 tragiczny. Byk wa\u017c\u0105cy niemal p\u00f3\u0142 tony wykorzysta\u0142 moment i wbi\u0142 r\u00f3g w bok matadora. Cios przebi\u0142 jego klatk\u0119 piersiow\u0105, uszkadzaj\u0105c kilka wa\u017cnych narz\u0105d\u00f3w, w tym p\u0142uca.<\/p>\n\n\n\n<h2 class=\"wp-block-heading\">Ostatnie chwile bohatera<\/h2>\n\n\n\n<p>Kiedy ratownicy wynosili go z areny, Fandi\u00f1o by\u0142 jeszcze przytomny, ale wiedzia\u0142, \u017ce sytuacja jest powa\u017cna. Wed\u0142ug relacji \u015bwiadk\u00f3w jego ostatnie s\u0142owa brzmia\u0142y: *\u201ePo\u015bpieszcie si\u0119, umieram\u201d*. W drodze do szpitala dosz\u0142o do zatrzymania kr\u0105\u017cenia. Lekarze nie zdo\u0142ali go uratowa\u0107.<\/p>\n\n\n\n<p>\u015amier\u0107 Fandi\u00f1o wstrz\u0105sn\u0119\u0142a zar\u00f3wno spo\u0142eczno\u015bci\u0105 mi\u0142o\u015bnik\u00f3w walk byk\u00f3w, jak i jego najbli\u017cszymi wsp\u00f3\u0142pracownikami. Inny torreador, Juan del \u00c1lamo \u2013 kt\u00f3ry ostatecznie zabi\u0142 byka \u2013 nie kry\u0142 niedowierzania. W rozmowie z dziennikarzami przyzna\u0142: *\u201eNie mo\u017cemy w to uwierzy\u0107. Wszystko wydarzy\u0142o si\u0119 tak szybko, nikt nie zd\u0105\u017cy\u0142 zareagowa\u0107\u201d*.<\/p>\n\n\n\n<h2 class=\"wp-block-heading\">Nie by\u0142a to jego pierwsza konfrontacja z niebezpiecze\u0144stwem<\/h2>\n\n\n\n<p>Cho\u0107 tragiczny wypadek zako\u0144czy\u0142 \u017cycie Fandi\u00f1o, to nie by\u0142 to jego pierwszy kontakt z brutaln\u0105 stron\u0105 corridy. W 2014 roku podczas wyst\u0119pu we francuskim Bayonne straci\u0142 przytomno\u015b\u0107 na arenie po gro\u017anym uderzeniu. Rok p\u00f3\u017aniej w Pampelunie byk wyrzuci\u0142 go w powietrze. Ka\u017cde z tych wydarze\u0144 stanowi\u0142o dow\u00f3d na to, jak cienka jest granica mi\u0119dzy brawur\u0105 a \u015bmierci\u0105 w tej dyscyplinie.<\/p>\n\n\n\n<figure class=\"wp-block-image\"><img decoding=\"async\" src=\"https:\/\/pozytywnie.com.pl\/wp-content\/uploads\/2025\/06\/matador.jpg\" alt=\"\"\/><\/figure>\n\n\n\n<p>Jednak dopiero dramatyczne wydarzenia z 2017 roku sprawi\u0142y, \u017ce matador z Kraju Bask\u00f3w na zawsze zapisa\u0142 si\u0119 w historii jako pierwszy zawodnik, kt\u00f3ry zgin\u0105\u0142 na francuskiej arenie od prawie stu lat. Ostatni\u0105 podobn\u0105 tragedi\u0105 by\u0142a \u015bmier\u0107 Isidora Mari Fernando w B\u00e9ziers w 1921 roku.<\/p>\n\n\n\n<h2 class=\"wp-block-heading\">Reakcje na \u015bmier\u0107 Fandi\u00f1o<\/h2>\n\n\n\n<p>Po tragicznych wydarzeniach ho\u0142dy nap\u0142ywa\u0142y z ca\u0142ego \u015bwiata. Kr\u00f3l Hiszpanii Filip VI okre\u015bli\u0142 Fandi\u00f1o mianem \u201ewielkiego reprezentanta tradycji walk byk\u00f3w\u201d. Premier Mariano Rajoy r\u00f3wnie\u017c uczci\u0142 jego pami\u0119\u0107, wyra\u017caj\u0105c g\u0142\u0119boki \u017cal i podkre\u015blaj\u0105c jego zas\u0142ugi dla hiszpa\u0144skiej kultury.<\/p>\n\n\n\n<p>Dla wielu Fandi\u00f1o by\u0142 symbolem odwagi i tradycyjnych warto\u015bci \u2013 cz\u0142owiekiem, kt\u00f3ry po\u015bwi\u0119ci\u0142 \u017cycie pasji. Jednak dla innych jego \u015bmier\u0107 by\u0142a impulsem do zadania pytania: czy ta brutalna tradycja powinna nadal istnie\u0107?<\/p>\n\n\n\n<h2 class=\"wp-block-heading\">Corrida pod lup\u0105 opinii publicznej<\/h2>\n\n\n\n<p>Walki z bykami, mimo \u017ce zakorzenione w kulturze Hiszpanii i cz\u0119\u015bci Francji, od lat wzbudzaj\u0105 skrajne emocje. W niekt\u00f3rych regionach zakazano ich ca\u0142kowicie. Jednak we Francji w 2012 roku zalegalizowano je ponownie, uznaj\u0105c za element lokalnego dziedzictwa kulturowego.<\/p>\n\n\n\n<p>Hiszpania z kolei, mimo rosn\u0105cego sprzeciwu organizacji prozwierz\u0119cych, nadal broni tej tradycji. \u015amier\u0107 Fandi\u00f1o o\u017cywi\u0142a debat\u0119 spo\u0142eczn\u0105 \u2013 nie tylko na temat ryzyka, jakie podejmuj\u0105 matadorzy, ale te\u017c cierpienia zwierz\u0105t i etyki ca\u0142ego widowiska.<\/p>\n\n\n\n<h2 class=\"wp-block-heading\">Corrida: sztuka czy okrucie\u0144stwo?<\/h2>\n\n\n\n<p>Zwolennicy walk byk\u00f3w podkre\u015blaj\u0105, \u017ce jest to forma sztuki \u2013 widowisko o g\u0142\u0119bokich korzeniach, kt\u00f3re wymaga mistrzostwa, odwagi i po\u015bwi\u0119cenia. Dla nich matadorzy to nie tylko wojownicy, lecz arty\u015bci, kt\u00f3rzy ryzykuj\u0105 wszystko, aby opowiedzie\u0107 histori\u0119 walki cz\u0142owieka z losem.<\/p>\n\n\n\n<p>Z kolei przeciwnicy zwracaj\u0105 uwag\u0119 na cierpienie zwierz\u0105t, brutalno\u015b\u0107 widowiska i archaiczny charakter tej formy rozrywki. Dla nich ka\u017cda tragedia \u2013 tak\u017ce ta, kt\u00f3ra spotka\u0142a Fandi\u00f1o \u2013 jest dowodem na to, \u017ce corrida powinna przej\u015b\u0107 do historii.<\/p>\n\n\n\n<h2 class=\"wp-block-heading\">Dziedzictwo Fandi\u00f1o \u2013 pytanie bez odpowiedzi<\/h2>\n\n\n\n<p>Iv\u00e1n Fandi\u00f1o zap\u0142aci\u0142 najwy\u017csz\u0105 cen\u0119 za swoje oddanie tradycji. Jego \u015bmier\u0107 pozostawi\u0142a g\u0142\u0119boki \u015blad nie tylko w \u015brodowisku matador\u00f3w, ale tak\u017ce w sercach ludzi, dla kt\u00f3rych by\u0142 uosobieniem pasji, odwagi i walki z przeznaczeniem.<\/p>\n\n\n\n<p>Czy warto ryzykowa\u0107 \u017cycie w imi\u0119 dziedzictwa? Czy tradycja jest warta b\u00f3lu i \u015bmierci \u2013 zar\u00f3wno ludzi, jak i zwierz\u0105t? Odpowied\u017a na te pytania ka\u017cdy musi odnale\u017a\u0107 sam. Jedno jest pewne: historia Iv\u00e1na Fandi\u00f1o na zawsze pozostanie jednym z najbardziej dramatycznych rozdzia\u0142\u00f3w wsp\u00f3\u0142czesnej corridy.<\/p>\n","protected":false},"excerpt":{"rendered":"<p>W czerwcu 2017 roku \u015bwiat corridy pogr\u0105\u017cy\u0142 si\u0119 w \u017ca\u0142obie. W po\u0142udniowo-zachodniej Francji, na oczach tysi\u0119cy widz\u00f3w, \u017cycie straci\u0142 jeden z najbardziej znanych matador\u00f3w swoich czas\u00f3w \u2013 Iv\u00e1n Fandi\u00f1o. Jego \u015bmier\u0107 w Aire-sur-l\u2019Adour by\u0142a nie tylko dramatycznym wydarzeniem dla \u015bwiata mi\u0142o\u015bnik\u00f3w corridy, ale r\u00f3wnie\u017c symbolicznym przypomnieniem o nieprzewidywalno\u015bci tej niebezpiecznej tradycji. Kim by\u0142 Iv\u00e1n Fandi\u00f1o? &#8230; <a title=\"Ostatnie s\u0142owa matadora przed \u015bmierci\u0105. Byk przebi\u0142 jego p\u0142uco.\" class=\"read-more\" href=\"https:\/\/dobrezrodla.com\/?p=10884\" aria-label=\"Read more about Ostatnie s\u0142owa matadora przed \u015bmierci\u0105. Byk przebi\u0142 jego p\u0142uco.\">Read more<\/a><\/p>\n","protected":false},"author":1,"featured_media":0,"comment_status":"open","ping_status":"open","sticky":false,"template":"","format":"standard","meta":{"footnotes":""},"categories":[1],"tags":[],"class_list":["post-10884","post","type-post","status-publish","format-standard","hentry","category-uncategorized"],"_links":{"self":[{"href":"https:\/\/dobrezrodla.com\/index.php?rest_route=\/wp\/v2\/posts\/10884","targetHints":{"allow":["GET"]}}],"collection":[{"href":"https:\/\/dobrezrodla.com\/index.php?rest_route=\/wp\/v2\/posts"}],"about":[{"href":"https:\/\/dobrezrodla.com\/index.php?rest_route=\/wp\/v2\/types\/post"}],"author":[{"embeddable":true,"href":"https:\/\/dobrezrodla.com\/index.php?rest_route=\/wp\/v2\/users\/1"}],"replies":[{"embeddable":true,"href":"https:\/\/dobrezrodla.com\/index.php?rest_route=%2Fwp%2Fv2%2Fcomments&post=10884"}],"version-history":[{"count":1,"href":"https:\/\/dobrezrodla.com\/index.php?rest_route=\/wp\/v2\/posts\/10884\/revisions"}],"predecessor-version":[{"id":10885,"href":"https:\/\/dobrezrodla.com\/index.php?rest_route=\/wp\/v2\/posts\/10884\/revisions\/10885"}],"wp:attachment":[{"href":"https:\/\/dobrezrodla.com\/index.php?rest_route=%2Fwp%2Fv2%2Fmedia&parent=10884"}],"wp:term":[{"taxonomy":"category","embeddable":true,"href":"https:\/\/dobrezrodla.com\/index.php?rest_route=%2Fwp%2Fv2%2Fcategories&post=10884"},{"taxonomy":"post_tag","embeddable":true,"href":"https:\/\/dobrezrodla.com\/index.php?rest_route=%2Fwp%2Fv2%2Ftags&post=10884"}],"curies":[{"name":"wp","href":"https:\/\/api.w.org\/{rel}","templated":true}]}}