{"id":10906,"date":"2025-12-04T22:40:31","date_gmt":"2025-12-04T22:40:31","guid":{"rendered":"https:\/\/dobrezrodla.com\/?p=10906"},"modified":"2025-12-04T22:40:31","modified_gmt":"2025-12-04T22:40:31","slug":"kosciol-wprowadzil-wazna-zmiane-arcybiskup-juz-zdecydowal","status":"publish","type":"post","link":"https:\/\/dobrezrodla.com\/?p=10906","title":{"rendered":"Ko\u015bci\u00f3\u0142 wprowadzi\u0142 wa\u017cn\u0105 zmian\u0119. Arcybiskup ju\u017c zdecydowa\u0142"},"content":{"rendered":"\n<p><\/p>\n\n\n\n<p>W pi\u0105tek, 5 grudnia, wierni na \u015al\u0105sku mog\u0105 spokojnie planowa\u0107 schabowego \u2014 \u201edyspensa arcybiskupa\u201d wchodzi w \u017cycie po g\u00f3rniczej Barb\u00f3rce.<\/p>\n\n\n\n<p>Decyzja zaskoczy\u0142a skal\u0105\u2026 i ograniczeniem: dotyczy tylko jednego miejsca. Kto dok\u0142adnie skorzysta i na jakich warunkach? Kulisy s\u0105 ciekawsze, ni\u017c my\u015blisz. O co dok\u0142adnie chodzi?<\/p>\n\n\n\n<p>\u015al\u0105ski wyj\u0105tek, czyli co naprawd\u0119 og\u0142oszono<br>Barb\u00f3rka, patronalne \u015bwi\u0119to g\u00f3rnik\u00f3w przypadaj\u0105ce 4 grudnia, ma na \u015al\u0105sku status niemal czerwonego dywanu \u2014 orkiestry d\u0119te, mundury, honory, a do tego ca\u0142y pakiet tradycji piel\u0119gnowanych przez pokolenia.<\/p>\n\n\n\n<p>W wielu miastach to dzie\u0144, kt\u00f3ry zaczyna si\u0119 od uroczystych przemarsz\u00f3w i mszy w intencji g\u00f3rnik\u00f3w, a ko\u0144czy spotkaniami, podczas kt\u00f3rych wspomina si\u0119 tych, kt\u00f3rzy zgin\u0119li pod ziemi\u0105.&nbsp;<\/p>\n\n\n\n<p>Nic wi\u0119c dziwnego, \u017ce 5 grudnia, dzie\u0144 po g\u0142\u00f3wnych obchodach, oczy wiernych zwr\u00f3ci\u0142y si\u0119 ku decyzji lokalnego Ko\u015bcio\u0142a: metropolita katowicki abp Andrzej Przybylski og\u0142osi\u0142 dyspens\u0119 od pi\u0105tkowej wstrzemi\u0119\u017aliwo\u015bci od mi\u0119sa.<\/p>\n\n\n\n<p>Cho\u0107 brzmi to formalnie, dyspensa to po prostu ko\u015bcielne zwolnienie z obowi\u0105zku postu \u2014 i co wa\u017cne, dotyczy wy\u0142\u0105cznie Archidiecezji Katowickiej. To oznacza, \u017ce kto\u015b, kto w pi\u0105tek zje schabowego w Katowicach, b\u0119dzie w pe\u0142ni \u201ew zgodzie z przepisami\u201d, ale ju\u017c w Krakowie czy Opolu taka ulga nie obowi\u0105zuje. Sam Ko\u015bci\u00f3\u0142 t\u0142umaczy decyzj\u0119 lokaln\u0105 tradycj\u0105 i tym, \u017ce barb\u00f3rkowe \u015bwi\u0119towanie jest dla \u015al\u0105ska wydarzeniem wyj\u0105tkowym, g\u0142\u0119boko wpisanym w to\u017csamo\u015b\u0107 regionu. Dzi\u0119ki temu wierni mog\u0105 bez skrupu\u0142\u00f3w \u015bwi\u0119towa\u0107 jeden z najwa\u017cniejszych dni w \u015bl\u0105skim kalendarzu.<\/p>\n\n\n\n<p>To jednak nie wszystko.<\/p>\n\n\n\n<p>Kto skorzysta i pod jakim warunkiem<br>Nie trzeba mie\u0107 metryki \u201eurodzony w g\u00f3rniczej rodzinie\u201d. Dyspensa 5 grudnia dotyczy \u201ewszystkich diecezjan oraz wiernych przebywaj\u0105cych tego dnia na terenie archidiecezji\u201d \u2014 czyli liczy si\u0119 miejsce pobytu, nie adres zameldowania. Jest jednak elegancka etykieta: korzystaj\u0105cy proszeni s\u0105 o gest duchowy albo charytatywny w zamian (modlitwa, ja\u0142mu\u017cna, pomoc s\u0105siadowi \u2014 wyb\u00f3r nale\u017cy do ciebie).&nbsp;<\/p>\n\n\n\n<p>To typowa praktyka przy podobnych decyzjach, a komunikat kurii nie pozostawia w\u0105tpliwo\u015bci: m\u00f3wimy o jednorazowym, lokalnym rozwi\u0105zaniu, a nie o zniesieniu postu \u201ena sta\u0142e\u201d. Dla porz\u0105dku: w innych diecezjach w Polsce pi\u0105tkowa wstrzemi\u0119\u017aliwo\u015b\u0107 wci\u0105\u017c obowi\u0105zuje, o ile miejscowi biskupi nie og\u0142osz\u0105 w\u0142asnych wyj\u0105tk\u00f3w.<\/p>\n\n\n\n<p>Dlaczego w\u0142a\u015bnie teraz?<\/p>\n\n\n\n<p>Dlaczego teraz i co dalej<br>Timing nie jest przypadkowy: 4 grudnia \u015al\u0105sk \u015bwi\u0119tuje \u015bw. Barbar\u0119, patronk\u0119 g\u00f3rnik\u00f3w i ca\u0142ej archidiecezji, wi\u0119c dzie\u0144 p\u00f3\u017aniej przychodzi \u201ebarb\u00f3rkowe\u201d z\u0142agodzenie zasad. Ko\u015bcielny kalendarz spotyka si\u0119 tu z regionaln\u0105 to\u017csamo\u015bci\u0105 i odrobin\u0105 zdrowego rozs\u0105dku. Komunikat kurii wskazuje wprost na pow\u00f3d oraz terytorialny zasi\u0119g. W praktyce oznacza to, \u017ce celebryckie bankiety i rodzinne spotkania w Katowicach, Rybniku czy Tychach nie b\u0119d\u0105 kalkulatorem grzech\u00f3w liczy\u0107 panierki na talerzu.&nbsp;<\/p>\n\n\n\n<p>Co dalej? Warto \u015bledzi\u0107 og\u0142oszenia w\u0142asnych diecezji \u2014 bywa, \u017ce przy du\u017cych \u015bwi\u0119tach (albo d\u0142ugich weekendach) pojawiaj\u0105 si\u0119 podobne decyzje. Oficjalny komunikat Archidiecezji Katowickiej znajdziesz na stronie kurii. A my pytamy: czy lokalne \u201emi\u0119sne wyj\u0105tki\u201d stan\u0105 si\u0119 now\u0105 grudniow\u0105 tradycj\u0105, czy pozostan\u0105 jednorazowym uk\u0142onem po Barb\u00f3rce?<\/p>\n","protected":false},"excerpt":{"rendered":"<p>W pi\u0105tek, 5 grudnia, wierni na \u015al\u0105sku mog\u0105 spokojnie planowa\u0107 schabowego \u2014 \u201edyspensa arcybiskupa\u201d wchodzi w \u017cycie po g\u00f3rniczej Barb\u00f3rce. Decyzja zaskoczy\u0142a skal\u0105\u2026 i ograniczeniem: dotyczy tylko jednego miejsca. Kto dok\u0142adnie skorzysta i na jakich warunkach? Kulisy s\u0105 ciekawsze, ni\u017c my\u015blisz. O co dok\u0142adnie chodzi? \u015al\u0105ski wyj\u0105tek, czyli co naprawd\u0119 og\u0142oszonoBarb\u00f3rka, patronalne \u015bwi\u0119to g\u00f3rnik\u00f3w przypadaj\u0105ce &#8230; <a title=\"Ko\u015bci\u00f3\u0142 wprowadzi\u0142 wa\u017cn\u0105 zmian\u0119. Arcybiskup ju\u017c zdecydowa\u0142\" class=\"read-more\" href=\"https:\/\/dobrezrodla.com\/?p=10906\" aria-label=\"Read more about Ko\u015bci\u00f3\u0142 wprowadzi\u0142 wa\u017cn\u0105 zmian\u0119. Arcybiskup ju\u017c zdecydowa\u0142\">Read more<\/a><\/p>\n","protected":false},"author":1,"featured_media":0,"comment_status":"open","ping_status":"open","sticky":false,"template":"","format":"standard","meta":{"footnotes":""},"categories":[1],"tags":[],"class_list":["post-10906","post","type-post","status-publish","format-standard","hentry","category-uncategorized"],"_links":{"self":[{"href":"https:\/\/dobrezrodla.com\/index.php?rest_route=\/wp\/v2\/posts\/10906","targetHints":{"allow":["GET"]}}],"collection":[{"href":"https:\/\/dobrezrodla.com\/index.php?rest_route=\/wp\/v2\/posts"}],"about":[{"href":"https:\/\/dobrezrodla.com\/index.php?rest_route=\/wp\/v2\/types\/post"}],"author":[{"embeddable":true,"href":"https:\/\/dobrezrodla.com\/index.php?rest_route=\/wp\/v2\/users\/1"}],"replies":[{"embeddable":true,"href":"https:\/\/dobrezrodla.com\/index.php?rest_route=%2Fwp%2Fv2%2Fcomments&post=10906"}],"version-history":[{"count":1,"href":"https:\/\/dobrezrodla.com\/index.php?rest_route=\/wp\/v2\/posts\/10906\/revisions"}],"predecessor-version":[{"id":10907,"href":"https:\/\/dobrezrodla.com\/index.php?rest_route=\/wp\/v2\/posts\/10906\/revisions\/10907"}],"wp:attachment":[{"href":"https:\/\/dobrezrodla.com\/index.php?rest_route=%2Fwp%2Fv2%2Fmedia&parent=10906"}],"wp:term":[{"taxonomy":"category","embeddable":true,"href":"https:\/\/dobrezrodla.com\/index.php?rest_route=%2Fwp%2Fv2%2Fcategories&post=10906"},{"taxonomy":"post_tag","embeddable":true,"href":"https:\/\/dobrezrodla.com\/index.php?rest_route=%2Fwp%2Fv2%2Ftags&post=10906"}],"curies":[{"name":"wp","href":"https:\/\/api.w.org\/{rel}","templated":true}]}}