{"id":10947,"date":"2025-12-05T12:27:11","date_gmt":"2025-12-05T12:27:11","guid":{"rendered":"https:\/\/dobrezrodla.com\/?p=10947"},"modified":"2025-12-05T12:27:11","modified_gmt":"2025-12-05T12:27:11","slug":"komisja-etyki-karze-kaczynskiego-za-obrazliwe-slowa-wobec-dziennikarza-i-uczestnikow-miesiecznicy","status":"publish","type":"post","link":"https:\/\/dobrezrodla.com\/?p=10947","title":{"rendered":"Komisja etyki karze Kaczy\u0144skiego za obra\u017aliwe s\u0142owa wobec dziennikarza i uczestnik\u00f3w miesi\u0119cznicy"},"content":{"rendered":"\n<p>Jaros\u0142aw Kaczy\u0144ski, pose\u0142 PiS i by\u0142y premier, zosta\u0142 ukarany przez komisj\u0119 etyki poselskiej w zwi\u0105zku z jego kontrowersyjnymi wypowiedziami. Komisja na\u0142o\u017cy\u0142a na niego upomnienie za nazwanie dziennikarza TVN24 Radomira Wita \u201echamem\u201d oraz nagan\u0119 za s\u0142owa wypowiedziane podczas miesi\u0119cznicy smole\u0144skiej 10 sierpnia, gdzie obrazi\u0142 przeciwnik\u00f3w politycznych i sugerowa\u0142, \u017ce powinni trafi\u0107 do wi\u0119zienia.<\/p>\n\n\n\n<p>Pos\u0142anka Ewa Schadler z Polski 2050 poinformowa\u0142a, \u017ce Kaczy\u0144ski u\u017cywa\u0142 j\u0119zyka niegodnego parlamentarzysty, zw\u0142aszcza podczas publicznych wydarze\u0144. Komisja odnios\u0142a si\u0119 r\u00f3wnie\u017c do jego stwierdze\u0144 o \u201e\u015bmieciach\u201d i &#8220;ludziach, kt\u00f3rymi powinny zaj\u0105\u0107 si\u0119 s\u0142u\u017cby specjalne&#8221;.<\/p>\n\n\n\n<p>Lider PiS nie stawi\u0142 si\u0119 na przes\u0142uchanie przed komisj\u0105, mimo \u017ce zosta\u0142 wezwany ju\u017c po raz drugi. Obro\u0144cy Kaczy\u0144skiego, jak pose\u0142 Micha\u0142 W\u00f3jcik, twierdz\u0105, \u017ce prowokacje wobec uczestnik\u00f3w miesi\u0119cznic s\u0105 regularne i wzbudzaj\u0105 silne emocje.<\/p>\n\n\n\n<p>Do pierwszej z kontrowersyjnych wypowiedzi dosz\u0142o 6 sierpnia w Sejmie, kiedy Kaczy\u0144ski ostro zareagowa\u0142 na pytanie dziennikarza, a kilka dni p\u00f3\u017aniej, podczas obchod\u00f3w rocznicy katastrofy smole\u0144skiej, nasili\u0142 swoj\u0105 retoryk\u0119, wyzywaj\u0105c przeciwnik\u00f3w i krytykuj\u0105c rz\u0105d.<\/p>\n","protected":false},"excerpt":{"rendered":"<p>Jaros\u0142aw Kaczy\u0144ski, pose\u0142 PiS i by\u0142y premier, zosta\u0142 ukarany przez komisj\u0119 etyki poselskiej w zwi\u0105zku z jego kontrowersyjnymi wypowiedziami. Komisja na\u0142o\u017cy\u0142a na niego upomnienie za nazwanie dziennikarza TVN24 Radomira Wita \u201echamem\u201d oraz nagan\u0119 za s\u0142owa wypowiedziane podczas miesi\u0119cznicy smole\u0144skiej 10 sierpnia, gdzie obrazi\u0142 przeciwnik\u00f3w politycznych i sugerowa\u0142, \u017ce powinni trafi\u0107 do wi\u0119zienia. Pos\u0142anka Ewa Schadler &#8230; <a title=\"Komisja etyki karze Kaczy\u0144skiego za obra\u017aliwe s\u0142owa wobec dziennikarza i uczestnik\u00f3w miesi\u0119cznicy\" class=\"read-more\" href=\"https:\/\/dobrezrodla.com\/?p=10947\" aria-label=\"Read more about Komisja etyki karze Kaczy\u0144skiego za obra\u017aliwe s\u0142owa wobec dziennikarza i uczestnik\u00f3w miesi\u0119cznicy\">Read more<\/a><\/p>\n","protected":false},"author":1,"featured_media":0,"comment_status":"open","ping_status":"open","sticky":false,"template":"","format":"standard","meta":{"footnotes":""},"categories":[1],"tags":[],"class_list":["post-10947","post","type-post","status-publish","format-standard","hentry","category-uncategorized"],"_links":{"self":[{"href":"https:\/\/dobrezrodla.com\/index.php?rest_route=\/wp\/v2\/posts\/10947","targetHints":{"allow":["GET"]}}],"collection":[{"href":"https:\/\/dobrezrodla.com\/index.php?rest_route=\/wp\/v2\/posts"}],"about":[{"href":"https:\/\/dobrezrodla.com\/index.php?rest_route=\/wp\/v2\/types\/post"}],"author":[{"embeddable":true,"href":"https:\/\/dobrezrodla.com\/index.php?rest_route=\/wp\/v2\/users\/1"}],"replies":[{"embeddable":true,"href":"https:\/\/dobrezrodla.com\/index.php?rest_route=%2Fwp%2Fv2%2Fcomments&post=10947"}],"version-history":[{"count":1,"href":"https:\/\/dobrezrodla.com\/index.php?rest_route=\/wp\/v2\/posts\/10947\/revisions"}],"predecessor-version":[{"id":10948,"href":"https:\/\/dobrezrodla.com\/index.php?rest_route=\/wp\/v2\/posts\/10947\/revisions\/10948"}],"wp:attachment":[{"href":"https:\/\/dobrezrodla.com\/index.php?rest_route=%2Fwp%2Fv2%2Fmedia&parent=10947"}],"wp:term":[{"taxonomy":"category","embeddable":true,"href":"https:\/\/dobrezrodla.com\/index.php?rest_route=%2Fwp%2Fv2%2Fcategories&post=10947"},{"taxonomy":"post_tag","embeddable":true,"href":"https:\/\/dobrezrodla.com\/index.php?rest_route=%2Fwp%2Fv2%2Ftags&post=10947"}],"curies":[{"name":"wp","href":"https:\/\/api.w.org\/{rel}","templated":true}]}}