{"id":10949,"date":"2025-12-05T12:32:34","date_gmt":"2025-12-05T12:32:34","guid":{"rendered":"https:\/\/dobrezrodla.com\/?p=10949"},"modified":"2025-12-05T12:32:34","modified_gmt":"2025-12-05T12:32:34","slug":"terlecki-powrot-ziobry-oczywiscie-go-zamkna-polityk-pis-przyznaje-to-nas-pograza","status":"publish","type":"post","link":"https:\/\/dobrezrodla.com\/?p=10949","title":{"rendered":"Terlecki: Powr\u00f3t Ziobry? \u201eOczywi\u015bcie go zamkn\u0105\u201d. Polityk PiS przyznaje: to nas pogr\u0105\u017ca"},"content":{"rendered":"\n<p>Ryszard Terlecki, pose\u0142 Prawa i Sprawiedliwo\u015bci, nie kryje, \u017ce afera wok\u00f3\u0142 Zbigniewa Ziobry powa\u017cnie szkodzi jego partii. Zapytany o powody topniej\u0105cego poparcia dla PiS, wskaza\u0142 nie tylko na konflikty frakcyjne, ale r\u00f3wnie\u017c na spraw\u0119 by\u0142ego ministra sprawiedliwo\u015bci. \u2013 To oczywi\u015bcie nas topi \u2013 przyzna\u0142 szczerze Terlecki.<\/p>\n\n\n\n<p>Ziobro, kt\u00f3ry wed\u0142ug prokuratury mia\u0142 nadu\u017cywa\u0107 Funduszu Sprawiedliwo\u015bci i us\u0142ysze\u0107 a\u017c 26 zarzut\u00f3w, przebywa obecnie poza granicami Polski. W po\u0142owie listopada widziano go w Budapeszcie. Cho\u0107 zapewnia, \u017ce chce si\u0119 broni\u0107 i m\u00f3wi\u0107 prawd\u0119, nie deklaruje powrotu ani nie odnosi si\u0119 jednoznacznie do spekulacji o mo\u017cliwym azylu.<\/p>\n\n\n\n<p>Prokuratura Krajowa ju\u017c z\u0142o\u017cy\u0142a wniosek o jego tymczasowe aresztowanie, a posiedzenie s\u0105du w tej sprawie ma si\u0119 odby\u0107 22 grudnia. Sejm uchyli\u0142 Ziobrze immunitet i wyrazi\u0142 zgod\u0119 na zatrzymanie.<\/p>\n\n\n\n<p>\u2013 Ja bym mu nie zaleca\u0142 wraca\u0107, bo oczywi\u015bcie go zamkn\u0105 \u2013 stwierdzi\u0142 bez ogr\u00f3dek Terlecki. Jak dodaje, jego zdaniem r\u00f3wnie\u017c opinia publiczna zdaje si\u0119 mie\u0107 podobne przeczucia.<\/p>\n","protected":false},"excerpt":{"rendered":"<p>Ryszard Terlecki, pose\u0142 Prawa i Sprawiedliwo\u015bci, nie kryje, \u017ce afera wok\u00f3\u0142 Zbigniewa Ziobry powa\u017cnie szkodzi jego partii. Zapytany o powody topniej\u0105cego poparcia dla PiS, wskaza\u0142 nie tylko na konflikty frakcyjne, ale r\u00f3wnie\u017c na spraw\u0119 by\u0142ego ministra sprawiedliwo\u015bci. \u2013 To oczywi\u015bcie nas topi \u2013 przyzna\u0142 szczerze Terlecki. Ziobro, kt\u00f3ry wed\u0142ug prokuratury mia\u0142 nadu\u017cywa\u0107 Funduszu Sprawiedliwo\u015bci i &#8230; <a title=\"Terlecki: Powr\u00f3t Ziobry? \u201eOczywi\u015bcie go zamkn\u0105\u201d. Polityk PiS przyznaje: to nas pogr\u0105\u017ca\" class=\"read-more\" href=\"https:\/\/dobrezrodla.com\/?p=10949\" aria-label=\"Read more about Terlecki: Powr\u00f3t Ziobry? \u201eOczywi\u015bcie go zamkn\u0105\u201d. Polityk PiS przyznaje: to nas pogr\u0105\u017ca\">Read more<\/a><\/p>\n","protected":false},"author":1,"featured_media":0,"comment_status":"open","ping_status":"open","sticky":false,"template":"","format":"standard","meta":{"footnotes":""},"categories":[1],"tags":[],"class_list":["post-10949","post","type-post","status-publish","format-standard","hentry","category-uncategorized"],"_links":{"self":[{"href":"https:\/\/dobrezrodla.com\/index.php?rest_route=\/wp\/v2\/posts\/10949","targetHints":{"allow":["GET"]}}],"collection":[{"href":"https:\/\/dobrezrodla.com\/index.php?rest_route=\/wp\/v2\/posts"}],"about":[{"href":"https:\/\/dobrezrodla.com\/index.php?rest_route=\/wp\/v2\/types\/post"}],"author":[{"embeddable":true,"href":"https:\/\/dobrezrodla.com\/index.php?rest_route=\/wp\/v2\/users\/1"}],"replies":[{"embeddable":true,"href":"https:\/\/dobrezrodla.com\/index.php?rest_route=%2Fwp%2Fv2%2Fcomments&post=10949"}],"version-history":[{"count":1,"href":"https:\/\/dobrezrodla.com\/index.php?rest_route=\/wp\/v2\/posts\/10949\/revisions"}],"predecessor-version":[{"id":10950,"href":"https:\/\/dobrezrodla.com\/index.php?rest_route=\/wp\/v2\/posts\/10949\/revisions\/10950"}],"wp:attachment":[{"href":"https:\/\/dobrezrodla.com\/index.php?rest_route=%2Fwp%2Fv2%2Fmedia&parent=10949"}],"wp:term":[{"taxonomy":"category","embeddable":true,"href":"https:\/\/dobrezrodla.com\/index.php?rest_route=%2Fwp%2Fv2%2Fcategories&post=10949"},{"taxonomy":"post_tag","embeddable":true,"href":"https:\/\/dobrezrodla.com\/index.php?rest_route=%2Fwp%2Fv2%2Ftags&post=10949"}],"curies":[{"name":"wp","href":"https:\/\/api.w.org\/{rel}","templated":true}]}}