{"id":10955,"date":"2025-12-05T13:17:13","date_gmt":"2025-12-05T13:17:13","guid":{"rendered":"https:\/\/dobrezrodla.com\/?p=10955"},"modified":"2025-12-05T13:17:13","modified_gmt":"2025-12-05T13:17:13","slug":"ziobro-opuscil-wegry-i-zameldowal-sie-w-brukseli-nie-uciekam-tylko-nie-wracam-do-bezprawia","status":"publish","type":"post","link":"https:\/\/dobrezrodla.com\/?p=10955","title":{"rendered":"Ziobro opu\u015bci\u0142 W\u0119gry i zameldowa\u0142 si\u0119 w Brukseli. \u201eNie uciekam, tylko nie wracam do bezprawia\u201d"},"content":{"rendered":"\n<p>Zbigniew Ziobro, by\u0142y minister sprawiedliwo\u015bci, przebywa obecnie w Brukseli \u2013 jak sam twierdzi, nie w ramach ucieczki, lecz \u015bwiadomej decyzji o \u201eniewracaniu do bezprawia\u201d. Polityk PiS potwierdzi\u0142 swoj\u0105 obecno\u015b\u0107 w belgijskiej stolicy w rozmowie z telewizj\u0105 wPolsce24, podkre\u015blaj\u0105c, \u017ce jego obecne dzia\u0142ania to \u201eobrona przed rz\u0105dem Tuska\u201d.<\/p>\n\n\n\n<p>Ziobro, wobec kt\u00f3rego toczy si\u0119 \u015bledztwo dotycz\u0105ce nadu\u017cy\u0107 zwi\u0105zanych z Funduszem Sprawiedliwo\u015bci, ma us\u0142ysze\u0107 26 zarzut\u00f3w. Prokuratura domaga si\u0119 jego tymczasowego aresztowania, a posiedzenie w tej sprawie zaplanowano na 22 grudnia. Sejm ju\u017c wcze\u015bniej uchyli\u0142 mu immunitet i wyrazi\u0142 zgod\u0119 na zatrzymanie.<\/p>\n\n\n\n<p>Wcze\u015bniej polityk by\u0142 widziany w Budapeszcie, jednak obecnie przebywa w Parlamencie Europejskim, co potwierdzi\u0142 m.in. europose\u0142 KO Dariusz Jo\u0144ski, publikuj\u0105c zdj\u0119cie Ziobry i nazywaj\u0105c jego zachowanie \u201ebezwstydnym spacerowaniem po PE\u201d.<\/p>\n\n\n\n<p>Ziobro przekonuje, \u017ce przys\u0142uguje mu prawo do obrony, kt\u00f3rego \u2013 jego zdaniem \u2013 jest obecnie pozbawiony. M\u00f3wi, \u017ce \u201erozmawia z politykami i mediami o naruszeniach prawa w Polsce\u201d, a jego obecno\u015b\u0107 w Brukseli mia\u0142a by\u0107 zg\u0142oszona prokuraturze.<\/p>\n","protected":false},"excerpt":{"rendered":"<p>Zbigniew Ziobro, by\u0142y minister sprawiedliwo\u015bci, przebywa obecnie w Brukseli \u2013 jak sam twierdzi, nie w ramach ucieczki, lecz \u015bwiadomej decyzji o \u201eniewracaniu do bezprawia\u201d. Polityk PiS potwierdzi\u0142 swoj\u0105 obecno\u015b\u0107 w belgijskiej stolicy w rozmowie z telewizj\u0105 wPolsce24, podkre\u015blaj\u0105c, \u017ce jego obecne dzia\u0142ania to \u201eobrona przed rz\u0105dem Tuska\u201d. Ziobro, wobec kt\u00f3rego toczy si\u0119 \u015bledztwo dotycz\u0105ce nadu\u017cy\u0107 &#8230; <a title=\"Ziobro opu\u015bci\u0142 W\u0119gry i zameldowa\u0142 si\u0119 w Brukseli. \u201eNie uciekam, tylko nie wracam do bezprawia\u201d\" class=\"read-more\" href=\"https:\/\/dobrezrodla.com\/?p=10955\" aria-label=\"Read more about Ziobro opu\u015bci\u0142 W\u0119gry i zameldowa\u0142 si\u0119 w Brukseli. \u201eNie uciekam, tylko nie wracam do bezprawia\u201d\">Read more<\/a><\/p>\n","protected":false},"author":1,"featured_media":0,"comment_status":"open","ping_status":"open","sticky":false,"template":"","format":"standard","meta":{"footnotes":""},"categories":[1],"tags":[],"class_list":["post-10955","post","type-post","status-publish","format-standard","hentry","category-uncategorized"],"_links":{"self":[{"href":"https:\/\/dobrezrodla.com\/index.php?rest_route=\/wp\/v2\/posts\/10955","targetHints":{"allow":["GET"]}}],"collection":[{"href":"https:\/\/dobrezrodla.com\/index.php?rest_route=\/wp\/v2\/posts"}],"about":[{"href":"https:\/\/dobrezrodla.com\/index.php?rest_route=\/wp\/v2\/types\/post"}],"author":[{"embeddable":true,"href":"https:\/\/dobrezrodla.com\/index.php?rest_route=\/wp\/v2\/users\/1"}],"replies":[{"embeddable":true,"href":"https:\/\/dobrezrodla.com\/index.php?rest_route=%2Fwp%2Fv2%2Fcomments&post=10955"}],"version-history":[{"count":1,"href":"https:\/\/dobrezrodla.com\/index.php?rest_route=\/wp\/v2\/posts\/10955\/revisions"}],"predecessor-version":[{"id":10956,"href":"https:\/\/dobrezrodla.com\/index.php?rest_route=\/wp\/v2\/posts\/10955\/revisions\/10956"}],"wp:attachment":[{"href":"https:\/\/dobrezrodla.com\/index.php?rest_route=%2Fwp%2Fv2%2Fmedia&parent=10955"}],"wp:term":[{"taxonomy":"category","embeddable":true,"href":"https:\/\/dobrezrodla.com\/index.php?rest_route=%2Fwp%2Fv2%2Fcategories&post=10955"},{"taxonomy":"post_tag","embeddable":true,"href":"https:\/\/dobrezrodla.com\/index.php?rest_route=%2Fwp%2Fv2%2Ftags&post=10955"}],"curies":[{"name":"wp","href":"https:\/\/api.w.org\/{rel}","templated":true}]}}