{"id":10988,"date":"2025-12-05T17:40:20","date_gmt":"2025-12-05T17:40:20","guid":{"rendered":"https:\/\/dobrezrodla.com\/?p=10988"},"modified":"2025-12-05T17:40:20","modified_gmt":"2025-12-05T17:40:20","slug":"skandal-w-watykanie-co-naprawde-ukrywa-papiez-leon-xiv","status":"publish","type":"post","link":"https:\/\/dobrezrodla.com\/?p=10988","title":{"rendered":"Skandal w Watykanie: Co naprawd\u0119 ukrywa papie\u017c Leon XIV"},"content":{"rendered":"\n<h2 class=\"wp-block-heading\">Nowy papie\u017c ju\u017c w chaosie (1\/10)<\/h2>\n\n\n\n<p>Ledwo wybrany, nowy papie\u017c ju\u017c pogr\u0105\u017ca si\u0119 w chaosie.<\/p>\n\n\n\n<p>W czwartek, 8 maja, Amerykanin Robert Francis Prevost zosta\u0142 mianowany 267. papie\u017cem w historii.<\/p>\n\n\n\n<p>Zast\u0119puje on papie\u017ca Franciszka, kt\u00f3ry zmar\u0142 w lutym ubieg\u0142ego roku w wieku 88 lat.<\/p>\n\n\n\n<p>Ameryka\u0144ski papie\u017c to pierwsze takie wydarzenie w historii Ko\u015bcio\u0142a katolickiego.<\/p>\n\n\n\n<figure class=\"wp-block-image\"><img decoding=\"async\" src=\"https:\/\/www.viepratique.fr\/wp-content\/uploads\/sites\/4\/2025\/05\/11-1-750x394.jpg\" alt=\"\"\/><\/figure>\n\n\n\n<h2 class=\"wp-block-heading\">Pierwsza kontrowersja (2\/10)<\/h2>\n\n\n\n<p>Na balkonie Bazyliki \u015awi\u0119tego Piotra francuski kardyna\u0142 Dominique Mamberti uroczy\u015bcie ujawni\u0142 \u015bwiatu imi\u0119 nowo wybranego kardyna\u0142a, kt\u00f3ry wybra\u0142 imi\u0119 Leona XIV. Cho\u0107 dzwony Rzymu wci\u0105\u017c bij\u0105 na cze\u015b\u0107 tego historycznego wyboru, kontrowersja, o kt\u00f3rej donosi magazyn \u201eGala\u201d, przy\u0107mi\u0142a wczesne godziny jego pontyfikatu.<\/p>\n\n\n\n<figure class=\"wp-block-image\"><img decoding=\"async\" src=\"https:\/\/www.viepratique.fr\/wp-content\/uploads\/sites\/4\/2025\/05\/6-19-750x394.jpg\" alt=\"\"\/><\/figure>\n\n\n\n<h2 class=\"wp-block-heading\">Geneza sprawy (3\/10)<\/h2>\n\n\n\n<p>Aby zrozumie\u0107 genez\u0119 tej \u201esprawy o wykorzystywanie seksualne dzieci\u201d, gazeta \u201eLe Figaro\u201d cofn\u0119\u0142a si\u0119 do ko\u0144ca lat 90. XX wieku. W 1998 roku Robert Francis Prevost zosta\u0142 wybrany na biskupa prowincji augustia\u0144skiej Notre-Dame-du-Bon-Conseil.<\/p>\n\n\n\n<figure class=\"wp-block-image\"><img decoding=\"async\" src=\"https:\/\/www.viepratique.fr\/wp-content\/uploads\/sites\/4\/2025\/05\/1-19-750x394.jpg\" alt=\"\"\/><\/figure>\n\n\n\n<h2 class=\"wp-block-heading\">Kontrowersyjne ugody (4\/10)<\/h2>\n\n\n\n<p>Pe\u0142ni\u0142 t\u0119 wysok\u0105 funkcj\u0119 w Chicago w latach 1999\u20132001. W\u00f3wczas jego postawa w szczeg\u00f3lnie dra\u017cliwej sprawie spotka\u0142a si\u0119 z ostr\u0105 krytyk\u0105 ameryka\u0144skiej prasy. Sednem tej sprawy by\u0142a kontrowersyjna ugoda ksi\u0119dza skazanego za wykorzystywanie seksualne nieletnich.<\/p>\n\n\n\n<figure class=\"wp-block-image\"><img decoding=\"async\" src=\"https:\/\/www.viepratique.fr\/wp-content\/uploads\/sites\/4\/2025\/05\/5-19-1024x538.jpg\" alt=\"\"\/><\/figure>\n\n\n\n<h2 class=\"wp-block-heading\">W\u0105tpliwy wyb\u00f3r (5\/10)<\/h2>\n\n\n\n<p>We wrze\u015bniu 2000 roku cz\u0142owiek, kt\u00f3ry p\u00f3\u017aniej zosta\u0142 papie\u017cem Leonem XIV, zatwierdzi\u0142 ingres tego ksi\u0119dza do klasztoru augustian\u00f3w, po\u0142o\u017conego w pobli\u017cu\u2026 szko\u0142y podstawowej. Wyb\u00f3r ten by\u0142 dla wielu niezrozumia\u0142y, pomimo \u00f3wczesnego kontekstu prawnego.<\/p>\n\n\n\n<figure class=\"wp-block-image\"><img decoding=\"async\" src=\"https:\/\/www.viepratique.fr\/wp-content\/uploads\/sites\/4\/2025\/05\/2-19-1024x538.jpg\" alt=\"\"\/><\/figure>\n\n\n\n<h2 class=\"wp-block-heading\">Zmuszony do opuszczenia rezydencji (6\/10)<\/h2>\n\n\n\n<p>Wraz z zaostrzeniem przepis\u00f3w ameryka\u0144skiego episkopatu, ksi\u0105dz ten zosta\u0142 ostatecznie zmuszony do opuszczenia rezydencji. Kilka lat p\u00f3\u017aniej pojawi\u0142y si\u0119 nowe oskar\u017cenia. Ko\u015bci\u00f3\u0142 podj\u0105\u0142 w\u00f3wczas drastyczn\u0105 decyzj\u0119. W 2012 roku zosta\u0142 \u201ezdegradowany do stanu \u015bwieckiego\u201d, zgodnie z oficjaln\u0105 procedur\u0105 dyscyplinarn\u0105. Ale szkody zosta\u0142y wyrz\u0105dzone. Ta sp\u00f3\u017aniona decyzja nadal podsyca krytyk\u0119 pod adresem nowego zwierzchnika Ko\u015bcio\u0142a.<\/p>\n\n\n\n<figure class=\"wp-block-image\"><img decoding=\"async\" src=\"https:\/\/www.viepratique.fr\/wp-content\/uploads\/sites\/4\/2025\/05\/7-17-1024x538.jpg\" alt=\"\"\/><\/figure>\n\n\n\n<h2 class=\"wp-block-heading\">Gor\u0105cy obro\u0144ca walki z wykorzystywaniem seksualnym w Ko\u015bciele (7\/10)<\/h2>\n\n\n\n<p>Paradoksalnie, Robert Francis Prevost sta\u0142 si\u0119 od tego czasu gorliwym obro\u0144c\u0105 walki z wykorzystywaniem seksualnym w Ko\u015bciele. Ponadto, jako prefekt Dykasterii Biskup\u00f3w, zosta\u0142 zobowi\u0105zany do zapewnienia \u015bcis\u0142ego wdra\u017cania motu proprio \u201eVos estis lux mundi\u201d, ustanowionego przez papie\u017ca Franciszka w 2019 roku. Tekst ten nak\u0142ada surowe sankcje na biskup\u00f3w oskar\u017conych o niew\u0142a\u015bciwe post\u0119powanie w przypadkach wykorzystywania seksualnego pope\u0142nionego przez ksi\u0119\u017cy pozostaj\u0105cych pod ich w\u0142adz\u0105.<\/p>\n\n\n\n<figure class=\"wp-block-image\"><img decoding=\"async\" src=\"https:\/\/www.viepratique.fr\/wp-content\/uploads\/sites\/4\/2025\/05\/3-20-1024x538.jpg\" alt=\"\"\/><\/figure>\n\n\n\n<h2 class=\"wp-block-heading\">Zaanga\u017cowany uczestnik (8\/10)<\/h2>\n\n\n\n<p>Ponadto, pozycjonowa\u0142 si\u0119 jako zaanga\u017cowany uczestnik Synodu o Synodalno\u015bci. To ogromna reforma zainicjowana w 2021 roku w celu modernizacji Ko\u015bcio\u0142a. Leon XIV opowiada\u0142 si\u0119 r\u00f3wnie\u017c za wi\u0119ksz\u0105 transparentno\u015bci\u0105 nominacji biskupich. Zach\u0119ca\u0142 r\u00f3wnie\u017c do wi\u0119kszego udzia\u0142u \u015bwieckich w tym procesie, zgodnie z prawem kanonicznym. Chocia\u017c praktyka ta pozostaje w du\u017cej mierze teoretyczna,<\/p>\n\n\n\n<figure class=\"wp-block-image\"><img decoding=\"async\" src=\"https:\/\/www.viepratique.fr\/wp-content\/uploads\/sites\/4\/2025\/05\/10-16-1024x538.jpg\" alt=\"\"\/><\/figure>\n\n\n\n<h2 class=\"wp-block-heading\">Ci\u0119\u017ckie dziedzictwo (9\/10)<\/h2>\n\n\n\n<p>Jego wyb\u00f3r wyra\u017anie oznacza historyczny punkt zwrotny. Nigdy wcze\u015bniej Amerykanin nie zosta\u0142 powo\u0142any do zasiadania na tronie \u015bw. Piotra. Papie\u017c Leon XIV b\u0119dzie musia\u0142 zmierzy\u0107 si\u0119 z ci\u0119\u017ckim dziedzictwem. Ale tak\u017ce z wi\u0119ksz\u0105 czujno\u015bci\u0105 spo\u0142eczn\u0105.<\/p>\n\n\n\n<figure class=\"wp-block-image\"><img decoding=\"async\" src=\"https:\/\/www.viepratique.fr\/wp-content\/uploads\/sites\/4\/2025\/05\/4-18-1024x538.jpg\" alt=\"\"\/><\/figure>\n\n\n\n<h2 class=\"wp-block-heading\">Napi\u0119ty pocz\u0105tek nowego papie\u017ca (10\/10)<\/h2>\n\n\n\n<p>Jednak\u017ce, pe\u0142ne wydarze\u0144 pierwsze kilka godzin sugeruje napi\u0119ty pocz\u0105tek jego pontyfikatu. Nowy papie\u017c zdaje sobie spraw\u0119 z potrzeby potwierdzenia przejrzysto\u015bci Ko\u015bcio\u0142a. B\u0119dzie jednak musia\u0142 zmierzy\u0107 si\u0119 r\u00f3wnie\u017c ze szczeg\u00f3lnie trudn\u0105 przesz\u0142o\u015bci\u0105, kt\u00f3ra nie wykazuje oznak odej\u015bcia w przesz\u0142o\u015b\u0107.<\/p>\n\n\n\n<figure class=\"wp-block-image\"><img decoding=\"async\" src=\"https:\/\/www.viepratique.fr\/wp-content\/uploads\/sites\/4\/2025\/05\/9-17-1024x538.jpg\" alt=\"\"\/><\/figure>\n\n\n\n<p>Ledwo wybrany papie\u017c Leon XIV ju\u017c stan\u0105\u0142 w obliczu przypadku molestowania seksualnego nieletnich: prawdziwego skandalu.<\/p>\n","protected":false},"excerpt":{"rendered":"<p>Nowy papie\u017c ju\u017c w chaosie (1\/10) Ledwo wybrany, nowy papie\u017c ju\u017c pogr\u0105\u017ca si\u0119 w chaosie. W czwartek, 8 maja, Amerykanin Robert Francis Prevost zosta\u0142 mianowany 267. papie\u017cem w historii. Zast\u0119puje on papie\u017ca Franciszka, kt\u00f3ry zmar\u0142 w lutym ubieg\u0142ego roku w wieku 88 lat. Ameryka\u0144ski papie\u017c to pierwsze takie wydarzenie w historii Ko\u015bcio\u0142a katolickiego. Pierwsza kontrowersja &#8230; <a title=\"Skandal w Watykanie: Co naprawd\u0119 ukrywa papie\u017c Leon XIV\" class=\"read-more\" href=\"https:\/\/dobrezrodla.com\/?p=10988\" aria-label=\"Read more about Skandal w Watykanie: Co naprawd\u0119 ukrywa papie\u017c Leon XIV\">Read more<\/a><\/p>\n","protected":false},"author":1,"featured_media":0,"comment_status":"open","ping_status":"open","sticky":false,"template":"","format":"standard","meta":{"footnotes":""},"categories":[1],"tags":[],"class_list":["post-10988","post","type-post","status-publish","format-standard","hentry","category-uncategorized"],"_links":{"self":[{"href":"https:\/\/dobrezrodla.com\/index.php?rest_route=\/wp\/v2\/posts\/10988","targetHints":{"allow":["GET"]}}],"collection":[{"href":"https:\/\/dobrezrodla.com\/index.php?rest_route=\/wp\/v2\/posts"}],"about":[{"href":"https:\/\/dobrezrodla.com\/index.php?rest_route=\/wp\/v2\/types\/post"}],"author":[{"embeddable":true,"href":"https:\/\/dobrezrodla.com\/index.php?rest_route=\/wp\/v2\/users\/1"}],"replies":[{"embeddable":true,"href":"https:\/\/dobrezrodla.com\/index.php?rest_route=%2Fwp%2Fv2%2Fcomments&post=10988"}],"version-history":[{"count":1,"href":"https:\/\/dobrezrodla.com\/index.php?rest_route=\/wp\/v2\/posts\/10988\/revisions"}],"predecessor-version":[{"id":10989,"href":"https:\/\/dobrezrodla.com\/index.php?rest_route=\/wp\/v2\/posts\/10988\/revisions\/10989"}],"wp:attachment":[{"href":"https:\/\/dobrezrodla.com\/index.php?rest_route=%2Fwp%2Fv2%2Fmedia&parent=10988"}],"wp:term":[{"taxonomy":"category","embeddable":true,"href":"https:\/\/dobrezrodla.com\/index.php?rest_route=%2Fwp%2Fv2%2Fcategories&post=10988"},{"taxonomy":"post_tag","embeddable":true,"href":"https:\/\/dobrezrodla.com\/index.php?rest_route=%2Fwp%2Fv2%2Ftags&post=10988"}],"curies":[{"name":"wp","href":"https:\/\/api.w.org\/{rel}","templated":true}]}}