{"id":10990,"date":"2025-12-05T17:40:56","date_gmt":"2025-12-05T17:40:56","guid":{"rendered":"https:\/\/dobrezrodla.com\/?p=10990"},"modified":"2025-12-05T17:40:57","modified_gmt":"2025-12-05T17:40:57","slug":"nie-zyje-uwielbiany-polski-muzyk-mial-zaledwie-48-lat","status":"publish","type":"post","link":"https:\/\/dobrezrodla.com\/?p=10990","title":{"rendered":"Nie \u017cyje uwielbiany polski muzyk. Mia\u0142 zaledwie 48 lat"},"content":{"rendered":"\n<p>Z ogromnym smutkiem polska scena muzyczna \u017cegna \u0141ukasza Moszczy\u0144skiego \u2013 utalentowanego perkusist\u0119 i by\u0142ego cz\u0142onka zespo\u0142u Blue Caf\u00e9. Artysta odszed\u0142 maj\u0105c zaledwie 48 lat. Informacja o jego \u015bmierci zosta\u0142a jednak ujawniona dopiero p\u00f3\u0142tora miesi\u0105ca p\u00f3\u017aniej, co poruszy\u0142o wielu fan\u00f3w i \u015brodowisko muzyczne.<\/p>\n\n\n\n<h2 class=\"wp-block-heading\">Wiadomo\u015b\u0107 o \u015bmierci \u0141ukasza Moszczy\u0144skiego<\/h2>\n\n\n\n<p>O tym, \u017ce \u0141ukasz Moszczy\u0144ski nie \u017cyje, poinformowa\u0142 profil \u201eLet\u2019s talk about ESC\u201d na Facebooku. Komunikat ten wywo\u0142a\u0142 g\u0142\u0119bokie poruszenie w\u015br\u00f3d sympatyk\u00f3w muzyka.<\/p>\n\n\n\n<blockquote class=\"wp-block-quote is-layout-flow wp-block-quote-is-layout-flow\">\n<p>Ta smutna wiadomo\u015b\u0107 dotar\u0142a do mnie po miesi\u0105cu. 1 czerwca zmar\u0142 \u0141ukasz Moszczy\u0144ski, perkusista, kt\u00f3ry by\u0142 m.in. cz\u0142onkiem zespo\u0142u Blue Caf\u00e9. \u0141ukasz pojawi\u0142 si\u0119 na eurowizyjnej scenie w Stambule w 2004 roku. Mia\u0142 48 lat. Cze\u015b\u0107 Jego Pami\u0119ci \u2014 czytamy w poruszaj\u0105cym wpisie na Facebooku.<\/p>\n<\/blockquote>\n\n\n\n<h2 class=\"wp-block-heading\">\u0141ukasz Moszczy\u0144ski \u2013 reprezentant Polski na Eurowizji<\/h2>\n\n\n\n<p>\u0141ukasz zapisa\u0142 si\u0119 w historii polskiej muzyki przede wszystkim dzi\u0119ki udzia\u0142owi w Konkursie Piosenki Eurowizji w 2004 roku, gdzie wraz z zespo\u0142em Blue Caf\u00e9 reprezentowa\u0142 Polsk\u0119 w Stambule. Wykonali wtedy energetyczny hit \u201eLove Song\u201d, kt\u00f3ry zaprezentowali zar\u00f3wno w wersji angielskiej, jak i hiszpa\u0144skiej. Ich wyst\u0119p zako\u0144czy\u0142 si\u0119 na 17. miejscu, a \u0141ukasz jako perkusista by\u0142 wa\u017cnym elementem tej barwnej i dynamicznej prezentacji.<\/p>\n\n\n\n<h2 class=\"wp-block-heading\">Aktywno\u015b\u0107 muzyczna i artystyczne osi\u0105gni\u0119cia \u0141ukasza Moszczy\u0144skiego<\/h2>\n\n\n\n<p>Cho\u0107 \u0141ukasz najsilniej kojarzony jest z zespo\u0142em Blue Caf\u00e9, na swoim koncie mia\u0142 wiele innych muzycznych przedsi\u0119wzi\u0119\u0107. By\u0142 przede wszystkim pasjonatem muzyki oraz aktywnie uczestniczy\u0142 w licznych projektach. Jednym z nich by\u0142a wsp\u00f3\u0142praca z zespo\u0142em Trabanda, w kt\u00f3rym \u015bpiewa\u0142 znany z \u201eThe Voice of Poland\u201d Tadeusz Seibert.<\/p>\n\n\n\n<p>\u015amier\u0107 muzyka wstrz\u0105sn\u0119\u0142a polskim \u015brodowiskiem artystycznym \u2013 koledzy i fani wspominaj\u0105 go jako osob\u0119 pe\u0142n\u0105 pasji, ciep\u0142a oraz profesjonalizmu.<\/p>\n\n\n\n<figure class=\"wp-block-image\"><img decoding=\"async\" src=\"https:\/\/www.bystryjanusz.pl\/wp-content\/uploads\/2025\/07\/721.jpg\" alt=\"\" class=\"wp-image-17328\"\/><\/figure>\n\n\n\n<h2 class=\"wp-block-heading\">\u017begnaj, \u0141ukaszu \u2013 pami\u0119\u0107 o arty\u015bcie w sercach fan\u00f3w<\/h2>\n\n\n\n<p>Odej\u015bcie tak cenionego i lubianego muzyka to ogromna strata dla muzycznej bran\u017cy w Polsce. Wspomnienia o \u0141ukaszu Moszczy\u0144skim pozostan\u0105 \u017cywe dzi\u0119ki jego dorobkowi, charyzmie i energii, kt\u00f3r\u0105 wnosi\u0142 do sceny muzycznej.<\/p>\n","protected":false},"excerpt":{"rendered":"<p>Z ogromnym smutkiem polska scena muzyczna \u017cegna \u0141ukasza Moszczy\u0144skiego \u2013 utalentowanego perkusist\u0119 i by\u0142ego cz\u0142onka zespo\u0142u Blue Caf\u00e9. Artysta odszed\u0142 maj\u0105c zaledwie 48 lat. Informacja o jego \u015bmierci zosta\u0142a jednak ujawniona dopiero p\u00f3\u0142tora miesi\u0105ca p\u00f3\u017aniej, co poruszy\u0142o wielu fan\u00f3w i \u015brodowisko muzyczne. Wiadomo\u015b\u0107 o \u015bmierci \u0141ukasza Moszczy\u0144skiego O tym, \u017ce \u0141ukasz Moszczy\u0144ski nie \u017cyje, poinformowa\u0142 &#8230; <a title=\"Nie \u017cyje uwielbiany polski muzyk. Mia\u0142 zaledwie 48 lat\" class=\"read-more\" href=\"https:\/\/dobrezrodla.com\/?p=10990\" aria-label=\"Read more about Nie \u017cyje uwielbiany polski muzyk. Mia\u0142 zaledwie 48 lat\">Read more<\/a><\/p>\n","protected":false},"author":1,"featured_media":0,"comment_status":"open","ping_status":"open","sticky":false,"template":"","format":"standard","meta":{"footnotes":""},"categories":[1],"tags":[],"class_list":["post-10990","post","type-post","status-publish","format-standard","hentry","category-uncategorized"],"_links":{"self":[{"href":"https:\/\/dobrezrodla.com\/index.php?rest_route=\/wp\/v2\/posts\/10990","targetHints":{"allow":["GET"]}}],"collection":[{"href":"https:\/\/dobrezrodla.com\/index.php?rest_route=\/wp\/v2\/posts"}],"about":[{"href":"https:\/\/dobrezrodla.com\/index.php?rest_route=\/wp\/v2\/types\/post"}],"author":[{"embeddable":true,"href":"https:\/\/dobrezrodla.com\/index.php?rest_route=\/wp\/v2\/users\/1"}],"replies":[{"embeddable":true,"href":"https:\/\/dobrezrodla.com\/index.php?rest_route=%2Fwp%2Fv2%2Fcomments&post=10990"}],"version-history":[{"count":1,"href":"https:\/\/dobrezrodla.com\/index.php?rest_route=\/wp\/v2\/posts\/10990\/revisions"}],"predecessor-version":[{"id":10991,"href":"https:\/\/dobrezrodla.com\/index.php?rest_route=\/wp\/v2\/posts\/10990\/revisions\/10991"}],"wp:attachment":[{"href":"https:\/\/dobrezrodla.com\/index.php?rest_route=%2Fwp%2Fv2%2Fmedia&parent=10990"}],"wp:term":[{"taxonomy":"category","embeddable":true,"href":"https:\/\/dobrezrodla.com\/index.php?rest_route=%2Fwp%2Fv2%2Fcategories&post=10990"},{"taxonomy":"post_tag","embeddable":true,"href":"https:\/\/dobrezrodla.com\/index.php?rest_route=%2Fwp%2Fv2%2Ftags&post=10990"}],"curies":[{"name":"wp","href":"https:\/\/api.w.org\/{rel}","templated":true}]}}