{"id":10992,"date":"2025-12-05T17:43:51","date_gmt":"2025-12-05T17:43:51","guid":{"rendered":"https:\/\/dobrezrodla.com\/?p=10992"},"modified":"2025-12-05T17:43:52","modified_gmt":"2025-12-05T17:43:52","slug":"potwierdzilo-sie-ziobro-juz-nie-jest-na-wegrzech-uciekl-do-kolejnego-kraju","status":"publish","type":"post","link":"https:\/\/dobrezrodla.com\/?p=10992","title":{"rendered":"Potwierdzi\u0142o si\u0119, Ziobro ju\u017c nie jest na W\u0119grzech. \u201cUciek\u0142\u201d do kolejnego kraju"},"content":{"rendered":"\n<p>W czwartek, 4 grudnia, Zbigniew Ziobro udzieli\u0142 wywiadu, w kt\u00f3rym po raz pierwszy od d\u0142u\u017cszego czasu publicznie skomentowa\u0142 swoj\u0105 sytuacj\u0119.<\/p>\n\n\n\n<p>Wyst\u0105pi\u0142 w studiu telewizyjnym, jednak nie na terenie Polski. Jego wypowied\u017a dotyczy\u0142a zar\u00f3wno kwestii proceduralnych zwi\u0105zanych z obowi\u0105zkami prawnymi, jak i szerszego kontekstu politycznego.<br>&nbsp;<\/p>\n\n\n\n<h2 class=\"wp-block-heading\">Przem\u00f3wienie z Brukseli: Wyja\u015bnienia dotycz\u0105ce miejsca pobytu<\/h2>\n\n\n\n<p>Zbigniew Ziobro potwierdzi\u0142, \u017ce obecnie przebywa w&nbsp;Brukseli, stolicy Belgii&nbsp;i siedzibie g\u0142\u00f3wnych instytucji Unii Europejskiej.<\/p>\n\n\n\n<p>W swoim wyst\u0105pieniu na antenie telewizji wPolsce24 wyja\u015bni\u0142, \u017ce wyb\u00f3r tej lokalizacji nie by\u0142 przypadkowy. Jak stwierdzi\u0142, \u201eBruksela jest jednym z tych adres\u00f3w, kt\u00f3ry wskazali moi pe\u0142nomocnicy do wiadomo\u015bci prokuraturze\u201d.<\/p>\n\n\n\n<p>Ta deklaracja stanowi bezpo\u015brednie nawi\u0105zanie do trwaj\u0105cych post\u0119powa\u0144 prawnych, w kt\u00f3rych Ziobro ma status podejrzanego. Jego pe\u0142nomocnicy prawni, dzia\u0142aj\u0105c w ramach obowi\u0105zuj\u0105cych procedur, poinformowali organy \u015bcigania o mo\u017cliwych miejscach pobytu by\u0142ego ministra, co jest standardow\u0105 praktyk\u0105 w takich sytuacjach. Bruksela, jako miasto na terenie innego pa\u0144stwa cz\u0142onkowskiego UE, znalaz\u0142a si\u0119 na tej li\u015bcie.<\/p>\n\n\n\n<figure class=\"wp-block-image\"><img decoding=\"async\" src=\"https:\/\/images.iberion.media\/images\/origin\/Projekt_bez_nazwy_2025_11_28_T133835_567_8de0044e70.png\" alt=\"Potwierdzi\u0142o si\u0119, Ziobro ju\u017c nie jest na W\u0119grzech. &quot;Uciek\u0142&quot; do kolejnego kraju\"\/><figcaption class=\"wp-element-caption\">Zbigniew Ziobro, fot. KAPiF<\/figcaption><\/figure>\n\n\n\n<h2 class=\"wp-block-heading\">Pobyt na W\u0119grzech i zmiana lokalizacji<\/h2>\n\n\n\n<p>Wyst\u0105pienie z Brukseli nast\u0119puje po okresie,&nbsp;<a href=\"https:\/\/goniec.pl\/nawet-w-3-lidze-kibice-smieja-sie-z-ziobry-ziobro-fujaro-sd-swpp-301125\">gdy Zbigniew Ziobro&nbsp;<\/a>przebywa\u0142 na W\u0119grzech. Jego pobyt w Budapeszcie by\u0142 szeroko komentowany w mediach i wi\u0105za\u0142 si\u0119 z spekulacjami na temat motyw\u00f3w opuszczenia Polski. Ziobro nie poda\u0142 w czwartkowym wywiadzie szczeg\u00f3\u0142owych powod\u00f3w zmiany kraju pobytu z W\u0119gier na Belgi\u0119.<\/p>\n\n\n\n<p>Analitycy wskazuj\u0105, \u017ce zmiana ta mo\u017ce mie\u0107 zar\u00f3wno pod\u0142o\u017ce prawne, jak i polityczne. Bruksela, jako centrum unijne, oferuje inn\u0105 przestrze\u0144 medialn\u0105 i polityczn\u0105 ni\u017c Budapeszt. Jednocze\u015bnie pozostaje w zasi\u0119gu jurysdykcji europejskich mechanizm\u00f3w wsp\u00f3\u0142pracy s\u0105dowej, co mo\u017ce mie\u0107 znaczenie dla przebiegu spraw tocz\u0105cych si\u0119 w Polsce.<\/p>\n\n\n\n<h2 class=\"wp-block-heading\">Reakcje i implikacje polityczno-prawne<\/h2>\n\n\n\n<p><a href=\"https:\/\/goniec.pl\/ziobro-zaczal-grzmiec-o-falszerstwie-wczesniej-poslanka-potwierdzila-autentycznosc-maili-sd-swpp-301125\">Publiczne wyst\u0105pienie<\/a>&nbsp;Ziobry z Brukseli wywo\u0142a\u0142o natychmiastowe reakcje na polskiej scenie politycznej. Przedstawiciele r\u00f3\u017cnych opcji komentowali zar\u00f3wno sam fakt przem\u00f3wienia, jak i jego tre\u015b\u0107. Dla partii Solidarna Polska, kt\u00f3r\u0105 Ziobro wsp\u00f3\u0142tworzy, jego widoczno\u015b\u0107 w mediach pozostaje istotnym elementem aktywno\u015bci politycznej.<\/p>\n\n\n\n<p>Pod wzgl\u0119dem prawnym, poinformowanie prokuratury o adresie w Brukseli jest elementem wype\u0142niania obowi\u0105zk\u00f3w na\u0142o\u017conych w toku post\u0119powania. Nie wp\u0142ywa to automatycznie na przebieg spraw, ale stanowi formalne dope\u0142nienie wymog\u00f3w proceduralnych. Kwestia ewentualnej ekstradycji lub innych form wsp\u00f3\u0142pracy mi\u0119dzy polskimi a belgijskimi organami prawnymi pozostaje przedmiotem regulacji mi\u0119dzynarodowych i unijnych. Dalszy rozw\u00f3j sytuacji b\u0119dzie zale\u017ca\u0142 zar\u00f3wno od decyzji samego Ziobry, jak i od dynamiki post\u0119powa\u0144 prowadzonych w Polsce.<\/p>\n\n\n\n<figure class=\"wp-block-image\"><img decoding=\"async\" src=\"https:\/\/images.iberion.media\/images\/origin\/ziobro_1_9e3888644a.png\" alt=\"Potwierdzi\u0142o si\u0119, Ziobro ju\u017c nie jest na W\u0119grzech. &quot;Uciek\u0142&quot; do kolejnego kraju\"\/><\/figure>\n","protected":false},"excerpt":{"rendered":"<p>W czwartek, 4 grudnia, Zbigniew Ziobro udzieli\u0142 wywiadu, w kt\u00f3rym po raz pierwszy od d\u0142u\u017cszego czasu publicznie skomentowa\u0142 swoj\u0105 sytuacj\u0119. Wyst\u0105pi\u0142 w studiu telewizyjnym, jednak nie na terenie Polski. Jego wypowied\u017a dotyczy\u0142a zar\u00f3wno kwestii proceduralnych zwi\u0105zanych z obowi\u0105zkami prawnymi, jak i szerszego kontekstu politycznego.&nbsp; Przem\u00f3wienie z Brukseli: Wyja\u015bnienia dotycz\u0105ce miejsca pobytu Zbigniew Ziobro potwierdzi\u0142, \u017ce &#8230; <a title=\"Potwierdzi\u0142o si\u0119, Ziobro ju\u017c nie jest na W\u0119grzech. \u201cUciek\u0142\u201d do kolejnego kraju\" class=\"read-more\" href=\"https:\/\/dobrezrodla.com\/?p=10992\" aria-label=\"Read more about Potwierdzi\u0142o si\u0119, Ziobro ju\u017c nie jest na W\u0119grzech. \u201cUciek\u0142\u201d do kolejnego kraju\">Read more<\/a><\/p>\n","protected":false},"author":1,"featured_media":0,"comment_status":"open","ping_status":"open","sticky":false,"template":"","format":"standard","meta":{"footnotes":""},"categories":[1],"tags":[],"class_list":["post-10992","post","type-post","status-publish","format-standard","hentry","category-uncategorized"],"_links":{"self":[{"href":"https:\/\/dobrezrodla.com\/index.php?rest_route=\/wp\/v2\/posts\/10992","targetHints":{"allow":["GET"]}}],"collection":[{"href":"https:\/\/dobrezrodla.com\/index.php?rest_route=\/wp\/v2\/posts"}],"about":[{"href":"https:\/\/dobrezrodla.com\/index.php?rest_route=\/wp\/v2\/types\/post"}],"author":[{"embeddable":true,"href":"https:\/\/dobrezrodla.com\/index.php?rest_route=\/wp\/v2\/users\/1"}],"replies":[{"embeddable":true,"href":"https:\/\/dobrezrodla.com\/index.php?rest_route=%2Fwp%2Fv2%2Fcomments&post=10992"}],"version-history":[{"count":1,"href":"https:\/\/dobrezrodla.com\/index.php?rest_route=\/wp\/v2\/posts\/10992\/revisions"}],"predecessor-version":[{"id":10993,"href":"https:\/\/dobrezrodla.com\/index.php?rest_route=\/wp\/v2\/posts\/10992\/revisions\/10993"}],"wp:attachment":[{"href":"https:\/\/dobrezrodla.com\/index.php?rest_route=%2Fwp%2Fv2%2Fmedia&parent=10992"}],"wp:term":[{"taxonomy":"category","embeddable":true,"href":"https:\/\/dobrezrodla.com\/index.php?rest_route=%2Fwp%2Fv2%2Fcategories&post=10992"},{"taxonomy":"post_tag","embeddable":true,"href":"https:\/\/dobrezrodla.com\/index.php?rest_route=%2Fwp%2Fv2%2Ftags&post=10992"}],"curies":[{"name":"wp","href":"https:\/\/api.w.org\/{rel}","templated":true}]}}