{"id":10994,"date":"2025-12-05T17:44:37","date_gmt":"2025-12-05T17:44:37","guid":{"rendered":"https:\/\/dobrezrodla.com\/?p=10994"},"modified":"2025-12-05T17:44:38","modified_gmt":"2025-12-05T17:44:38","slug":"karol-nawrocki-zwrocil-sie-do-gornikow-wpis-wywolal-wiele-kontrowersji","status":"publish","type":"post","link":"https:\/\/dobrezrodla.com\/?p=10994","title":{"rendered":"Karol Nawrocki zwr\u00f3ci\u0142 si\u0119 do g\u00f3rnik\u00f3w. Wpis wywo\u0142a\u0142 wiele kontrowersji"},"content":{"rendered":"\n<p>Czwartego grudnia, w tradycyjne \u015bwi\u0119to g\u00f3rnik\u00f3w, media spo\u0142eczno\u015bciowe sta\u0142y si\u0119 aren\u0105 ostrego starcia dw\u00f3ch wizji Polski.<\/p>\n\n\n\n<p>Z jednej strony \u2013 oficjalny, patetyczny ton ho\u0142duj\u0105cy \u201eg\u00f3rniczemu stanowi\u201d, reprezentowany przez Karola Nawrockiego. Z drugiej \u2013 brutalna weryfikacja ekonomiczna i ekologiczna ze strony internaut\u00f3w.<\/p>\n\n\n\n<h2 class=\"wp-block-heading\">Barb\u00f3rka Karola Nawrockiego<\/h2>\n\n\n\n<p>Barb\u00f3rka to od dekad sta\u0142y punkt w kalendarzu polskich polityk\u00f3w. Niezale\u017cnie od barw partyjnych, 4 grudnia p\u0142yn\u0105 podzi\u0119kowania za trud, pot i po\u015bwi\u0119cenie.<\/p>\n\n\n\n<p>Jednak zrzut ekranu z serwisu X (dawniej Twitter), dokumentuj\u0105cy reakcje na wpis Karola Nawrockiego, pokazuje, \u017ce w 2025 roku ten rytua\u0142 przesta\u0142 by\u0107 przyjmowany bezkrytycznie. Spo\u0142ecze\u0144stwo, zm\u0119czone rosn\u0105cymi kosztami energii i problemami klimatycznymi, coraz g\u0142o\u015bniej m\u00f3wi \u201esprawdzam\u201d.<\/p>\n\n\n\n<h2 class=\"wp-block-heading\">\u201eFedrowa\u0107 i rozwija\u0107 Rzeczpospolit\u0105\u201d<\/h2>\n\n\n\n<p>W swoim wpisie Karol Nawrocki uderzy\u0142 w wysokie, patriotyczne tony. \u201eDrodzy G\u00f3rnicy, dzi\u0119kuj\u0119 za Wasz\u0105 prac\u0119, za wierno\u015b\u0107 tradycji i si\u0142\u0119, kt\u00f3ra buduje dostatni byt naszej Ojczyzny\u201d \u2013 napisa\u0142, dodaj\u0105c podzi\u0119kowania dla rodzin g\u00f3rnik\u00f3w za wsp\u00f3\u0142uczestnictwo w \u201ewymagaj\u0105cej s\u0142u\u017cbie\u201d.<\/p>\n\n\n\n<p>Wpis ten jest podr\u0119cznikowym przyk\u0142adem politycznej komunikacji skierowanej do elektoratu tradycjonalistycznego. Nawrocki buduje narracj\u0119, w kt\u00f3rej w\u0119giel wci\u0105\u017c jest fundamentem bezpiecze\u0144stwa i rozwoju kraju, a g\u00f3rnik to nie tylko pracownik, ale stra\u017cnik narodowego bytu.<\/p>\n\n\n\n<h2 class=\"wp-block-heading\">Internauci bez lito\u015bci: \u201eChyba zwija\u0107, nie rozwija\u0107\u201d<\/h2>\n\n\n\n<p>Reakcja pod postem by\u0142a natychmiastowa i mia\u017cd\u017c\u0105ca. Zamiast wirtualnych kwiat\u00f3w, pod \u017cyczeniami wyla\u0142a si\u0119 fala krytyki, kt\u00f3ra obna\u017ca nastroje spo\u0142eczne w grudniu 2025 roku. Komentarze u\u017cytkownik\u00f3w punktuj\u0105 g\u0142\u00f3wne bol\u0105czki polskiego sektora wydobywczego:<\/p>\n\n\n\n<p><strong>Nierentowno\u015b\u0107:<\/strong>&nbsp;Jeden z u\u017cytkownik\u00f3w ostro sugeruje, by autor wpisu \u201esam dop\u0142aca\u0142 do tych kopal\u0144\u201d, co odzwierciedla frustracj\u0119 podatnik\u00f3w zwi\u0105zan\u0105 z ci\u0105g\u0142ym subsydiowaniem g\u00f3rnictwa.<\/p>\n\n\n\n<p><strong>W\u0105tpliwo\u015bci geopolityczne:<\/strong>&nbsp;Pojawia si\u0119 w\u0105tek rzekomego przejmowania wydobycia przez podmioty zagraniczne w miejscach, gdzie polskie pa\u0144stwo uzna\u0142o to za nieop\u0142acalne \u2013 co pokazuje brak zaufania do decyzji gospodarczych rz\u0105du.<\/p>\n\n\n\n<p><strong>Brak perspektyw:<\/strong>&nbsp;U\u017cytkowniczka \u201eCatherine\u201d celnie ripostuje s\u0142owa o rozwoju: \u201eFaktycznie na w\u0119glu to si\u0119 b\u0119dziemy rozwia\u0107, chyba zwija\u0107\u201d. To g\u0142os pokolenia, dla kt\u00f3rego oparcie gospodarki na paliwach kopalnych jest synonimem zap\u00f3\u017anienia, a nie post\u0119pu.<\/p>\n\n\n\n<p><strong>Szkody g\u00f3rnicze:<\/strong>&nbsp;W dyskusji nie zabrak\u0142o te\u017c emocjonalnych g\u0142os\u00f3w mieszka\u0144c\u00f3w teren\u00f3w pog\u00f3rniczych, kt\u00f3rzy zwracaj\u0105 uwag\u0119 na zapadaj\u0105c\u0105 si\u0119 ziemi\u0119 i dziury w infrastrukturze \u2013 realny koszt wydobycia, o kt\u00f3rym rzadko wspomina si\u0119 w laurkach.<\/p>\n\n\n\n<h2 class=\"wp-block-heading\">Koniec mitu \u201eczarnego z\u0142ota\u201d?<\/h2>\n\n\n\n<p>Sytuacja widoczna pod postem Nawrockiego to mikrosoczewka, w kt\u00f3rej skupiaj\u0105 si\u0119 najwi\u0119ksze wyzwania Polski w po\u0142owie lat 20. XXI wieku.<\/p>\n\n\n\n<p>Jeszcze dekad\u0119 temu krytyka g\u00f3rnik\u00f3w w dniu ich \u015bwi\u0119ta by\u0142a rzadko\u015bci\u0105 i uchodzi\u0142a za nietakt. Dzi\u015b, w obliczu transformacji energetycznej i rosn\u0105cej \u015bwiadomo\u015bci ekologicznej, \u201eczarne z\u0142oto\u201d traci sw\u00f3j blask. Dla wielu Polak\u00f3w w\u0119giel przesta\u0142 by\u0107 symbolem bogactwa narodowego, a sta\u0142 si\u0119 symbolem problemu \u2013 drogiego pr\u0105du, zanieczyszczonego powietrza i nieko\u0144cz\u0105cych si\u0119 dop\u0142at.<\/p>\n\n\n\n<p>Wpis Karola Nawrockiego, cho\u0107 utrzymany w duchu szacunku dla ci\u0119\u017ckiej pracy (kt\u00f3rej nikt g\u00f3rnikom nie odmawia), zderzy\u0142 si\u0119 z murem rzeczywisto\u015bci. Pokazuje to, \u017ce politycy chc\u0105cy w 2025 roku budowa\u0107 kapita\u0142 na sentymencie do w\u0119gla, musz\u0105 liczy\u0107 si\u0119 z tym, \u017ce dla coraz wi\u0119kszej cz\u0119\u015bci spo\u0142ecze\u0144stwa jest to narracja nie tyle przestarza\u0142a, co po prostu szkodliwa.<\/p>\n\n\n\n<p><strong>Barb\u00f3rka pozostaje wa\u017cnym \u015bwi\u0119tem tradycji, ale w Internecie taryfa ulgowa dla g\u00f3rnictwa definitywnie si\u0119 sko\u0144czy\u0142a.<\/strong><\/p>\n","protected":false},"excerpt":{"rendered":"<p>Czwartego grudnia, w tradycyjne \u015bwi\u0119to g\u00f3rnik\u00f3w, media spo\u0142eczno\u015bciowe sta\u0142y si\u0119 aren\u0105 ostrego starcia dw\u00f3ch wizji Polski. Z jednej strony \u2013 oficjalny, patetyczny ton ho\u0142duj\u0105cy \u201eg\u00f3rniczemu stanowi\u201d, reprezentowany przez Karola Nawrockiego. Z drugiej \u2013 brutalna weryfikacja ekonomiczna i ekologiczna ze strony internaut\u00f3w. Barb\u00f3rka Karola Nawrockiego Barb\u00f3rka to od dekad sta\u0142y punkt w kalendarzu polskich polityk\u00f3w. Niezale\u017cnie &#8230; <a title=\"Karol Nawrocki zwr\u00f3ci\u0142 si\u0119 do g\u00f3rnik\u00f3w. Wpis wywo\u0142a\u0142 wiele kontrowersji\" class=\"read-more\" href=\"https:\/\/dobrezrodla.com\/?p=10994\" aria-label=\"Read more about Karol Nawrocki zwr\u00f3ci\u0142 si\u0119 do g\u00f3rnik\u00f3w. Wpis wywo\u0142a\u0142 wiele kontrowersji\">Read more<\/a><\/p>\n","protected":false},"author":1,"featured_media":0,"comment_status":"open","ping_status":"open","sticky":false,"template":"","format":"standard","meta":{"footnotes":""},"categories":[1],"tags":[],"class_list":["post-10994","post","type-post","status-publish","format-standard","hentry","category-uncategorized"],"_links":{"self":[{"href":"https:\/\/dobrezrodla.com\/index.php?rest_route=\/wp\/v2\/posts\/10994","targetHints":{"allow":["GET"]}}],"collection":[{"href":"https:\/\/dobrezrodla.com\/index.php?rest_route=\/wp\/v2\/posts"}],"about":[{"href":"https:\/\/dobrezrodla.com\/index.php?rest_route=\/wp\/v2\/types\/post"}],"author":[{"embeddable":true,"href":"https:\/\/dobrezrodla.com\/index.php?rest_route=\/wp\/v2\/users\/1"}],"replies":[{"embeddable":true,"href":"https:\/\/dobrezrodla.com\/index.php?rest_route=%2Fwp%2Fv2%2Fcomments&post=10994"}],"version-history":[{"count":1,"href":"https:\/\/dobrezrodla.com\/index.php?rest_route=\/wp\/v2\/posts\/10994\/revisions"}],"predecessor-version":[{"id":10995,"href":"https:\/\/dobrezrodla.com\/index.php?rest_route=\/wp\/v2\/posts\/10994\/revisions\/10995"}],"wp:attachment":[{"href":"https:\/\/dobrezrodla.com\/index.php?rest_route=%2Fwp%2Fv2%2Fmedia&parent=10994"}],"wp:term":[{"taxonomy":"category","embeddable":true,"href":"https:\/\/dobrezrodla.com\/index.php?rest_route=%2Fwp%2Fv2%2Fcategories&post=10994"},{"taxonomy":"post_tag","embeddable":true,"href":"https:\/\/dobrezrodla.com\/index.php?rest_route=%2Fwp%2Fv2%2Ftags&post=10994"}],"curies":[{"name":"wp","href":"https:\/\/api.w.org\/{rel}","templated":true}]}}