{"id":11037,"date":"2025-12-06T10:01:14","date_gmt":"2025-12-06T10:01:14","guid":{"rendered":"https:\/\/dobrezrodla.com\/?p=11037"},"modified":"2025-12-06T10:01:15","modified_gmt":"2025-12-06T10:01:15","slug":"skandal-w-szwecji-posel-z-sd-rezygnuje-po-ujawnieniu-kolekcji-nazistowskich-pamiatek","status":"publish","type":"post","link":"https:\/\/dobrezrodla.com\/?p=11037","title":{"rendered":"Skandal w Szwecji: pose\u0142 z SD rezygnuje po ujawnieniu kolekcji nazistowskich pami\u0105tek"},"content":{"rendered":"\n<p>G\u00f6ran Hargestam, pose\u0142 skrajnie prawicowej partii Szwedzcy Demokraci (SD), og\u0142osi\u0142 rezygnacj\u0119 z mandatu po tym, jak szwedzki dziennik \u201eExpressen\u201d ujawni\u0142 jego prywatn\u0105 kolekcj\u0119 nazistowskich pami\u0105tek. W pud\u0142ach znalezionych w budynku, kt\u00f3rego by\u0142 w\u0142a\u015bcicielem, dziennikarze odkryli m.in. puchar z nazistowskimi symbolami, egzemplarze \u201eMein Kampf\u201d oraz zdj\u0119cia Adolfa Hitlera i armii niemieckiej z czas\u00f3w II wojny \u015bwiatowej.<\/p>\n\n\n\n<p>Hargestam, kt\u00f3ry zasiada\u0142 w komisjach ds. obronno\u015bci i Unii Europejskiej, t\u0142umaczy\u0142, \u017ce interesuje si\u0119 histori\u0105 wojskowo\u015bci i planowa\u0142 napisa\u0107 ksi\u0105\u017ck\u0119. W przes\u0142anym o\u015bwiadczeniu zaznaczy\u0142, \u017ce nie chce by\u0107 ci\u0119\u017carem dla partii, cho\u0107 nie uwa\u017ca, by zrobi\u0142 co\u015b z\u0142ego. SD w odpowiedzi na jego decyzj\u0119 stwierdzi\u0142o, \u017ce \u201eto najlepsze rozwi\u0105zanie\u201d.<\/p>\n\n\n\n<p>Sprawa wywo\u0142a\u0142a poruszenie r\u00f3wnie\u017c z powodu historycznych zwi\u0105zk\u00f3w SD z ruchami neofaszystowskimi. W 2022 roku partia zleci\u0142a przygotowanie bia\u0142ej ksi\u0119gi, w kt\u00f3rej potwierdzono, \u017ce wi\u0119kszo\u015b\u0107 jej za\u0142o\u017cycieli mia\u0142a powi\u0105zania z organizacjami o skrajnie nacjonalistycznym lub neonazistowskim charakterze.<\/p>\n","protected":false},"excerpt":{"rendered":"<p>G\u00f6ran Hargestam, pose\u0142 skrajnie prawicowej partii Szwedzcy Demokraci (SD), og\u0142osi\u0142 rezygnacj\u0119 z mandatu po tym, jak szwedzki dziennik \u201eExpressen\u201d ujawni\u0142 jego prywatn\u0105 kolekcj\u0119 nazistowskich pami\u0105tek. W pud\u0142ach znalezionych w budynku, kt\u00f3rego by\u0142 w\u0142a\u015bcicielem, dziennikarze odkryli m.in. puchar z nazistowskimi symbolami, egzemplarze \u201eMein Kampf\u201d oraz zdj\u0119cia Adolfa Hitlera i armii niemieckiej z czas\u00f3w II wojny \u015bwiatowej. &#8230; <a title=\"Skandal w Szwecji: pose\u0142 z SD rezygnuje po ujawnieniu kolekcji nazistowskich pami\u0105tek\" class=\"read-more\" href=\"https:\/\/dobrezrodla.com\/?p=11037\" aria-label=\"Read more about Skandal w Szwecji: pose\u0142 z SD rezygnuje po ujawnieniu kolekcji nazistowskich pami\u0105tek\">Read more<\/a><\/p>\n","protected":false},"author":1,"featured_media":0,"comment_status":"open","ping_status":"open","sticky":false,"template":"","format":"standard","meta":{"footnotes":""},"categories":[1],"tags":[],"class_list":["post-11037","post","type-post","status-publish","format-standard","hentry","category-uncategorized"],"_links":{"self":[{"href":"https:\/\/dobrezrodla.com\/index.php?rest_route=\/wp\/v2\/posts\/11037","targetHints":{"allow":["GET"]}}],"collection":[{"href":"https:\/\/dobrezrodla.com\/index.php?rest_route=\/wp\/v2\/posts"}],"about":[{"href":"https:\/\/dobrezrodla.com\/index.php?rest_route=\/wp\/v2\/types\/post"}],"author":[{"embeddable":true,"href":"https:\/\/dobrezrodla.com\/index.php?rest_route=\/wp\/v2\/users\/1"}],"replies":[{"embeddable":true,"href":"https:\/\/dobrezrodla.com\/index.php?rest_route=%2Fwp%2Fv2%2Fcomments&post=11037"}],"version-history":[{"count":1,"href":"https:\/\/dobrezrodla.com\/index.php?rest_route=\/wp\/v2\/posts\/11037\/revisions"}],"predecessor-version":[{"id":11038,"href":"https:\/\/dobrezrodla.com\/index.php?rest_route=\/wp\/v2\/posts\/11037\/revisions\/11038"}],"wp:attachment":[{"href":"https:\/\/dobrezrodla.com\/index.php?rest_route=%2Fwp%2Fv2%2Fmedia&parent=11037"}],"wp:term":[{"taxonomy":"category","embeddable":true,"href":"https:\/\/dobrezrodla.com\/index.php?rest_route=%2Fwp%2Fv2%2Fcategories&post=11037"},{"taxonomy":"post_tag","embeddable":true,"href":"https:\/\/dobrezrodla.com\/index.php?rest_route=%2Fwp%2Fv2%2Ftags&post=11037"}],"curies":[{"name":"wp","href":"https:\/\/api.w.org\/{rel}","templated":true}]}}