{"id":11049,"date":"2025-12-06T10:09:41","date_gmt":"2025-12-06T10:09:41","guid":{"rendered":"https:\/\/dobrezrodla.com\/?p=11049"},"modified":"2025-12-06T10:09:41","modified_gmt":"2025-12-06T10:09:41","slug":"prezydent-zapowiada-nie-bedzie-weta-dla-ustawy-gorniczej-kluczowa-deklaracja-podczas-barborki","status":"publish","type":"post","link":"https:\/\/dobrezrodla.com\/?p=11049","title":{"rendered":"Prezydent zapowiada: nie b\u0119dzie weta dla ustawy g\u00f3rniczej. Kluczowa deklaracja podczas Barb\u00f3rki"},"content":{"rendered":"\n<p>Podczas pi\u0105tkowych obchod\u00f3w Barb\u00f3rki w Katowicach prezydent Karol Nawrocki zapowiedzia\u0142 gotowo\u015b\u0107 do podpisania ustawy o funkcjonowaniu g\u00f3rnictwa w\u0119gla kamiennego. Podczas uroczysto\u015bci w kopalni Staszic-Wujek, prezydent podkre\u015bli\u0142, \u017ce jedyn\u0105 przeszkod\u0105 by\u0142 brak uchwalenia ustawy przez Sejm na czas \u2013 gdyby dokument by\u0142 gotowy, podpisa\u0142by go od razu.<\/p>\n\n\n\n<p>Wypowied\u017a pad\u0142a w kontek\u015bcie zarzut\u00f3w o nadmierne stosowanie prawa weta. Nawrocki odpiera te opinie, wskazuj\u0105c, \u017ce podpisa\u0142 ponad 70 ustaw, a zawetowa\u0142 jedynie kilkana\u015bcie. \u2013 Statystycznie ci\u0119\u017cko nazywa\u0107 mnie wetomatem \u2013 stwierdzi\u0142 prezydent.<\/p>\n\n\n\n<p>Dla g\u00f3rnik\u00f3w i ca\u0142ej bran\u017cy wydobywczej to wa\u017cny sygna\u0142 \u2013 g\u0142owa pa\u0144stwa deklaruje wsparcie dla sektor\u00f3w kluczowych dla gospodarki i energetyki, o ile ustawy trafiaj\u0105 na jego biurko w odpowiedniej formie. Teraz los dokumentu zale\u017cy od tempa prac Senatu. Je\u015bli izba wy\u017csza nie op\u00f3\u017ani procedowania, nowe przepisy mog\u0105 wej\u015b\u0107 w \u017cycie jeszcze w grudniu.<\/p>\n","protected":false},"excerpt":{"rendered":"<p>Podczas pi\u0105tkowych obchod\u00f3w Barb\u00f3rki w Katowicach prezydent Karol Nawrocki zapowiedzia\u0142 gotowo\u015b\u0107 do podpisania ustawy o funkcjonowaniu g\u00f3rnictwa w\u0119gla kamiennego. Podczas uroczysto\u015bci w kopalni Staszic-Wujek, prezydent podkre\u015bli\u0142, \u017ce jedyn\u0105 przeszkod\u0105 by\u0142 brak uchwalenia ustawy przez Sejm na czas \u2013 gdyby dokument by\u0142 gotowy, podpisa\u0142by go od razu. Wypowied\u017a pad\u0142a w kontek\u015bcie zarzut\u00f3w o nadmierne stosowanie prawa &#8230; <a title=\"Prezydent zapowiada: nie b\u0119dzie weta dla ustawy g\u00f3rniczej. Kluczowa deklaracja podczas Barb\u00f3rki\" class=\"read-more\" href=\"https:\/\/dobrezrodla.com\/?p=11049\" aria-label=\"Read more about Prezydent zapowiada: nie b\u0119dzie weta dla ustawy g\u00f3rniczej. Kluczowa deklaracja podczas Barb\u00f3rki\">Read more<\/a><\/p>\n","protected":false},"author":1,"featured_media":0,"comment_status":"open","ping_status":"open","sticky":false,"template":"","format":"standard","meta":{"footnotes":""},"categories":[1],"tags":[],"class_list":["post-11049","post","type-post","status-publish","format-standard","hentry","category-uncategorized"],"_links":{"self":[{"href":"https:\/\/dobrezrodla.com\/index.php?rest_route=\/wp\/v2\/posts\/11049","targetHints":{"allow":["GET"]}}],"collection":[{"href":"https:\/\/dobrezrodla.com\/index.php?rest_route=\/wp\/v2\/posts"}],"about":[{"href":"https:\/\/dobrezrodla.com\/index.php?rest_route=\/wp\/v2\/types\/post"}],"author":[{"embeddable":true,"href":"https:\/\/dobrezrodla.com\/index.php?rest_route=\/wp\/v2\/users\/1"}],"replies":[{"embeddable":true,"href":"https:\/\/dobrezrodla.com\/index.php?rest_route=%2Fwp%2Fv2%2Fcomments&post=11049"}],"version-history":[{"count":1,"href":"https:\/\/dobrezrodla.com\/index.php?rest_route=\/wp\/v2\/posts\/11049\/revisions"}],"predecessor-version":[{"id":11050,"href":"https:\/\/dobrezrodla.com\/index.php?rest_route=\/wp\/v2\/posts\/11049\/revisions\/11050"}],"wp:attachment":[{"href":"https:\/\/dobrezrodla.com\/index.php?rest_route=%2Fwp%2Fv2%2Fmedia&parent=11049"}],"wp:term":[{"taxonomy":"category","embeddable":true,"href":"https:\/\/dobrezrodla.com\/index.php?rest_route=%2Fwp%2Fv2%2Fcategories&post=11049"},{"taxonomy":"post_tag","embeddable":true,"href":"https:\/\/dobrezrodla.com\/index.php?rest_route=%2Fwp%2Fv2%2Ftags&post=11049"}],"curies":[{"name":"wp","href":"https:\/\/api.w.org\/{rel}","templated":true}]}}