{"id":11073,"date":"2025-12-06T10:18:46","date_gmt":"2025-12-06T10:18:46","guid":{"rendered":"https:\/\/dobrezrodla.com\/?p=11073"},"modified":"2025-12-06T10:18:47","modified_gmt":"2025-12-06T10:18:47","slug":"najwyzszy-wymiar-kary-dla-prezesa-pis-decyzja-zapadla-pod-jego-nieobecnosc","status":"publish","type":"post","link":"https:\/\/dobrezrodla.com\/?p=11073","title":{"rendered":"Najwy\u017cszy wymiar kary dla prezesa PiS. Decyzja zapad\u0142a pod jego nieobecno\u015b\u0107"},"content":{"rendered":"\n<p><\/p>\n\n\n\n<p>Sejmowa Komisja Etyki Poselskiej wyda\u0142a jednoznaczny werdykt w sprawie zachowania prezesa Prawa i Sprawiedliwo\u015bci. Jaros\u0142aw Kaczy\u0144ski zosta\u0142 ukarany najwy\u017csz\u0105 mo\u017cliw\u0105 kar\u0105 regulaminow\u0105 \u2013 nagan\u0105 \u2013 za obra\u017aliwe okre\u015blenia pod adresem kontrmanifestant\u00f3w. Dodatkowo polityk otrzyma\u0142 upomnienie za niew\u0142a\u015bciwe zachowanie wobec reportera TVN24. Decyzje zapad\u0142y pod nieobecno\u015b\u0107 lidera opozycji, kt\u00f3ry zignorowa\u0142 wezwania do z\u0142o\u017cenia wyja\u015bnie\u0144.<\/p>\n\n\n\n<p>Posiedzenie Komisji Etyki, kt\u00f3re odby\u0142o si\u0119 w \u015brod\u0119, mia\u0142o burzliwy przebieg, mimo \u017ce g\u0142\u00f3wny zainteresowany nie pojawi\u0142 si\u0119 na sali. Przedmiotem obrad by\u0142y wnioski dotycz\u0105ce wypowiedzi Jaros\u0142awa Kaczy\u0144skiego, kt\u00f3re w ostatnich miesi\u0105cach wywo\u0142a\u0142y fal\u0119 oburzenia w przestrzeni publicznej.<\/p>\n\n\n\n<p>\u201eTe \u015bmiecie, kt\u00f3re tu stoj\u0105\u201d \u2013 najwy\u017csza kara za s\u0142owa nienawi\u015bci<br>Najpowa\u017cniejszy zarzut dotyczy\u0142 wydarze\u0144 z sierpnia 2025 roku. Podczas comiesi\u0119cznych obchod\u00f3w tzw. miesi\u0119cznicy smole\u0144skiej na placu Pi\u0142sudskiego w Warszawie dosz\u0142o do eskalacji napi\u0119cia mi\u0119dzy politykami PiS a grup\u0105 protestuj\u0105cych aktywist\u00f3w.<\/p>\n\n\n\n<p>W pewnym momencie prezes PiS, zwracaj\u0105c si\u0119 w stron\u0119 kontrmanifestant\u00f3w, u\u017cy\u0142 sformu\u0142owania:<\/p>\n\n\n\n<p>\u201eTe \u015bmiecie, kt\u00f3re tu stoj\u0105.\u201d<\/p>\n\n\n\n<p>S\u0142owa te zosta\u0142y zarejestrowane przez kamery i natychmiast obieg\u0142y media spo\u0142eczno\u015bciowe. Komisja Etyki uzna\u0142a, \u017ce wypowied\u017a ta drastycznie naruszy\u0142a Zasady Etyki Poselskiej, w szczeg\u00f3lno\u015bci zasad\u0119 dba\u0142o\u015bci o dobre imi\u0119 Sejmu oraz poszanowania godno\u015bci innych os\u00f3b.<\/p>\n\n\n\n<p>Cz\u0142onkowie komisji nie mieli w\u0105tpliwo\u015bci co do wagi przewinienia. Za ten czyn na\u0142o\u017cono na Jaros\u0142awa Kaczy\u0144skiego kar\u0119 nagany. Jest to najsurowsza sankcja, jak\u0105 dysponuje ten organ (w hierarchii kar znajduj\u0105 si\u0119 kolejno: zwr\u00f3cenie uwagi, upomnienie i nagana).<\/p>\n\n\n\n<p>Spi\u0119cie z dziennikarzem TVN24<br>Drugi w\u0105tek posiedzenia dotyczy\u0142 relacji prezesa PiS z mediami. Komisja rozpatrzy\u0142a wniosek dotycz\u0105cy zachowania polityka wobec sejmowego reportera stacji TVN24, Radomira Wita.<\/p>\n\n\n\n<p>W tym przypadku Komisja zdecydowa\u0142a si\u0119 na udzielenie upomnienia. Cho\u0107 kara jest o stopie\u0144 ni\u017csza ni\u017c w przypadku obrazy protestuj\u0105cych, jest to wyra\u017any sygna\u0142, \u017ce standardy komunikacji z przedstawicielami medi\u00f3w obowi\u0105zuj\u0105 wszystkich parlamentarzyst\u00f3w, niezale\u017cnie od ich pozycji politycznej. Incydent ten wpisuje si\u0119 w d\u0142ug\u0105 histori\u0119 napi\u0119tych relacji lidera PiS z t\u0105 stacj\u0105 telewizyjn\u0105.<\/p>\n\n\n\n<p>Prezes PiS zignorowa\u0142 komisj\u0119<br>Istotnym elementem sprawy jest postawa samego ukarania. Jak poinformowa\u0142a media pos\u0142anka Ewa Schadler (Polska 2050), zasiadaj\u0105ca w Komisji Etyki, Jaros\u0142aw Kaczy\u0144ski nie stawi\u0142 si\u0119 na posiedzeniu.<\/p>\n\n\n\n<p>\u2013 Prezes Kaczy\u0144ski by\u0142 zapraszany dwukrotnie. Nie usprawiedliwi\u0142 swojej nieobecno\u015bci \u2013 przekaza\u0142a Schadler.<\/p>\n\n\n\n<p>Brak obecno\u015bci uniemo\u017cliwi\u0142 politykowi przedstawienie w\u0142asnej wersji wydarze\u0144 czy pr\u00f3by obrony, co w praktyce oznacza\u0142o, \u017ce komisja podj\u0119\u0142a decyzj\u0119 wy\u0142\u0105cznie na podstawie materia\u0142u dowodowego (nagra\u0144 wideo) i wniosk\u00f3w oskar\u017cycieli. Zwyczajowo niestawiennictwo na Komisji Etyki jest odbierane jako wyraz lekcewa\u017cenia tego organu sejmowego.<\/p>\n\n\n\n<p>Co oznacza kara?<br>Decyzje Komisji Etyki Poselskiej maj\u0105 przede wszystkim wymiar dyscyplinarny i presti\u017cowy. Informacja o ukaraniu nagan\u0105 i upomnieniem trafia do akt osobowych pos\u0142a. Cho\u0107 same w sobie nie skutkuj\u0105 one automatycznym obni\u017ceniem uposa\u017cenia (o czym decyduje Prezydium Sejmu w osobnych procedurach), stanowi\u0105 formalne potwierdzenie naruszenia standard\u00f3w parlamentaryzmu.<\/p>\n\n\n\n<p>Dla Jaros\u0142awa Kaczy\u0144skiego to kolejne w karierze starcie z sejmow\u0105 etyk\u0105, jednak na\u0142o\u017cenie kary nagany \u2013 najwy\u017cszego mo\u017cliwego wymiaru \u2013 jest wydarzeniem rzadkim w przypadku lider\u00f3w najwi\u0119kszych ugrupowa\u0144 i podkre\u015bla skal\u0119 kontrowersji, jakie wywo\u0142a\u0142y jego sierpniowe s\u0142owa.<\/p>\n","protected":false},"excerpt":{"rendered":"<p>Sejmowa Komisja Etyki Poselskiej wyda\u0142a jednoznaczny werdykt w sprawie zachowania prezesa Prawa i Sprawiedliwo\u015bci. Jaros\u0142aw Kaczy\u0144ski zosta\u0142 ukarany najwy\u017csz\u0105 mo\u017cliw\u0105 kar\u0105 regulaminow\u0105 \u2013 nagan\u0105 \u2013 za obra\u017aliwe okre\u015blenia pod adresem kontrmanifestant\u00f3w. Dodatkowo polityk otrzyma\u0142 upomnienie za niew\u0142a\u015bciwe zachowanie wobec reportera TVN24. Decyzje zapad\u0142y pod nieobecno\u015b\u0107 lidera opozycji, kt\u00f3ry zignorowa\u0142 wezwania do z\u0142o\u017cenia wyja\u015bnie\u0144. Posiedzenie Komisji &#8230; <a title=\"Najwy\u017cszy wymiar kary dla prezesa PiS. Decyzja zapad\u0142a pod jego nieobecno\u015b\u0107\" class=\"read-more\" href=\"https:\/\/dobrezrodla.com\/?p=11073\" aria-label=\"Read more about Najwy\u017cszy wymiar kary dla prezesa PiS. Decyzja zapad\u0142a pod jego nieobecno\u015b\u0107\">Read more<\/a><\/p>\n","protected":false},"author":1,"featured_media":0,"comment_status":"open","ping_status":"open","sticky":false,"template":"","format":"standard","meta":{"footnotes":""},"categories":[1],"tags":[],"class_list":["post-11073","post","type-post","status-publish","format-standard","hentry","category-uncategorized"],"_links":{"self":[{"href":"https:\/\/dobrezrodla.com\/index.php?rest_route=\/wp\/v2\/posts\/11073","targetHints":{"allow":["GET"]}}],"collection":[{"href":"https:\/\/dobrezrodla.com\/index.php?rest_route=\/wp\/v2\/posts"}],"about":[{"href":"https:\/\/dobrezrodla.com\/index.php?rest_route=\/wp\/v2\/types\/post"}],"author":[{"embeddable":true,"href":"https:\/\/dobrezrodla.com\/index.php?rest_route=\/wp\/v2\/users\/1"}],"replies":[{"embeddable":true,"href":"https:\/\/dobrezrodla.com\/index.php?rest_route=%2Fwp%2Fv2%2Fcomments&post=11073"}],"version-history":[{"count":1,"href":"https:\/\/dobrezrodla.com\/index.php?rest_route=\/wp\/v2\/posts\/11073\/revisions"}],"predecessor-version":[{"id":11074,"href":"https:\/\/dobrezrodla.com\/index.php?rest_route=\/wp\/v2\/posts\/11073\/revisions\/11074"}],"wp:attachment":[{"href":"https:\/\/dobrezrodla.com\/index.php?rest_route=%2Fwp%2Fv2%2Fmedia&parent=11073"}],"wp:term":[{"taxonomy":"category","embeddable":true,"href":"https:\/\/dobrezrodla.com\/index.php?rest_route=%2Fwp%2Fv2%2Fcategories&post=11073"},{"taxonomy":"post_tag","embeddable":true,"href":"https:\/\/dobrezrodla.com\/index.php?rest_route=%2Fwp%2Fv2%2Ftags&post=11073"}],"curies":[{"name":"wp","href":"https:\/\/api.w.org\/{rel}","templated":true}]}}