{"id":11075,"date":"2025-12-06T10:19:23","date_gmt":"2025-12-06T10:19:23","guid":{"rendered":"https:\/\/dobrezrodla.com\/?p=11075"},"modified":"2025-12-06T10:19:24","modified_gmt":"2025-12-06T10:19:24","slug":"pilne-ma-byc-trybunal-stanu-sa-zarzuty-dla-mateusza-morawieckiego-i-dwoch-ministrow-nastepny-bedzie-kaczynski","status":"publish","type":"post","link":"https:\/\/dobrezrodla.com\/?p=11075","title":{"rendered":"PILNE: Ma by\u0107 Trybuna\u0142 Stanu. S\u0105 zarzuty dla Mateusza Morawieckiego i dw\u00f3ch ministr\u00f3w. Nast\u0119pny b\u0119dzie Kaczy\u0144ski?"},"content":{"rendered":"\n<p><\/p>\n\n\n\n<p>Wa\u017cny zwrot w sprawie rozlicze\u0144 rz\u0105d\u00f3w Zjednoczonej Prawicy.<\/p>\n\n\n\n<p>Do Marsza\u0142ka Sejmu wp\u0142yn\u0119\u0142y dokumenty z Prokuratury Generalnej, kt\u00f3re mog\u0105 otworzy\u0107 drog\u0119 do poci\u0105gni\u0119cia do odpowiedzialno\u015bci konstytucyjnej trzech by\u0142ych ministr\u00f3w: Mateusza Morawieckiego, Mariusza B\u0142aszczaka oraz Jana Krzysztofa Ardanowskiego.<\/p>\n\n\n\n<p>Powa\u017cne zarzuty na stole Marsza\u0142ka<br>Sprawa ma charakter rozwojowy i dotyczy podejrze\u0144 o powa\u017cne nadu\u017cycia w\u0142adzy oraz niedope\u0142nienie obowi\u0105zk\u00f3w w czasach sprawowania funkcji rz\u0105dowych.<\/p>\n\n\n\n<p>Dokumenty, kt\u00f3re trafi\u0142y na r\u0119ce wicemarsza\u0142ka Sejmu W\u0142odzimierza Czarzastego, s\u0105 efektem wielomiesi\u0119cznych prac \u015bledczych i audyt\u00f3w przeprowadzanych w ministerstwach po zmianie w\u0142adzy.<\/p>\n\n\n\n<p>Procedura Trybuna\u0142u Stanu rusza z miejsca<br>Przekazanie dokument\u00f3w do Sejmu to pierwszy, formalny krok niezb\u0119dny do uruchomienia procedury poci\u0105gni\u0119cia polityk\u00f3w do odpowiedzialno\u015bci przed Trybuna\u0142em Stanu.<\/p>\n\n\n\n<p>Zgodnie z procedur\u0105, wst\u0119pny wniosek o poci\u0105gni\u0119cie do odpowiedzialno\u015bci konstytucyjnej trafia do Komisji Odpowiedzialno\u015bci Konstytucyjnej, kt\u00f3ra wszczyna post\u0119powanie. Po przes\u0142uchaniu \u015bwiadk\u00f3w i zebraniu dowod\u00f3w, Komisja przedstawia Sejmowi sprawozdanie wraz z wnioskiem o postawienie w stan oskar\u017cenia lub o umorzenie sprawy.<\/p>\n\n\n\n<p>Warto wiedzie\u0107: Decyzja o postawieniu Prezesa Rady Ministr\u00f3w lub ministra przed Trybuna\u0142em Stanu wymaga w Sejmie wi\u0119kszo\u015bci 3\/5 ustawowej liczby pos\u0142\u00f3w (czyli 276 g\u0142os\u00f3w).<\/p>\n\n\n\n<p>Kto i za co mo\u017ce odpowiedzie\u0107?<br>Zarzuty sformu\u0142owane przez \u015bledczych dotycz\u0105 dzia\u0142a\u0144 podejmowanych w kluczowych resortach. Lista nazwisk obejmuje najwa\u017cniejsze postacie poprzedniego rz\u0105du:<\/p>\n\n\n\n<p>Mateusz Morawiecki (by\u0142y Prezes Rady Ministr\u00f3w): G\u0142\u00f3wne zarzuty wobec by\u0142ego premiera koncentruj\u0105 si\u0119 na nadu\u017cyciu uprawnie\u0144. \u015aledczy wskazuj\u0105 r\u00f3wnie\u017c na mo\u017cliwe naruszenie przepis\u00f3w dotycz\u0105cych ochrony danych osobowych. Wnioski te najcz\u0119\u015bciej wi\u0105zane s\u0105 z decyzjami podejmowanymi w trybie nadzwyczajnym (m.in. w czasie pandemii) oraz kwesti\u0105 organizacji tzw. wybor\u00f3w kopertowych, co do kt\u00f3rych w\u0105tpliwo\u015bci zg\u0142asza\u0142a ju\u017c wcze\u015bniej Najwy\u017csza Izba Kontroli.<\/p>\n\n\n\n<p>Mariusz B\u0142aszczak (by\u0142y Minister Obrony Narodowej): W przypadku szefa klubu PiS sprawa dotyczy bezpiecze\u0144stwa pa\u0144stwa. Zarzut odnosi si\u0119 do ujawnienia informacji niejawnych. Chodzi o upublicznienie fragment\u00f3w plan\u00f3w obronnych (tzw. plan u\u017cycia Si\u0142 Zbrojnych RP \u00abWarta\u00bb), co mia\u0142o miejsce w trakcie kampanii wyborczej. Prokuratura bada, czy odtajnienie tych dokument\u00f3w nie narazi\u0142o interesu pa\u0144stwa na szwank w imi\u0119 walki politycznej.<\/p>\n\n\n\n<p>Jan Krzysztof Ardanowski (by\u0142y Minister Rolnictwa): By\u0142emu szefowi resortu rolnictwa zarzuca si\u0119 przekroczenie uprawnie\u0144 w trakcie kierowania ministerstwem. Cho\u0107 szczeg\u00f3\u0142y w tym w\u0105tku s\u0105 najmniej znane opinii publicznej, dotycz\u0105 one prawdopodobnie nieprawid\u0142owo\u015bci w dysponowaniu funduszami celowymi lub decyzji administracyjnych, kt\u00f3re nie mia\u0142y oparcia w obowi\u0105zuj\u0105cym prawie.<\/p>\n\n\n\n<p>Polityczne echa decyzji<br>Ruch Prokuratury Generalnej wywo\u0142a\u0142 natychmiastow\u0105 reakcj\u0119 na Wiejskiej. Przedstawiciele obecnej koalicji rz\u0105dz\u0105cej wskazuj\u0105, \u017ce jest to realizacja obietnic wyborczych dotycz\u0105cych rozliczenia wszelkich nieprawid\u0142owo\u015bci poprzedniej w\u0142adzy. Z kolei politycy Prawa i Sprawiedliwo\u015bci konsekwentnie utrzymuj\u0105, \u017ce dzia\u0142ania prokuratury maj\u0105 charakter \u00abzemsty politycznej\u00bb i s\u0105 pr\u00f3b\u0105 odwr\u00f3cenia uwagi od bie\u017c\u0105cych problem\u00f3w rz\u0105du.<\/p>\n\n\n\n<p>Najbli\u017csze tygodnie w parlamencie up\u0142yn\u0105 pod znakiem analizy przes\u0142anych akt. Je\u015bli Sejm zdecyduje si\u0119 na procedowanie wniosk\u00f3w, Polsk\u0119 czeka bezprecedensowy proces rozliczeniowy by\u0142ych najwy\u017cszych urz\u0119dnik\u00f3w pa\u0144stwowych.<\/p>\n","protected":false},"excerpt":{"rendered":"<p>Wa\u017cny zwrot w sprawie rozlicze\u0144 rz\u0105d\u00f3w Zjednoczonej Prawicy. Do Marsza\u0142ka Sejmu wp\u0142yn\u0119\u0142y dokumenty z Prokuratury Generalnej, kt\u00f3re mog\u0105 otworzy\u0107 drog\u0119 do poci\u0105gni\u0119cia do odpowiedzialno\u015bci konstytucyjnej trzech by\u0142ych ministr\u00f3w: Mateusza Morawieckiego, Mariusza B\u0142aszczaka oraz Jana Krzysztofa Ardanowskiego. Powa\u017cne zarzuty na stole Marsza\u0142kaSprawa ma charakter rozwojowy i dotyczy podejrze\u0144 o powa\u017cne nadu\u017cycia w\u0142adzy oraz niedope\u0142nienie obowi\u0105zk\u00f3w w &#8230; <a title=\"PILNE: Ma by\u0107 Trybuna\u0142 Stanu. S\u0105 zarzuty dla Mateusza Morawieckiego i dw\u00f3ch ministr\u00f3w. Nast\u0119pny b\u0119dzie Kaczy\u0144ski?\" class=\"read-more\" href=\"https:\/\/dobrezrodla.com\/?p=11075\" aria-label=\"Read more about PILNE: Ma by\u0107 Trybuna\u0142 Stanu. S\u0105 zarzuty dla Mateusza Morawieckiego i dw\u00f3ch ministr\u00f3w. Nast\u0119pny b\u0119dzie Kaczy\u0144ski?\">Read more<\/a><\/p>\n","protected":false},"author":1,"featured_media":0,"comment_status":"open","ping_status":"open","sticky":false,"template":"","format":"standard","meta":{"footnotes":""},"categories":[1],"tags":[],"class_list":["post-11075","post","type-post","status-publish","format-standard","hentry","category-uncategorized"],"_links":{"self":[{"href":"https:\/\/dobrezrodla.com\/index.php?rest_route=\/wp\/v2\/posts\/11075","targetHints":{"allow":["GET"]}}],"collection":[{"href":"https:\/\/dobrezrodla.com\/index.php?rest_route=\/wp\/v2\/posts"}],"about":[{"href":"https:\/\/dobrezrodla.com\/index.php?rest_route=\/wp\/v2\/types\/post"}],"author":[{"embeddable":true,"href":"https:\/\/dobrezrodla.com\/index.php?rest_route=\/wp\/v2\/users\/1"}],"replies":[{"embeddable":true,"href":"https:\/\/dobrezrodla.com\/index.php?rest_route=%2Fwp%2Fv2%2Fcomments&post=11075"}],"version-history":[{"count":1,"href":"https:\/\/dobrezrodla.com\/index.php?rest_route=\/wp\/v2\/posts\/11075\/revisions"}],"predecessor-version":[{"id":11076,"href":"https:\/\/dobrezrodla.com\/index.php?rest_route=\/wp\/v2\/posts\/11075\/revisions\/11076"}],"wp:attachment":[{"href":"https:\/\/dobrezrodla.com\/index.php?rest_route=%2Fwp%2Fv2%2Fmedia&parent=11075"}],"wp:term":[{"taxonomy":"category","embeddable":true,"href":"https:\/\/dobrezrodla.com\/index.php?rest_route=%2Fwp%2Fv2%2Fcategories&post=11075"},{"taxonomy":"post_tag","embeddable":true,"href":"https:\/\/dobrezrodla.com\/index.php?rest_route=%2Fwp%2Fv2%2Ftags&post=11075"}],"curies":[{"name":"wp","href":"https:\/\/api.w.org\/{rel}","templated":true}]}}