{"id":11077,"date":"2025-12-06T10:20:04","date_gmt":"2025-12-06T10:20:04","guid":{"rendered":"https:\/\/dobrezrodla.com\/?p=11077"},"modified":"2025-12-06T10:20:05","modified_gmt":"2025-12-06T10:20:05","slug":"tusk-zwrocil-sie-do-czarzastego-chodzi-o-tajne-posiedzenie-sejmu","status":"publish","type":"post","link":"https:\/\/dobrezrodla.com\/?p=11077","title":{"rendered":"Tusk zwr\u00f3ci\u0142 si\u0119 do Czarzastego. Chodzi o tajne posiedzenie Sejmu"},"content":{"rendered":"\n<p><\/p>\n\n\n\n<p>Premier niespodziewanie zwr\u00f3ci\u0142 si\u0119 do marsza\u0142ka Sejmu z zaskakuj\u0105c\u0105 pro\u015bb\u0105. Decyzja wywo\u0142a\u0142a lawin\u0119 spekulacji. O co dok\u0142adnie chodzi?<\/p>\n\n\n\n<p>Tajne posiedzenie Sejmu, w\u0142a\u015bnie og\u0142oszono<br>Zwr\u00f3ci\u0142em si\u0119 do Marsza\u0142ka W\u0142odzimierza Czarzastego z wnioskiem o utajnienie pierwszego pi\u0105tkowego punktu posiedzenia Sejmu \u2014 przekaza\u0142 w dzi\u015b premier Donald Tusk.<\/p>\n\n\n\n<p>Okazuje si\u0119, \u017ce powodem tej decyzji jest charakter omawianych zagadnie\u0144. Szef rz\u0105du ma przedstawi\u0107 informacje dotycz\u0105ce bezpiecze\u0144stwa pa\u0144stwa.<\/p>\n\n\n\n<p>SZOK. ZGONY POLITYK\u00d3W AfD WSTRZ\u0104SN\u0118\u0141Y NIEMCAMI\u2026<br>To watch this video please disable your adblock.<\/p>\n","protected":false},"excerpt":{"rendered":"<p>Premier niespodziewanie zwr\u00f3ci\u0142 si\u0119 do marsza\u0142ka Sejmu z zaskakuj\u0105c\u0105 pro\u015bb\u0105. Decyzja wywo\u0142a\u0142a lawin\u0119 spekulacji. O co dok\u0142adnie chodzi? Tajne posiedzenie Sejmu, w\u0142a\u015bnie og\u0142oszonoZwr\u00f3ci\u0142em si\u0119 do Marsza\u0142ka W\u0142odzimierza Czarzastego z wnioskiem o utajnienie pierwszego pi\u0105tkowego punktu posiedzenia Sejmu \u2014 przekaza\u0142 w dzi\u015b premier Donald Tusk. Okazuje si\u0119, \u017ce powodem tej decyzji jest charakter omawianych zagadnie\u0144. Szef &#8230; <a title=\"Tusk zwr\u00f3ci\u0142 si\u0119 do Czarzastego. Chodzi o tajne posiedzenie Sejmu\" class=\"read-more\" href=\"https:\/\/dobrezrodla.com\/?p=11077\" aria-label=\"Read more about Tusk zwr\u00f3ci\u0142 si\u0119 do Czarzastego. Chodzi o tajne posiedzenie Sejmu\">Read more<\/a><\/p>\n","protected":false},"author":1,"featured_media":0,"comment_status":"open","ping_status":"open","sticky":false,"template":"","format":"standard","meta":{"footnotes":""},"categories":[1],"tags":[],"class_list":["post-11077","post","type-post","status-publish","format-standard","hentry","category-uncategorized"],"_links":{"self":[{"href":"https:\/\/dobrezrodla.com\/index.php?rest_route=\/wp\/v2\/posts\/11077","targetHints":{"allow":["GET"]}}],"collection":[{"href":"https:\/\/dobrezrodla.com\/index.php?rest_route=\/wp\/v2\/posts"}],"about":[{"href":"https:\/\/dobrezrodla.com\/index.php?rest_route=\/wp\/v2\/types\/post"}],"author":[{"embeddable":true,"href":"https:\/\/dobrezrodla.com\/index.php?rest_route=\/wp\/v2\/users\/1"}],"replies":[{"embeddable":true,"href":"https:\/\/dobrezrodla.com\/index.php?rest_route=%2Fwp%2Fv2%2Fcomments&post=11077"}],"version-history":[{"count":1,"href":"https:\/\/dobrezrodla.com\/index.php?rest_route=\/wp\/v2\/posts\/11077\/revisions"}],"predecessor-version":[{"id":11078,"href":"https:\/\/dobrezrodla.com\/index.php?rest_route=\/wp\/v2\/posts\/11077\/revisions\/11078"}],"wp:attachment":[{"href":"https:\/\/dobrezrodla.com\/index.php?rest_route=%2Fwp%2Fv2%2Fmedia&parent=11077"}],"wp:term":[{"taxonomy":"category","embeddable":true,"href":"https:\/\/dobrezrodla.com\/index.php?rest_route=%2Fwp%2Fv2%2Fcategories&post=11077"},{"taxonomy":"post_tag","embeddable":true,"href":"https:\/\/dobrezrodla.com\/index.php?rest_route=%2Fwp%2Fv2%2Ftags&post=11077"}],"curies":[{"name":"wp","href":"https:\/\/api.w.org\/{rel}","templated":true}]}}