{"id":11149,"date":"2025-12-07T07:12:22","date_gmt":"2025-12-07T07:12:22","guid":{"rendered":"https:\/\/dobrezrodla.com\/?p=11149"},"modified":"2025-12-07T07:12:22","modified_gmt":"2025-12-07T07:12:22","slug":"weto-karola-nawrockiego-cezary-pazura-wiele-psow-nie-przezylo","status":"publish","type":"post","link":"https:\/\/dobrezrodla.com\/?p=11149","title":{"rendered":"Weto Karola Nawrockiego. Cezary Pazura: &#8220;Wiele ps\u00f3w nie prze\u017cy\u0142o&#8221;"},"content":{"rendered":"\n<p>Cho\u0107 temat weta prezydenckiego Karola Nawrockiego rozgrzewa opini\u0119 publiczn\u0105, niekt\u00f3re media zaskoczy\u0142y nietypowym po\u0142\u0105czeniem tej sprawy z wypowiedzi\u0105 Cezarego Pazury. Aktor, kt\u00f3ry razem z \u017con\u0105 Edyt\u0105 udzieli\u0142 wywiadu serwisowi Plejada, opowiedzia\u0142 o trudnych do\u015bwiadczeniach ze swoimi zwierz\u0119tami \u2014 dwoma psami i kotem. W rozmowie poruszono temat cierpienia zwierz\u0105t w kontek\u015bcie chaosu legislacyjnego i braku stabilnych przepis\u00f3w dotycz\u0105cych ich ochrony.<\/p>\n\n\n\n<p>Cezary Pazura podkre\u015bli\u0142, \u017ce wiele ps\u00f3w nie prze\u017cy\u0142o ze wzgl\u0119du na brak odpowiednich regulacji i zbyt wolne dzia\u0142ania polityk\u00f3w. Cho\u0107 aktor nie odni\u00f3s\u0142 si\u0119 bezpo\u015brednio do prezydenckiego weta, jego wypowied\u017a zosta\u0142a zestawiona z debat\u0105 o ustawie weterynaryjnej, kt\u00f3rej podpisania odm\u00f3wi\u0142 Karol Nawrocki.<\/p>\n\n\n\n<p>Wywiad z Pazurowymi mia\u0142 charakter prywatny, ale wyp\u0142yn\u0105\u0142 w nim szerszy kontekst spo\u0142eczny \u2014 pokazuj\u0105cy, jak decyzje polityczne przek\u0142adaj\u0105 si\u0119 na realne dramaty ludzi i zwierz\u0105t. Edyta Pazura m\u00f3wi\u0142a o mi\u0142o\u015bci do czworonog\u00f3w, o stracie jednego z nich i o poczuciu bezradno\u015bci wobec systemu, kt\u00f3ry zbyt cz\u0119sto ignoruje potrzeby istot bez g\u0142osu.<\/p>\n","protected":false},"excerpt":{"rendered":"<p>Cho\u0107 temat weta prezydenckiego Karola Nawrockiego rozgrzewa opini\u0119 publiczn\u0105, niekt\u00f3re media zaskoczy\u0142y nietypowym po\u0142\u0105czeniem tej sprawy z wypowiedzi\u0105 Cezarego Pazury. Aktor, kt\u00f3ry razem z \u017con\u0105 Edyt\u0105 udzieli\u0142 wywiadu serwisowi Plejada, opowiedzia\u0142 o trudnych do\u015bwiadczeniach ze swoimi zwierz\u0119tami \u2014 dwoma psami i kotem. W rozmowie poruszono temat cierpienia zwierz\u0105t w kontek\u015bcie chaosu legislacyjnego i braku stabilnych &#8230; <a title=\"Weto Karola Nawrockiego. Cezary Pazura: &#8220;Wiele ps\u00f3w nie prze\u017cy\u0142o&#8221;\" class=\"read-more\" href=\"https:\/\/dobrezrodla.com\/?p=11149\" aria-label=\"Read more about Weto Karola Nawrockiego. Cezary Pazura: &#8220;Wiele ps\u00f3w nie prze\u017cy\u0142o&#8221;\">Read more<\/a><\/p>\n","protected":false},"author":1,"featured_media":0,"comment_status":"open","ping_status":"open","sticky":false,"template":"","format":"standard","meta":{"footnotes":""},"categories":[1],"tags":[],"class_list":["post-11149","post","type-post","status-publish","format-standard","hentry","category-uncategorized"],"_links":{"self":[{"href":"https:\/\/dobrezrodla.com\/index.php?rest_route=\/wp\/v2\/posts\/11149","targetHints":{"allow":["GET"]}}],"collection":[{"href":"https:\/\/dobrezrodla.com\/index.php?rest_route=\/wp\/v2\/posts"}],"about":[{"href":"https:\/\/dobrezrodla.com\/index.php?rest_route=\/wp\/v2\/types\/post"}],"author":[{"embeddable":true,"href":"https:\/\/dobrezrodla.com\/index.php?rest_route=\/wp\/v2\/users\/1"}],"replies":[{"embeddable":true,"href":"https:\/\/dobrezrodla.com\/index.php?rest_route=%2Fwp%2Fv2%2Fcomments&post=11149"}],"version-history":[{"count":1,"href":"https:\/\/dobrezrodla.com\/index.php?rest_route=\/wp\/v2\/posts\/11149\/revisions"}],"predecessor-version":[{"id":11150,"href":"https:\/\/dobrezrodla.com\/index.php?rest_route=\/wp\/v2\/posts\/11149\/revisions\/11150"}],"wp:attachment":[{"href":"https:\/\/dobrezrodla.com\/index.php?rest_route=%2Fwp%2Fv2%2Fmedia&parent=11149"}],"wp:term":[{"taxonomy":"category","embeddable":true,"href":"https:\/\/dobrezrodla.com\/index.php?rest_route=%2Fwp%2Fv2%2Fcategories&post=11149"},{"taxonomy":"post_tag","embeddable":true,"href":"https:\/\/dobrezrodla.com\/index.php?rest_route=%2Fwp%2Fv2%2Ftags&post=11149"}],"curies":[{"name":"wp","href":"https:\/\/api.w.org\/{rel}","templated":true}]}}