{"id":11153,"date":"2025-12-07T07:17:06","date_gmt":"2025-12-07T07:17:06","guid":{"rendered":"https:\/\/dobrezrodla.com\/?p=11153"},"modified":"2025-12-07T07:17:07","modified_gmt":"2025-12-07T07:17:07","slug":"czy-morawiecki-odejdzie-z-pis-to-moze-byc-polityczne-trzesienie-ziemi","status":"publish","type":"post","link":"https:\/\/dobrezrodla.com\/?p=11153","title":{"rendered":"Czy Morawiecki odejdzie z PiS? To mo\u017ce by\u0107 polityczne trz\u0119sienie ziemi"},"content":{"rendered":"\n<p>Wewn\u0105trz Prawa i Sprawiedliwo\u015bci narasta napi\u0119cie, kt\u00f3re mo\u017ce doprowadzi\u0107 do jednego z najwi\u0119kszych roz\u0142am\u00f3w w historii tej partii. Mateusz Morawiecki, by\u0142y premier i jeden z najpot\u0119\u017cniejszych polityk\u00f3w obozu prawicy, coraz wyra\u017aniej dystansuje si\u0119 od centrum decyzyjnego PiS. Zabrak\u0142o go w zespo\u0142ach pracuj\u0105cych nad programem wyborczym na 2027 rok \u2013 to sygna\u0142, kt\u00f3rego nie mo\u017cna ignorowa\u0107.<\/p>\n\n\n\n<p>Partia Jaros\u0142awa Kaczy\u0144skiego od dawna funkcjonuje jako uk\u0142ad si\u0142 wewn\u0119trznych \u2013 frakcji, kt\u00f3re nie tylko rywalizuj\u0105 o wp\u0142ywy, ale i planuj\u0105 przysz\u0142o\u015b\u0107 bez obecnego prezesa. W tym kontek\u015bcie marginalizacja Morawieckiego mo\u017ce by\u0107 nie tylko osobistym ciosem dla by\u0142ego premiera, ale i przejawem g\u0142\u0119bszych przesuni\u0119\u0107 w partii.<\/p>\n\n\n\n<p>Zwolennicy Zbigniewa Ziobry i Patryka Jakiego zacieraj\u0105 r\u0119ce \u2013 dla nich os\u0142abienie pozycji Morawieckiego to krok do przej\u0119cia wi\u0119kszej kontroli nad narracj\u0105 prawicy. Z kolei dla Kaczy\u0144skiego, utrata tak znacz\u0105cej figury mog\u0142aby oznacza\u0107 nie tylko os\u0142abienie partii, ale i rozpad jedno\u015bci, kt\u00f3r\u0105 przez lata budowa\u0142.<\/p>\n\n\n\n<p>Historia pokazuje, \u017ce PiS rzadko dobrze znosi\u0142 odej\u015bcia kluczowych graczy \u2013 ka\u017cde z nich ko\u0144czy\u0142o si\u0119 spadkiem poparcia lub wewn\u0119trznym chaosem. Czy tym razem b\u0119dzie inaczej? Czy Jaros\u0142aw Kaczy\u0144ski zdo\u0142a utrzyma\u0107 parti\u0119 w ryzach, je\u015bli Morawiecki zdecyduje si\u0119 odej\u015b\u0107?<\/p>\n\n\n\n<p>Jedno jest pewne \u2013 ka\u017cdy ruch Morawieckiego b\u0119dzie teraz analizowany z lup\u0105. A ewentualne odej\u015bcie mo\u017ce rozpocz\u0105\u0107 nowy etap polskiej sceny politycznej.<\/p>\n","protected":false},"excerpt":{"rendered":"<p>Wewn\u0105trz Prawa i Sprawiedliwo\u015bci narasta napi\u0119cie, kt\u00f3re mo\u017ce doprowadzi\u0107 do jednego z najwi\u0119kszych roz\u0142am\u00f3w w historii tej partii. Mateusz Morawiecki, by\u0142y premier i jeden z najpot\u0119\u017cniejszych polityk\u00f3w obozu prawicy, coraz wyra\u017aniej dystansuje si\u0119 od centrum decyzyjnego PiS. Zabrak\u0142o go w zespo\u0142ach pracuj\u0105cych nad programem wyborczym na 2027 rok \u2013 to sygna\u0142, kt\u00f3rego nie mo\u017cna ignorowa\u0107. &#8230; <a title=\"Czy Morawiecki odejdzie z PiS? To mo\u017ce by\u0107 polityczne trz\u0119sienie ziemi\" class=\"read-more\" href=\"https:\/\/dobrezrodla.com\/?p=11153\" aria-label=\"Read more about Czy Morawiecki odejdzie z PiS? To mo\u017ce by\u0107 polityczne trz\u0119sienie ziemi\">Read more<\/a><\/p>\n","protected":false},"author":1,"featured_media":0,"comment_status":"open","ping_status":"open","sticky":false,"template":"","format":"standard","meta":{"footnotes":""},"categories":[1],"tags":[],"class_list":["post-11153","post","type-post","status-publish","format-standard","hentry","category-uncategorized"],"_links":{"self":[{"href":"https:\/\/dobrezrodla.com\/index.php?rest_route=\/wp\/v2\/posts\/11153","targetHints":{"allow":["GET"]}}],"collection":[{"href":"https:\/\/dobrezrodla.com\/index.php?rest_route=\/wp\/v2\/posts"}],"about":[{"href":"https:\/\/dobrezrodla.com\/index.php?rest_route=\/wp\/v2\/types\/post"}],"author":[{"embeddable":true,"href":"https:\/\/dobrezrodla.com\/index.php?rest_route=\/wp\/v2\/users\/1"}],"replies":[{"embeddable":true,"href":"https:\/\/dobrezrodla.com\/index.php?rest_route=%2Fwp%2Fv2%2Fcomments&post=11153"}],"version-history":[{"count":1,"href":"https:\/\/dobrezrodla.com\/index.php?rest_route=\/wp\/v2\/posts\/11153\/revisions"}],"predecessor-version":[{"id":11154,"href":"https:\/\/dobrezrodla.com\/index.php?rest_route=\/wp\/v2\/posts\/11153\/revisions\/11154"}],"wp:attachment":[{"href":"https:\/\/dobrezrodla.com\/index.php?rest_route=%2Fwp%2Fv2%2Fmedia&parent=11153"}],"wp:term":[{"taxonomy":"category","embeddable":true,"href":"https:\/\/dobrezrodla.com\/index.php?rest_route=%2Fwp%2Fv2%2Fcategories&post=11153"},{"taxonomy":"post_tag","embeddable":true,"href":"https:\/\/dobrezrodla.com\/index.php?rest_route=%2Fwp%2Fv2%2Ftags&post=11153"}],"curies":[{"name":"wp","href":"https:\/\/api.w.org\/{rel}","templated":true}]}}