{"id":11177,"date":"2025-12-07T18:36:55","date_gmt":"2025-12-07T18:36:55","guid":{"rendered":"https:\/\/dobrezrodla.com\/?p=11177"},"modified":"2025-12-07T18:36:56","modified_gmt":"2025-12-07T18:36:56","slug":"polacy-nie-uwierza-co-sie-dzieje-za-odra-kanclerz-merz-na-dnie-a-jego-rzad-tonie-w-kryzysie-link-w-komentarzu","status":"publish","type":"post","link":"https:\/\/dobrezrodla.com\/?p=11177","title":{"rendered":"Polacy nie uwierz\u0105, co si\u0119 dzieje za Odr\u0105! Kanclerz Merz na dnie, a jego rz\u0105d tonie w kryzysie \u2013 link w komentarzu"},"content":{"rendered":"\n<p>Poparcie dla niemieckiego kanclerza Friedricha Merza topnieje w zawrotnym tempie. Wed\u0142ug najnowszego badania instytutu Insa, a\u017c 70% Niemc\u00f3w krytycznie ocenia jego rz\u0105d \u2013 to najgorszy wynik od pocz\u0105tku jego kadencji. Zaledwie 21% ankietowanych deklaruje zadowolenie z dzia\u0142a\u0144 rz\u0105dz\u0105cej koalicji.<\/p>\n\n\n\n<p>Jeszcze kilka miesi\u0119cy temu, gdy Merz obejmowa\u0142 urz\u0105d, tylko 46% obywateli patrzy\u0142o na jego gabinet nieprzychylnie. Teraz negatywne nastroje si\u0119gaj\u0105 r\u00f3wnie\u017c samego kanclerza \u2013 68% ocenia jego dzia\u0142ania \u017ale, a jedynie 23% pozytywnie. Szef instytutu Insa, Hermann Binkert, nie owija w bawe\u0142n\u0119: &#8220;To najgorsze notowania, jakie kiedykolwiek odnotowali\u015bmy&#8221;.<\/p>\n\n\n\n<p>Na scenie politycznej trwa walka o wp\u0142ywy. Gdyby wybory odby\u0142y si\u0119 teraz, wygra\u0142aby prawicowa AfD z wynikiem 26%. Tu\u017c za ni\u0105 uplasowa\u0142aby si\u0119 CDU\/CSU z 25%, a dalej SPD (15%), Lewica (11%), Zieloni (10%) i pozosta\u0142e ugrupowania z marginalnym poparciem.<\/p>\n\n\n\n<p>Co niepokoj\u0105ce dla rz\u0105dz\u0105cych, ro\u015bnie niezadowolenie nawet w\u015br\u00f3d w\u0142asnych wyborc\u00f3w \u2013 prawie po\u0142owa sympatyk\u00f3w CDU\/CSU oraz wi\u0119kszo\u015b\u0107 wyborc\u00f3w SPD krytykuje dzia\u0142ania koalicji.<\/p>\n\n\n\n<p>Sytuacj\u0119 dodatkowo pogarszaj\u0105 polityczne burze ostatnich miesi\u0119cy. Bundestag przeg\u0142osowa\u0142 kontrowersyjny pakiet emerytalny, kt\u00f3ry podzieli\u0142 koalicj\u0119 i wywo\u0142a\u0142 sprzeciw w\u015br\u00f3d m\u0142odszych pos\u0142\u00f3w. Wcze\u015bniej rz\u0105d mierzy\u0142 si\u0119 z napi\u0119ciami wok\u00f3\u0142 nominacji s\u0119dzi\u00f3w do Trybuna\u0142u Konstytucyjnego i spor\u00f3w o nowy model poboru do wojska.<\/p>\n\n\n\n<p>Badanie przeprowadzono w dniach 1\u20135 grudnia 2025 roku na pr\u00f3bie 1206 os\u00f3b. Margines b\u0142\u0119du to \u00b12,9 punktu procentowego. Jednak nawet z poprawk\u0105 na statystyk\u0119 \u2013 Merz i jego ekipa maj\u0105 powa\u017cny problem.<\/p>\n","protected":false},"excerpt":{"rendered":"<p>Poparcie dla niemieckiego kanclerza Friedricha Merza topnieje w zawrotnym tempie. Wed\u0142ug najnowszego badania instytutu Insa, a\u017c 70% Niemc\u00f3w krytycznie ocenia jego rz\u0105d \u2013 to najgorszy wynik od pocz\u0105tku jego kadencji. Zaledwie 21% ankietowanych deklaruje zadowolenie z dzia\u0142a\u0144 rz\u0105dz\u0105cej koalicji. Jeszcze kilka miesi\u0119cy temu, gdy Merz obejmowa\u0142 urz\u0105d, tylko 46% obywateli patrzy\u0142o na jego gabinet nieprzychylnie. &#8230; <a title=\"Polacy nie uwierz\u0105, co si\u0119 dzieje za Odr\u0105! Kanclerz Merz na dnie, a jego rz\u0105d tonie w kryzysie \u2013 link w komentarzu\" class=\"read-more\" href=\"https:\/\/dobrezrodla.com\/?p=11177\" aria-label=\"Read more about Polacy nie uwierz\u0105, co si\u0119 dzieje za Odr\u0105! Kanclerz Merz na dnie, a jego rz\u0105d tonie w kryzysie \u2013 link w komentarzu\">Read more<\/a><\/p>\n","protected":false},"author":1,"featured_media":0,"comment_status":"open","ping_status":"open","sticky":false,"template":"","format":"standard","meta":{"footnotes":""},"categories":[1],"tags":[],"class_list":["post-11177","post","type-post","status-publish","format-standard","hentry","category-uncategorized"],"_links":{"self":[{"href":"https:\/\/dobrezrodla.com\/index.php?rest_route=\/wp\/v2\/posts\/11177","targetHints":{"allow":["GET"]}}],"collection":[{"href":"https:\/\/dobrezrodla.com\/index.php?rest_route=\/wp\/v2\/posts"}],"about":[{"href":"https:\/\/dobrezrodla.com\/index.php?rest_route=\/wp\/v2\/types\/post"}],"author":[{"embeddable":true,"href":"https:\/\/dobrezrodla.com\/index.php?rest_route=\/wp\/v2\/users\/1"}],"replies":[{"embeddable":true,"href":"https:\/\/dobrezrodla.com\/index.php?rest_route=%2Fwp%2Fv2%2Fcomments&post=11177"}],"version-history":[{"count":1,"href":"https:\/\/dobrezrodla.com\/index.php?rest_route=\/wp\/v2\/posts\/11177\/revisions"}],"predecessor-version":[{"id":11178,"href":"https:\/\/dobrezrodla.com\/index.php?rest_route=\/wp\/v2\/posts\/11177\/revisions\/11178"}],"wp:attachment":[{"href":"https:\/\/dobrezrodla.com\/index.php?rest_route=%2Fwp%2Fv2%2Fmedia&parent=11177"}],"wp:term":[{"taxonomy":"category","embeddable":true,"href":"https:\/\/dobrezrodla.com\/index.php?rest_route=%2Fwp%2Fv2%2Fcategories&post=11177"},{"taxonomy":"post_tag","embeddable":true,"href":"https:\/\/dobrezrodla.com\/index.php?rest_route=%2Fwp%2Fv2%2Ftags&post=11177"}],"curies":[{"name":"wp","href":"https:\/\/api.w.org\/{rel}","templated":true}]}}