{"id":11185,"date":"2025-12-07T18:41:18","date_gmt":"2025-12-07T18:41:18","guid":{"rendered":"https:\/\/dobrezrodla.com\/?p=11185"},"modified":"2025-12-07T18:41:19","modified_gmt":"2025-12-07T18:41:19","slug":"ziobro-pod-ostrzalem-ale-prezydent-zaskakuje-mocne-slowa-o-sadach-chorobie-i-ucieczce-z-kraju","status":"publish","type":"post","link":"https:\/\/dobrezrodla.com\/?p=11185","title":{"rendered":"Ziobro pod ostrza\u0142em, ale prezydent zaskakuje! Mocne s\u0142owa o s\u0105dach, chorobie i\u2026 ucieczce z kraju"},"content":{"rendered":"\n<p>Prezydent Karol Nawrocki odni\u00f3s\u0142 si\u0119 do kontrowersji wok\u00f3\u0142 Zbigniewa Ziobry, komentuj\u0105c m.in. zarzuty wobec by\u0142ego ministra sprawiedliwo\u015bci, jego pobyt za granic\u0105 i spekulacje na temat mo\u017cliwego u\u0142askawienia. Cho\u0107 podkre\u015bli\u0142, \u017ce nie ma mowy o \u017cadnym u\u0142askawieniu \u2013 bo Ziobro nie zosta\u0142 jeszcze skazany \u2013 jego s\u0142owa wywo\u0142a\u0142y burz\u0119.<\/p>\n\n\n\n<p>\u2014 Nie ma takiego tematu. Nie u\u0142askawi\u0142em jeszcze nikogo, a je\u015bli chodzi o Zbigniewa Ziobr\u0119, to nie ma o czym rozmawia\u0107 \u2014 stwierdzi\u0142 w rozmowie na Kanale Zero. Jednocze\u015bnie podda\u0142 w w\u0105tpliwo\u015b\u0107 legalno\u015b\u0107 dzia\u0142a\u0144 obecnej prokuratury i ostro skrytykowa\u0142 niekt\u00f3re zarzuty wobec Ziobry. \u2014 Cz\u0119\u015b\u0107 z nich jest zupe\u0142nie z kosmosu. Nie mamy legalnie dzia\u0142aj\u0105cego prokuratora krajowego \u2014 powiedzia\u0142.<\/p>\n\n\n\n<p>Nawrocki zasugerowa\u0142 r\u00f3wnie\u017c, \u017ce Ziobro \u2014 zmagaj\u0105cy si\u0119 obecnie z powa\u017cn\u0105 chorob\u0105 \u2014 mo\u017ce nie liczy\u0107 na uczciwy proces w Polsce. Jego zdaniem, sytuacja przypomina czasy, gdy w PRL zwykli obywatele, nie tylko bohaterowie, nie mogli liczy\u0107 na sprawiedliwo\u015b\u0107.<\/p>\n\n\n\n<p>W kontek\u015bcie zagranicznego pobytu Ziobry, Nawrocki przyzna\u0142, \u017ce wyjazd z kraju by\u0142by dla niego trudny do zaakceptowania. \u2014 Nawet w dramatycznej sytuacji pozostanie w Polsce by\u0142oby dowodem na to, jaki jest naprawd\u0119 stan naszego ustroju \u2014 powiedzia\u0142.<\/p>\n\n\n\n<p>Przypomnijmy, \u017ce 7 listopada Sejm uchyli\u0142 immunitet Zbigniewa Ziobry, a prokuratura natychmiast z\u0142o\u017cy\u0142a wniosek o jego zatrzymanie i aresztowanie. Zarzuty? A\u017c 26 punkt\u00f3w zwi\u0105zanych m.in. z Funduszem Sprawiedliwo\u015bci. Ziobro przebywa\u0142 wtedy na W\u0119grzech, a obecnie jego lokalizacja wskazywana jest jako Bruksela. Na razie nie og\u0142osi\u0142, czy zamierza wr\u00f3ci\u0107 do kraju, czy wyst\u0105pi\u0107 o azyl.<\/p>\n","protected":false},"excerpt":{"rendered":"<p>Prezydent Karol Nawrocki odni\u00f3s\u0142 si\u0119 do kontrowersji wok\u00f3\u0142 Zbigniewa Ziobry, komentuj\u0105c m.in. zarzuty wobec by\u0142ego ministra sprawiedliwo\u015bci, jego pobyt za granic\u0105 i spekulacje na temat mo\u017cliwego u\u0142askawienia. Cho\u0107 podkre\u015bli\u0142, \u017ce nie ma mowy o \u017cadnym u\u0142askawieniu \u2013 bo Ziobro nie zosta\u0142 jeszcze skazany \u2013 jego s\u0142owa wywo\u0142a\u0142y burz\u0119. \u2014 Nie ma takiego tematu. Nie u\u0142askawi\u0142em &#8230; <a title=\"Ziobro pod ostrza\u0142em, ale prezydent zaskakuje! Mocne s\u0142owa o s\u0105dach, chorobie i\u2026 ucieczce z kraju\" class=\"read-more\" href=\"https:\/\/dobrezrodla.com\/?p=11185\" aria-label=\"Read more about Ziobro pod ostrza\u0142em, ale prezydent zaskakuje! Mocne s\u0142owa o s\u0105dach, chorobie i\u2026 ucieczce z kraju\">Read more<\/a><\/p>\n","protected":false},"author":1,"featured_media":0,"comment_status":"open","ping_status":"open","sticky":false,"template":"","format":"standard","meta":{"footnotes":""},"categories":[1],"tags":[],"class_list":["post-11185","post","type-post","status-publish","format-standard","hentry","category-uncategorized"],"_links":{"self":[{"href":"https:\/\/dobrezrodla.com\/index.php?rest_route=\/wp\/v2\/posts\/11185","targetHints":{"allow":["GET"]}}],"collection":[{"href":"https:\/\/dobrezrodla.com\/index.php?rest_route=\/wp\/v2\/posts"}],"about":[{"href":"https:\/\/dobrezrodla.com\/index.php?rest_route=\/wp\/v2\/types\/post"}],"author":[{"embeddable":true,"href":"https:\/\/dobrezrodla.com\/index.php?rest_route=\/wp\/v2\/users\/1"}],"replies":[{"embeddable":true,"href":"https:\/\/dobrezrodla.com\/index.php?rest_route=%2Fwp%2Fv2%2Fcomments&post=11185"}],"version-history":[{"count":1,"href":"https:\/\/dobrezrodla.com\/index.php?rest_route=\/wp\/v2\/posts\/11185\/revisions"}],"predecessor-version":[{"id":11186,"href":"https:\/\/dobrezrodla.com\/index.php?rest_route=\/wp\/v2\/posts\/11185\/revisions\/11186"}],"wp:attachment":[{"href":"https:\/\/dobrezrodla.com\/index.php?rest_route=%2Fwp%2Fv2%2Fmedia&parent=11185"}],"wp:term":[{"taxonomy":"category","embeddable":true,"href":"https:\/\/dobrezrodla.com\/index.php?rest_route=%2Fwp%2Fv2%2Fcategories&post=11185"},{"taxonomy":"post_tag","embeddable":true,"href":"https:\/\/dobrezrodla.com\/index.php?rest_route=%2Fwp%2Fv2%2Ftags&post=11185"}],"curies":[{"name":"wp","href":"https:\/\/api.w.org\/{rel}","templated":true}]}}