{"id":11200,"date":"2025-12-07T18:47:21","date_gmt":"2025-12-07T18:47:21","guid":{"rendered":"https:\/\/dobrezrodla.com\/?p=11200"},"modified":"2025-12-07T18:47:21","modified_gmt":"2025-12-07T18:47:21","slug":"ludzie-wybuchneli-smiechem-podczas-narodowego-czytania-marta-nawrocka-zaskoczyla-publicznosc-a-prezydent-rozladowal-atmosfere","status":"publish","type":"post","link":"https:\/\/dobrezrodla.com\/?p=11200","title":{"rendered":"LUDZIE WYBUCHN\u0118LI \u015aMIECHEM PODCZAS NARODOWEGO CZYTANIA. MARTA NAWROCKA ZASKOCZY\u0141A PUBLICZNO\u015a\u0106, A PREZYDENT ROZ\u0141ADOWA\u0141 ATMOSFER\u0118"},"content":{"rendered":"\n<h2 class=\"wp-block-heading\">NARODOWE CZYTANIE \u2013 TRADYCJA, KT\u00d3RA \u0141\u0104CZY<\/h2>\n\n\n\n<p>Narodowe Czytanie od lat gromadzi Polak\u00f3w w parkach, bibliotekach i instytucjach kultury. To wydarzenie, kt\u00f3re z jednej strony przypomina nam o bogactwie polskiej literatury, a z drugiej \u2013 daje okazj\u0119 do wsp\u00f3lnego prze\u017cywania sztuki s\u0142owa. Tegoroczna edycja odby\u0142a si\u0119 w Ogrodzie Saskim w Warszawie i po\u015bwi\u0119cona by\u0142a dzie\u0142om Jana Kochanowskiego. Na widowni zasiedli zar\u00f3wno politycy, jak i przedstawiciele \u015bwiata kultury i edukacji.<\/p>\n\n\n\n<p>Nie mog\u0142o zabrakn\u0105\u0107 pary prezydenckiej. Karol i Marta Nawroccy od pocz\u0105tku swojego urz\u0119dowania staraj\u0105 si\u0119 by\u0107 blisko ludzi, a ich obecno\u015b\u0107 na wydarzeniach kulturalnych podkre\u015bla wag\u0119 tradycji i edukacji. Jednak to, co wydarzy\u0142o si\u0119 podczas czytania, przesz\u0142o naj\u015bmielsze oczekiwania organizator\u00f3w.<\/p>\n\n\n\n<h2 class=\"wp-block-heading\">MARTA NAWROCKA W ROLI G\u0141\u00d3WNEJ<\/h2>\n\n\n\n<p>Pierwsza dama, kt\u00f3ra dot\u0105d by\u0142a kojarzona g\u0142\u00f3wnie z dyplomatycznymi wizytami i spokojnym wizerunkiem, tym razem pokaza\u0142a zupe\u0142nie inne oblicze. Czytaj\u0105c fragment \u201ePie\u015bni\u201d Kochanowskiego, trafi\u0142a na wersy dotycz\u0105ce roli \u017cony w \u017cyciu m\u0119\u017cczyzny. Z pe\u0142nym zaanga\u017cowaniem wypowiedzia\u0142a s\u0142owa, kt\u00f3re brzmia\u0142y tak aktualnie, \u017ce ca\u0142a publiczno\u015b\u0107 wybuchn\u0119\u0142a \u015bmiechem.<\/p>\n\n\n\n<p>Mo\u017ce kto r\u0119k\u0105 s\u0142awy dosta\u0107 w boju,<br>Mo\u017ce wymow\u0105 i rz\u0105dem w pokoju;<br>Lecz je\u015bli \u017cona m\u0119\u017ca nie ozdobi,<br>M\u0105\u017c pr\u00f3zno robi.<\/p>\n\n\n\n<p>Wiersz, napisany ponad pi\u0119\u0107set lat temu, nagle zabrzmia\u0142 wyj\u0105tkowo wsp\u00f3\u0142cze\u015bnie. Widownia nie kry\u0142a rozbawienia, a atmosfera, zwykle powa\u017cna i oficjalna, sta\u0142a si\u0119 lekka i radosna.<\/p>\n\n\n\n<h2 class=\"wp-block-heading\">PREZYDENT, KT\u00d3RY UMI WYKORZYSTA\u0106 CHWIL\u0118<\/h2>\n\n\n\n<p>Karol Nawrocki zareagowa\u0142 b\u0142yskawicznie. U\u015bmiechn\u0105\u0142 si\u0119 szeroko i, patrz\u0105c na \u017con\u0119, rzuci\u0142 kr\u00f3tkie \u201eSama prawda!\u201d. Publiczno\u015b\u0107 przyj\u0119\u0142a te s\u0142owa owacj\u0105 i kolejnymi salwami \u015bmiechu. To by\u0142 moment, w kt\u00f3rym prezydent pokaza\u0142, \u017ce potrafi zachowa\u0107 dystans, a jednocze\u015bnie doceni\u0107 swoj\u0105 \u017con\u0119 w spos\u00f3b, kt\u00f3ry uj\u0105\u0142 wszystkich obecnych.<\/p>\n\n\n\n<p>Tego typu spontaniczne reakcje buduj\u0105 blisko\u015b\u0107 z lud\u017ami. Zamiast sztywnego przem\u00f3wienia widzowie dostali szczery u\u015bmiech i \u017cart, kt\u00f3ry na d\u0142ugo pozostanie w pami\u0119ci uczestnik\u00f3w wydarzenia.<\/p>\n\n\n\n<h2 class=\"wp-block-heading\">OD WIZYT ZAGRANICZNYCH DO OGRODU SASKIEGO<\/h2>\n\n\n\n<p>Jeszcze kilka tygodni temu Karol Nawrocki by\u0142 go\u015bciem Donalda Trumpa w Waszyngtonie, a p\u00f3\u017aniej wraz z rodzin\u0105 odwiedzi\u0142 Watykan, gdzie spotka\u0142 si\u0119 z papie\u017cem i modli\u0142 si\u0119 przy grobie \u015bw. Jana Paw\u0142a II. Media szeroko komentowa\u0142y te wydarzenia, zwracaj\u0105c uwag\u0119 na ka\u017cdy szczeg\u00f3\u0142 \u2013 od gest\u00f3w dyplomatycznych po stylizacje pierwszej damy.<\/p>\n\n\n\n<p>Tym bardziej kontrastuje to z sytuacj\u0105 z Narodowego Czytania. Zamiast oficjalnego protoko\u0142u, kamer i fleszy, widzowie zobaczyli prezydenta i jego \u017con\u0119 w naturalnej, niemal rodzinnej ods\u0142onie. Dla wielu os\u00f3b to w\u0142a\u015bnie takie momenty s\u0105 najcenniejsze \u2013 pokazuj\u0105 ludzk\u0105 twarz polityki.<\/p>\n\n\n\n<h2 class=\"wp-block-heading\">LITERATURA, KT\u00d3RA NIE STARZEJE SI\u0118 NIGDY<\/h2>\n\n\n\n<p>S\u0142owa Jana Kochanowskiego, mimo \u017ce zapisane pi\u0119\u0107 wiek\u00f3w temu, wci\u0105\u017c poruszaj\u0105 i bawi\u0105. Trudno si\u0119 dziwi\u0107, \u017ce publiczno\u015b\u0107 zareagowa\u0142a tak \u017cywio\u0142owo \u2013 bo przecie\u017c ka\u017cdy, kto \u017cyje w ma\u0142\u017ce\u0144stwie czy zwi\u0105zku, doskonale rozumie wag\u0119 relacji i wsp\u00f3\u0142pracy mi\u0119dzy dwojgiem ludzi.<\/p>\n\n\n\n<p>Sam pami\u0119tam sytuacj\u0119 z rodzinnego spotkania, kiedy m\u00f3j wujek, cytuj\u0105c podobny fragment z klasyki literatury, z u\u015bmiechem stwierdzi\u0142: \u201eI tak wszystko zale\u017cy od \u017cony\u201d. Wszyscy obecni wybuchn\u0119li \u015bmiechem, bo by\u0142o w tym wi\u0119cej ni\u017c odrobina prawdy. Takie anegdoty pokazuj\u0105, \u017ce literatura naprawd\u0119 \u017cyje i potrafi \u0142\u0105czy\u0107 pokolenia.<\/p>\n\n\n\n<h2 class=\"wp-block-heading\">CZYTAJ\u0104C KLASYK\u00d3W, UCZYMY SI\u0118 SIEBIE<\/h2>\n\n\n\n<p>Narodowe Czytanie to nie tylko akcja promuj\u0105ca literatur\u0119. To lekcja wsp\u00f3lnoty, szacunku dla tradycji i sposobno\u015b\u0107, by w g\u0105szczu codziennych obowi\u0105zk\u00f3w zatrzyma\u0107 si\u0119 na chwil\u0119 i pos\u0142ucha\u0107 m\u0105dro\u015bci zapisanej wieki temu. \u015amiech, kt\u00f3ry wybuch\u0142 w Ogrodzie Saskim, by\u0142 tego najlepszym dowodem \u2013 bo pokaza\u0142, \u017ce te same s\u0142owa mog\u0105 jednoczy\u0107 ludzi, niezale\u017cnie od wieku czy pogl\u0105d\u00f3w.<\/p>\n\n\n\n<p>Dla prezydenta i jego \u017cony by\u0142 to tak\u017ce moment budowania blisko\u015bci z obywatelami. Nie poprzez przem\u00f3wienia czy obietnice, ale przez zwyk\u0142y, szczery u\u015bmiech i spontaniczno\u015b\u0107.<\/p>\n\n\n\n<h2 class=\"wp-block-heading\">PODSUMOWANIE \u2013 LEKCJA NA LATA<\/h2>\n\n\n\n<p>Tegoroczne Narodowe Czytanie zapisa\u0142o si\u0119 w historii nie tylko jako kolejna edycja wa\u017cnej tradycji, ale te\u017c jako wydarzenie, kt\u00f3re pokaza\u0142o, \u017ce kultura potrafi wywo\u0142ywa\u0107 emocje. Marta Nawrocka swoj\u0105 interpretacj\u0105 wiersza Kochanowskiego sprawi\u0142a, \u017ce wszyscy obecni poczuli si\u0119 cz\u0119\u015bci\u0105 czego\u015b wyj\u0105tkowego. Karol Nawrocki umiej\u0119tnie wykorzysta\u0142 moment, pokazuj\u0105c, \u017ce rola prezydenta to nie tylko dyplomacja i polityka, ale tak\u017ce zdolno\u015b\u0107 do bycia blisko ludzi.<\/p>\n\n\n\n<p>Narodowe Czytanie w Ogrodzie Saskim przypomnia\u0142o nam, \u017ce literatura mo\u017ce nie tylko uczy\u0107 i wzrusza\u0107, ale tak\u017ce bawi\u0107 i zbli\u017ca\u0107. I mo\u017ce w\u0142a\u015bnie dlatego te wydarzenia od lat ciesz\u0105 si\u0119 tak ogromnym zainteresowaniem \u2013 bo ka\u017cdy z nas znajduje w nich kawa\u0142ek swojej historii i swojego \u017cycia.<\/p>\n","protected":false},"excerpt":{"rendered":"<p>NARODOWE CZYTANIE \u2013 TRADYCJA, KT\u00d3RA \u0141\u0104CZY Narodowe Czytanie od lat gromadzi Polak\u00f3w w parkach, bibliotekach i instytucjach kultury. To wydarzenie, kt\u00f3re z jednej strony przypomina nam o bogactwie polskiej literatury, a z drugiej \u2013 daje okazj\u0119 do wsp\u00f3lnego prze\u017cywania sztuki s\u0142owa. Tegoroczna edycja odby\u0142a si\u0119 w Ogrodzie Saskim w Warszawie i po\u015bwi\u0119cona by\u0142a dzie\u0142om Jana &#8230; <a title=\"LUDZIE WYBUCHN\u0118LI \u015aMIECHEM PODCZAS NARODOWEGO CZYTANIA. MARTA NAWROCKA ZASKOCZY\u0141A PUBLICZNO\u015a\u0106, A PREZYDENT ROZ\u0141ADOWA\u0141 ATMOSFER\u0118\" class=\"read-more\" href=\"https:\/\/dobrezrodla.com\/?p=11200\" aria-label=\"Read more about LUDZIE WYBUCHN\u0118LI \u015aMIECHEM PODCZAS NARODOWEGO CZYTANIA. MARTA NAWROCKA ZASKOCZY\u0141A PUBLICZNO\u015a\u0106, A PREZYDENT ROZ\u0141ADOWA\u0141 ATMOSFER\u0118\">Read more<\/a><\/p>\n","protected":false},"author":1,"featured_media":0,"comment_status":"open","ping_status":"open","sticky":false,"template":"","format":"standard","meta":{"footnotes":""},"categories":[1],"tags":[],"class_list":["post-11200","post","type-post","status-publish","format-standard","hentry","category-uncategorized"],"_links":{"self":[{"href":"https:\/\/dobrezrodla.com\/index.php?rest_route=\/wp\/v2\/posts\/11200","targetHints":{"allow":["GET"]}}],"collection":[{"href":"https:\/\/dobrezrodla.com\/index.php?rest_route=\/wp\/v2\/posts"}],"about":[{"href":"https:\/\/dobrezrodla.com\/index.php?rest_route=\/wp\/v2\/types\/post"}],"author":[{"embeddable":true,"href":"https:\/\/dobrezrodla.com\/index.php?rest_route=\/wp\/v2\/users\/1"}],"replies":[{"embeddable":true,"href":"https:\/\/dobrezrodla.com\/index.php?rest_route=%2Fwp%2Fv2%2Fcomments&post=11200"}],"version-history":[{"count":1,"href":"https:\/\/dobrezrodla.com\/index.php?rest_route=\/wp\/v2\/posts\/11200\/revisions"}],"predecessor-version":[{"id":11201,"href":"https:\/\/dobrezrodla.com\/index.php?rest_route=\/wp\/v2\/posts\/11200\/revisions\/11201"}],"wp:attachment":[{"href":"https:\/\/dobrezrodla.com\/index.php?rest_route=%2Fwp%2Fv2%2Fmedia&parent=11200"}],"wp:term":[{"taxonomy":"category","embeddable":true,"href":"https:\/\/dobrezrodla.com\/index.php?rest_route=%2Fwp%2Fv2%2Fcategories&post=11200"},{"taxonomy":"post_tag","embeddable":true,"href":"https:\/\/dobrezrodla.com\/index.php?rest_route=%2Fwp%2Fv2%2Ftags&post=11200"}],"curies":[{"name":"wp","href":"https:\/\/api.w.org\/{rel}","templated":true}]}}