{"id":11254,"date":"2025-12-08T11:06:23","date_gmt":"2025-12-08T11:06:23","guid":{"rendered":"https:\/\/dobrezrodla.com\/?p=11254"},"modified":"2025-12-08T11:06:24","modified_gmt":"2025-12-08T11:06:24","slug":"nowacka-zapowiada-wielka-zmiane-w-szkolach-nowe-podreczniki-nowe-zasady-nowe-wyzwania","status":"publish","type":"post","link":"https:\/\/dobrezrodla.com\/?p=11254","title":{"rendered":"Nowacka zapowiada wielk\u0105 zmian\u0119 w szko\u0142ach. Nowe podr\u0119czniki, nowe zasady, nowe wyzwania"},"content":{"rendered":"\n<p>Minister edukacji Barbara Nowacka og\u0142osi\u0142a rozpocz\u0119cie og\u00f3lnopolskiej kampanii informacyjnej dotycz\u0105cej reformy edukacyjnej pod nazw\u0105 \u201eKompas Jutra\u201d. Reforma obejmie zmiany podstaw programowych, nowe podr\u0119czniki, wzmocnienie szkolnictwa zawodowego oraz now\u0105 jako\u015b\u0107 w doradztwie zawodowym.<\/p>\n\n\n\n<p>Cho\u0107 konsultacje spo\u0142eczne trwaj\u0105 tylko do 18 grudnia, ministerstwo zamierza dotrze\u0107 do ka\u017cdego nauczyciela \u2013 poprzez media cyfrowe, lokalne rozg\u0142o\u015bnie radiowe oraz system SIO. Zaplanowano r\u00f3wnie\u017c spotkania bezpo\u015brednie z pedagogami w ca\u0142ym kraju.<\/p>\n\n\n\n<p>Zmiany maj\u0105 by\u0107 wprowadzane etapami \u2013 od wrze\u015bnia 2026 roku w przedszkolach i szko\u0142ach podstawowych, a od kolejnego roku w szko\u0142ach ponadpodstawowych. Kluczow\u0105 rol\u0119 w nowej strategii ma odegra\u0107 szkolnictwo techniczne i bran\u017cowe. \u2013 To wyb\u00f3r ambitnych. Daje realne kwalifikacje i otwiera wiele dr\u00f3g \u2013 podkre\u015bli\u0142a Nowacka podczas wydarzenia SkillsPoland 2025 w Gda\u0144sku.<\/p>\n\n\n\n<p>Minister wskaza\u0142a, \u017ce \u017cadna nowoczesna inwestycja \u2013 od energetyki po przemys\u0142 mody \u2013 nie powstanie bez wykwalifikowanych specjalist\u00f3w. W\u0142a\u015bnie dlatego z funduszy KPO powstaj\u0105 nowe bran\u017cowe centra umiej\u0119tno\u015bci. \u2013 To szansa nie tylko dla uczni\u00f3w, ale i dla doros\u0142ych \u2013 na przekwalifikowanie si\u0119 i rozw\u00f3j \u2013 doda\u0142a.<\/p>\n\n\n\n<p>Szczeg\u00f3lne miejsce w reformie zajmuje doradztwo zawodowe. Jak ujawnia Nowacka, jedynie 5% uczni\u00f3w korzysta dzi\u015b z takiej pomocy przy wyborze swojej \u015bcie\u017cki. To ma si\u0119 radykalnie zmieni\u0107 \u2013 system doradztwa ma by\u0107 bardziej dopasowany do potrzeb lokalnych rynk\u00f3w i indywidualnych aspiracji uczni\u00f3w.<\/p>\n","protected":false},"excerpt":{"rendered":"<p>Minister edukacji Barbara Nowacka og\u0142osi\u0142a rozpocz\u0119cie og\u00f3lnopolskiej kampanii informacyjnej dotycz\u0105cej reformy edukacyjnej pod nazw\u0105 \u201eKompas Jutra\u201d. Reforma obejmie zmiany podstaw programowych, nowe podr\u0119czniki, wzmocnienie szkolnictwa zawodowego oraz now\u0105 jako\u015b\u0107 w doradztwie zawodowym. Cho\u0107 konsultacje spo\u0142eczne trwaj\u0105 tylko do 18 grudnia, ministerstwo zamierza dotrze\u0107 do ka\u017cdego nauczyciela \u2013 poprzez media cyfrowe, lokalne rozg\u0142o\u015bnie radiowe oraz system &#8230; <a title=\"Nowacka zapowiada wielk\u0105 zmian\u0119 w szko\u0142ach. Nowe podr\u0119czniki, nowe zasady, nowe wyzwania\" class=\"read-more\" href=\"https:\/\/dobrezrodla.com\/?p=11254\" aria-label=\"Read more about Nowacka zapowiada wielk\u0105 zmian\u0119 w szko\u0142ach. Nowe podr\u0119czniki, nowe zasady, nowe wyzwania\">Read more<\/a><\/p>\n","protected":false},"author":1,"featured_media":0,"comment_status":"open","ping_status":"open","sticky":false,"template":"","format":"standard","meta":{"footnotes":""},"categories":[1],"tags":[],"class_list":["post-11254","post","type-post","status-publish","format-standard","hentry","category-uncategorized"],"_links":{"self":[{"href":"https:\/\/dobrezrodla.com\/index.php?rest_route=\/wp\/v2\/posts\/11254","targetHints":{"allow":["GET"]}}],"collection":[{"href":"https:\/\/dobrezrodla.com\/index.php?rest_route=\/wp\/v2\/posts"}],"about":[{"href":"https:\/\/dobrezrodla.com\/index.php?rest_route=\/wp\/v2\/types\/post"}],"author":[{"embeddable":true,"href":"https:\/\/dobrezrodla.com\/index.php?rest_route=\/wp\/v2\/users\/1"}],"replies":[{"embeddable":true,"href":"https:\/\/dobrezrodla.com\/index.php?rest_route=%2Fwp%2Fv2%2Fcomments&post=11254"}],"version-history":[{"count":1,"href":"https:\/\/dobrezrodla.com\/index.php?rest_route=\/wp\/v2\/posts\/11254\/revisions"}],"predecessor-version":[{"id":11255,"href":"https:\/\/dobrezrodla.com\/index.php?rest_route=\/wp\/v2\/posts\/11254\/revisions\/11255"}],"wp:attachment":[{"href":"https:\/\/dobrezrodla.com\/index.php?rest_route=%2Fwp%2Fv2%2Fmedia&parent=11254"}],"wp:term":[{"taxonomy":"category","embeddable":true,"href":"https:\/\/dobrezrodla.com\/index.php?rest_route=%2Fwp%2Fv2%2Fcategories&post=11254"},{"taxonomy":"post_tag","embeddable":true,"href":"https:\/\/dobrezrodla.com\/index.php?rest_route=%2Fwp%2Fv2%2Ftags&post=11254"}],"curies":[{"name":"wp","href":"https:\/\/api.w.org\/{rel}","templated":true}]}}