{"id":11256,"date":"2025-12-08T11:07:08","date_gmt":"2025-12-08T11:07:08","guid":{"rendered":"https:\/\/dobrezrodla.com\/?p=11256"},"modified":"2025-12-08T11:07:08","modified_gmt":"2025-12-08T11:07:08","slug":"grzegorz-braun-przerywa-proces-wniosek-o-wylaczenie-sedziego-i-ostre-slowa-w-sadzie","status":"publish","type":"post","link":"https:\/\/dobrezrodla.com\/?p=11256","title":{"rendered":"Grzegorz Braun przerywa proces. Wniosek o wy\u0142\u0105czenie s\u0119dziego i ostre s\u0142owa w s\u0105dzie"},"content":{"rendered":"\n<p>Zaledwie rozpocz\u0105\u0142 si\u0119 proces Grzegorza Brauna przed warszawskim s\u0105dem, a ju\u017c dosz\u0142o do ostrego zwrotu akcji. Lider Konfederacji Korony Polskiej rozpocz\u0105\u0142 rozpraw\u0119 od s\u0142\u00f3w: \u201eSzcz\u0119\u015b\u0107 Bo\u017ce, wnosz\u0119 o wy\u0142\u0105czenie s\u0119dziego\u201d, co wywo\u0142a\u0142o niema\u0142e poruszenie na sali pe\u0142nej obserwator\u00f3w i dziennikarzy.<\/p>\n\n\n\n<p>Braun zakwestionowa\u0142 bezstronno\u015b\u0107 s\u0119dziego Marcina Brzostko, argumentuj\u0105c, \u017ce zosta\u0142 on mianowany po 2017 roku i jest tzw. &#8220;neo-s\u0119dzi\u0105&#8221;. Polityk zasugerowa\u0142, \u017ce w przysz\u0142o\u015bci mo\u017ce to skutkowa\u0107 podwa\u017ceniem legalno\u015bci wyroku. Dodatkowo zarzuci\u0142 s\u0105dowi brak uwzgl\u0119dnienia jego obowi\u0105zk\u00f3w jako europos\u0142a przy ustalaniu terminu rozprawy.<\/p>\n\n\n\n<p>Oskar\u017cyciele uznali wnioski Brauna za pr\u00f3b\u0119 przeci\u0105gania procesu i autopromocji. Prokurator Artur Wa\u0144doch okre\u015bli\u0142 jego dzia\u0142ania jako \u201eabsurdalne\u201d, podkre\u015blaj\u0105c, \u017ce \u015bledztwo by\u0142o przeprowadzone rzetelnie. Jeden z pe\u0142nomocnik\u00f3w pokrzywdzonych, mec. Krzysztof St\u0119pi\u0144ski, nie kry\u0142 ironii: \u2013 Nagle Braun si\u0119ga po orzecznictwo europejskie? Bo czuje, \u017ce \u201ezapachnia\u0142o wyrokiem\u201d.<\/p>\n\n\n\n<p>Proces dotyczy m.in. incydentu z gaszeniem \u015bwiec chanukowych w Sejmie przy u\u017cyciu ga\u015bnicy, ale akt oskar\u017cenia obejmuje tak\u017ce sze\u015b\u0107 innych czyn\u00f3w \u2013 od zniszczenia choinki w s\u0105dzie, przez zniewa\u017cenie dyrektora instytutu medycznego, po wtargni\u0119cie do Niemieckiego Instytutu Historycznego.<\/p>\n\n\n\n<p>Grzegorz Braun nie przyznaje si\u0119 do winy. Obrona zapowiedzia\u0142a przes\u0142uchanie ponad 60 \u015bwiadk\u00f3w i twierdzi, \u017ce dzia\u0142ania pos\u0142a mia\u0142y charakter interwencji poselskiej.<\/p>\n","protected":false},"excerpt":{"rendered":"<p>Zaledwie rozpocz\u0105\u0142 si\u0119 proces Grzegorza Brauna przed warszawskim s\u0105dem, a ju\u017c dosz\u0142o do ostrego zwrotu akcji. Lider Konfederacji Korony Polskiej rozpocz\u0105\u0142 rozpraw\u0119 od s\u0142\u00f3w: \u201eSzcz\u0119\u015b\u0107 Bo\u017ce, wnosz\u0119 o wy\u0142\u0105czenie s\u0119dziego\u201d, co wywo\u0142a\u0142o niema\u0142e poruszenie na sali pe\u0142nej obserwator\u00f3w i dziennikarzy. Braun zakwestionowa\u0142 bezstronno\u015b\u0107 s\u0119dziego Marcina Brzostko, argumentuj\u0105c, \u017ce zosta\u0142 on mianowany po 2017 roku i &#8230; <a title=\"Grzegorz Braun przerywa proces. Wniosek o wy\u0142\u0105czenie s\u0119dziego i ostre s\u0142owa w s\u0105dzie\" class=\"read-more\" href=\"https:\/\/dobrezrodla.com\/?p=11256\" aria-label=\"Read more about Grzegorz Braun przerywa proces. Wniosek o wy\u0142\u0105czenie s\u0119dziego i ostre s\u0142owa w s\u0105dzie\">Read more<\/a><\/p>\n","protected":false},"author":1,"featured_media":0,"comment_status":"open","ping_status":"open","sticky":false,"template":"","format":"standard","meta":{"footnotes":""},"categories":[1],"tags":[],"class_list":["post-11256","post","type-post","status-publish","format-standard","hentry","category-uncategorized"],"_links":{"self":[{"href":"https:\/\/dobrezrodla.com\/index.php?rest_route=\/wp\/v2\/posts\/11256","targetHints":{"allow":["GET"]}}],"collection":[{"href":"https:\/\/dobrezrodla.com\/index.php?rest_route=\/wp\/v2\/posts"}],"about":[{"href":"https:\/\/dobrezrodla.com\/index.php?rest_route=\/wp\/v2\/types\/post"}],"author":[{"embeddable":true,"href":"https:\/\/dobrezrodla.com\/index.php?rest_route=\/wp\/v2\/users\/1"}],"replies":[{"embeddable":true,"href":"https:\/\/dobrezrodla.com\/index.php?rest_route=%2Fwp%2Fv2%2Fcomments&post=11256"}],"version-history":[{"count":1,"href":"https:\/\/dobrezrodla.com\/index.php?rest_route=\/wp\/v2\/posts\/11256\/revisions"}],"predecessor-version":[{"id":11257,"href":"https:\/\/dobrezrodla.com\/index.php?rest_route=\/wp\/v2\/posts\/11256\/revisions\/11257"}],"wp:attachment":[{"href":"https:\/\/dobrezrodla.com\/index.php?rest_route=%2Fwp%2Fv2%2Fmedia&parent=11256"}],"wp:term":[{"taxonomy":"category","embeddable":true,"href":"https:\/\/dobrezrodla.com\/index.php?rest_route=%2Fwp%2Fv2%2Fcategories&post=11256"},{"taxonomy":"post_tag","embeddable":true,"href":"https:\/\/dobrezrodla.com\/index.php?rest_route=%2Fwp%2Fv2%2Ftags&post=11256"}],"curies":[{"name":"wp","href":"https:\/\/api.w.org\/{rel}","templated":true}]}}