{"id":11258,"date":"2025-12-08T11:07:57","date_gmt":"2025-12-08T11:07:57","guid":{"rendered":"https:\/\/dobrezrodla.com\/?p=11258"},"modified":"2025-12-08T11:07:57","modified_gmt":"2025-12-08T11:07:57","slug":"polska-poza-unijnym-paktem-migracyjnym-kierwinski-oglasza-sukces-rzadu","status":"publish","type":"post","link":"https:\/\/dobrezrodla.com\/?p=11258","title":{"rendered":"Polska poza unijnym paktem migracyjnym. Kierwi\u0144ski og\u0142asza \u201esukces\u201d rz\u0105du"},"content":{"rendered":"\n<p>Szef MSWiA Marcin Kierwi\u0144ski og\u0142osi\u0142, \u017ce Polska ma uzyska\u0107 wst\u0119pn\u0105 zgod\u0119 Unii Europejskiej na wy\u0142\u0105czenie z obowi\u0105zku przyjmowania migrant\u00f3w w ramach unijnego paktu migracyjnego. Ostateczna decyzja ma zapa\u015b\u0107 jeszcze dzi\u015b w Brukseli.<\/p>\n\n\n\n<p>\u2013 To, co zapowiadali\u015bmy, w\u0142a\u015bnie si\u0119 dzieje. Polska nie b\u0119dzie musia\u0142a ani przyjmowa\u0107 uchod\u017ac\u00f3w, ani p\u0142aci\u0107 za ich nieprzyj\u0119cie. Dotrzymali\u015bmy s\u0142owa \u2013 m\u00f3wi\u0142 Kierwi\u0144ski, podkre\u015blaj\u0105c, \u017ce kraj wci\u0105\u017c mierzy si\u0119 z presj\u0105 migracyjn\u0105 zwi\u0105zan\u0105 z wojn\u0105 w Ukrainie.<\/p>\n\n\n\n<p>Zgoda Komisji Europejskiej, kt\u00f3ra zapad\u0142a ju\u017c miesi\u0105c temu, dotyczy roku 2026. Polska nie b\u0119dzie zobowi\u0105zana do udzia\u0142u w tzw. puli solidarno\u015bciowej, kt\u00f3ra zak\u0142ada przyjmowanie relokowanych migrant\u00f3w lub \u2013 w razie odmowy \u2013 uiszczanie op\u0142aty w wysoko\u015bci 20 tys. euro za ka\u017cd\u0105 osob\u0119. Takiego obowi\u0105zku nie b\u0119d\u0105 mia\u0142y r\u00f3wnie\u017c Austria, Bu\u0142garia, Chorwacja, Czechy i Estonia.<\/p>\n\n\n\n<p>\u2013 To dobra wiadomo\u015b\u0107 dla Polski i potwierdzenie, \u017ce nasza pomoc dla Ukrainy ma realne znaczenie w oczach Europy \u2013 doda\u0142 szef MSWiA.<\/p>\n","protected":false},"excerpt":{"rendered":"<p>Szef MSWiA Marcin Kierwi\u0144ski og\u0142osi\u0142, \u017ce Polska ma uzyska\u0107 wst\u0119pn\u0105 zgod\u0119 Unii Europejskiej na wy\u0142\u0105czenie z obowi\u0105zku przyjmowania migrant\u00f3w w ramach unijnego paktu migracyjnego. Ostateczna decyzja ma zapa\u015b\u0107 jeszcze dzi\u015b w Brukseli. \u2013 To, co zapowiadali\u015bmy, w\u0142a\u015bnie si\u0119 dzieje. Polska nie b\u0119dzie musia\u0142a ani przyjmowa\u0107 uchod\u017ac\u00f3w, ani p\u0142aci\u0107 za ich nieprzyj\u0119cie. Dotrzymali\u015bmy s\u0142owa \u2013 m\u00f3wi\u0142 &#8230; <a title=\"Polska poza unijnym paktem migracyjnym. Kierwi\u0144ski og\u0142asza \u201esukces\u201d rz\u0105du\" class=\"read-more\" href=\"https:\/\/dobrezrodla.com\/?p=11258\" aria-label=\"Read more about Polska poza unijnym paktem migracyjnym. Kierwi\u0144ski og\u0142asza \u201esukces\u201d rz\u0105du\">Read more<\/a><\/p>\n","protected":false},"author":1,"featured_media":0,"comment_status":"open","ping_status":"open","sticky":false,"template":"","format":"standard","meta":{"footnotes":""},"categories":[1],"tags":[],"class_list":["post-11258","post","type-post","status-publish","format-standard","hentry","category-uncategorized"],"_links":{"self":[{"href":"https:\/\/dobrezrodla.com\/index.php?rest_route=\/wp\/v2\/posts\/11258","targetHints":{"allow":["GET"]}}],"collection":[{"href":"https:\/\/dobrezrodla.com\/index.php?rest_route=\/wp\/v2\/posts"}],"about":[{"href":"https:\/\/dobrezrodla.com\/index.php?rest_route=\/wp\/v2\/types\/post"}],"author":[{"embeddable":true,"href":"https:\/\/dobrezrodla.com\/index.php?rest_route=\/wp\/v2\/users\/1"}],"replies":[{"embeddable":true,"href":"https:\/\/dobrezrodla.com\/index.php?rest_route=%2Fwp%2Fv2%2Fcomments&post=11258"}],"version-history":[{"count":1,"href":"https:\/\/dobrezrodla.com\/index.php?rest_route=\/wp\/v2\/posts\/11258\/revisions"}],"predecessor-version":[{"id":11259,"href":"https:\/\/dobrezrodla.com\/index.php?rest_route=\/wp\/v2\/posts\/11258\/revisions\/11259"}],"wp:attachment":[{"href":"https:\/\/dobrezrodla.com\/index.php?rest_route=%2Fwp%2Fv2%2Fmedia&parent=11258"}],"wp:term":[{"taxonomy":"category","embeddable":true,"href":"https:\/\/dobrezrodla.com\/index.php?rest_route=%2Fwp%2Fv2%2Fcategories&post=11258"},{"taxonomy":"post_tag","embeddable":true,"href":"https:\/\/dobrezrodla.com\/index.php?rest_route=%2Fwp%2Fv2%2Ftags&post=11258"}],"curies":[{"name":"wp","href":"https:\/\/api.w.org\/{rel}","templated":true}]}}