{"id":11262,"date":"2025-12-08T11:10:59","date_gmt":"2025-12-08T11:10:59","guid":{"rendered":"https:\/\/dobrezrodla.com\/?p=11262"},"modified":"2025-12-08T11:10:59","modified_gmt":"2025-12-08T11:10:59","slug":"grzegorz-braun-przed-sadem-wniosek-o-wylaczenie-sedziego-zarzuty-o-ataki-kradzieze-i-gasnica-w-sejmie","status":"publish","type":"post","link":"https:\/\/dobrezrodla.com\/?p=11262","title":{"rendered":"Grzegorz Braun przed s\u0105dem. Wniosek o wy\u0142\u0105czenie s\u0119dziego, zarzuty o ataki, kradzie\u017ce i&#8230; ga\u015bnica w Sejmie"},"content":{"rendered":"\n<p>W warszawskim s\u0105dzie rozpocz\u0105\u0142 si\u0119 g\u0142o\u015bny proces Grzegorza Brauna. Eurodeputowany odpowiada za szereg kontrowersyjnych i szeroko komentowanych czyn\u00f3w \u2013 od zgaszenia \u015bwiec chanukowych w Sejmie przy u\u017cyciu ga\u015bnicy, przez wtargni\u0119cia, zniszczenia mienia, po napa\u015bci i zniewa\u017cenia.<\/p>\n\n\n\n<p>Ju\u017c na pocz\u0105tku rozprawy Braun za\u017c\u0105da\u0142 wy\u0142\u0105czenia s\u0119dziego i zmiany prokuratora. \u2013 Szcz\u0119\u015b\u0107 Bo\u017ce, wysoki s\u0105dzie \u2013 rozpocz\u0105\u0142, powo\u0142uj\u0105c si\u0119 na rzekom\u0105 stronniczo\u015b\u0107 s\u0119dziego Marcina Brzostko oraz jego \u201eneopowo\u0142anie\u201d po 2017 roku. Prokuratura okre\u015bli\u0142a te wnioski jako absurdalne, a oskar\u017cyciele twierdz\u0105, \u017ce chodzi tylko o op\u00f3\u017anienie sprawy i autopromocj\u0119.<\/p>\n\n\n\n<p>Lista zarzut\u00f3w wobec Brauna jest d\u0142uga: zgaszenie \u015bwiec chanukowych i obraza uczu\u0107 religijnych, naruszenie nietykalno\u015bci uczestniczki uroczysto\u015bci w Sejmie, wtargni\u0119cie do szpitala i napa\u015b\u0107 na dyrektora, zniszczenie mikrofonu i zak\u0142\u00f3cenie wyk\u0142adu o Holokau\u015bcie, wyniesienie choinki z s\u0105du i wrzucenie jej do kosza. Do tego dochodz\u0105 zarzuty z ostatnich miesi\u0119cy: zniszczenie wystawy LGBT w Sejmie, kradzie\u017c flag UE i Ukrainy, publiczne zniewa\u017cenia, a nawet zaprzeczanie zbrodniom Auschwitz.<\/p>\n\n\n\n<p>Parlament Europejski a\u017c trzykrotnie uchyla\u0142 mu immunitet, otwieraj\u0105c drog\u0119 do kolejnych post\u0119powa\u0144. Braun nie ma ju\u017c wst\u0119pu do Sejmu \u2013 decyzj\u0119 w tej sprawie podtrzyma\u0142 marsza\u0142ek Czarzasty.<\/p>\n\n\n\n<p>Obrona Brauna przekonuje, \u017ce polityk dzia\u0142a\u0142 w ramach interwencji poselskiej. Polityk nie przyznaje si\u0119 do winy i domaga si\u0119 przes\u0142uchania ponad 60 \u015bwiadk\u00f3w. Proces zapowiada si\u0119 jako jeden z najbardziej burzliwych i medialnych w najnowszej historii polskiej polityki.<\/p>\n","protected":false},"excerpt":{"rendered":"<p>W warszawskim s\u0105dzie rozpocz\u0105\u0142 si\u0119 g\u0142o\u015bny proces Grzegorza Brauna. Eurodeputowany odpowiada za szereg kontrowersyjnych i szeroko komentowanych czyn\u00f3w \u2013 od zgaszenia \u015bwiec chanukowych w Sejmie przy u\u017cyciu ga\u015bnicy, przez wtargni\u0119cia, zniszczenia mienia, po napa\u015bci i zniewa\u017cenia. Ju\u017c na pocz\u0105tku rozprawy Braun za\u017c\u0105da\u0142 wy\u0142\u0105czenia s\u0119dziego i zmiany prokuratora. \u2013 Szcz\u0119\u015b\u0107 Bo\u017ce, wysoki s\u0105dzie \u2013 rozpocz\u0105\u0142, powo\u0142uj\u0105c &#8230; <a title=\"Grzegorz Braun przed s\u0105dem. Wniosek o wy\u0142\u0105czenie s\u0119dziego, zarzuty o ataki, kradzie\u017ce i&#8230; ga\u015bnica w Sejmie\" class=\"read-more\" href=\"https:\/\/dobrezrodla.com\/?p=11262\" aria-label=\"Read more about Grzegorz Braun przed s\u0105dem. Wniosek o wy\u0142\u0105czenie s\u0119dziego, zarzuty o ataki, kradzie\u017ce i&#8230; ga\u015bnica w Sejmie\">Read more<\/a><\/p>\n","protected":false},"author":1,"featured_media":0,"comment_status":"open","ping_status":"open","sticky":false,"template":"","format":"standard","meta":{"footnotes":""},"categories":[1],"tags":[],"class_list":["post-11262","post","type-post","status-publish","format-standard","hentry","category-uncategorized"],"_links":{"self":[{"href":"https:\/\/dobrezrodla.com\/index.php?rest_route=\/wp\/v2\/posts\/11262","targetHints":{"allow":["GET"]}}],"collection":[{"href":"https:\/\/dobrezrodla.com\/index.php?rest_route=\/wp\/v2\/posts"}],"about":[{"href":"https:\/\/dobrezrodla.com\/index.php?rest_route=\/wp\/v2\/types\/post"}],"author":[{"embeddable":true,"href":"https:\/\/dobrezrodla.com\/index.php?rest_route=\/wp\/v2\/users\/1"}],"replies":[{"embeddable":true,"href":"https:\/\/dobrezrodla.com\/index.php?rest_route=%2Fwp%2Fv2%2Fcomments&post=11262"}],"version-history":[{"count":1,"href":"https:\/\/dobrezrodla.com\/index.php?rest_route=\/wp\/v2\/posts\/11262\/revisions"}],"predecessor-version":[{"id":11263,"href":"https:\/\/dobrezrodla.com\/index.php?rest_route=\/wp\/v2\/posts\/11262\/revisions\/11263"}],"wp:attachment":[{"href":"https:\/\/dobrezrodla.com\/index.php?rest_route=%2Fwp%2Fv2%2Fmedia&parent=11262"}],"wp:term":[{"taxonomy":"category","embeddable":true,"href":"https:\/\/dobrezrodla.com\/index.php?rest_route=%2Fwp%2Fv2%2Fcategories&post=11262"},{"taxonomy":"post_tag","embeddable":true,"href":"https:\/\/dobrezrodla.com\/index.php?rest_route=%2Fwp%2Fv2%2Ftags&post=11262"}],"curies":[{"name":"wp","href":"https:\/\/api.w.org\/{rel}","templated":true}]}}