{"id":11286,"date":"2025-12-08T19:48:51","date_gmt":"2025-12-08T19:48:51","guid":{"rendered":"https:\/\/dobrezrodla.com\/?p=11286"},"modified":"2025-12-08T19:50:05","modified_gmt":"2025-12-08T19:50:05","slug":"w-dniu-slubu-mojego-syna-obudzilam-sie-w-prawdziwym-koszmarze","status":"publish","type":"post","link":"https:\/\/dobrezrodla.com\/?p=11286","title":{"rendered":"W dniu \u015blubu mojego syna obudzi\u0142am si\u0119 w prawdziwym koszmarze."},"content":{"rendered":"\n<p>M\u00f3j g\u0142os dr\u017ca\u0142, ale by\u0142 zdecydowany. Moja fryzjerka, ciocia Viorica, odebra\u0142a po minucie swoim zawsze ciep\u0142ym tonem.<\/p>\n\n\n\n<p>\u2013 Evangelio, wszystko w porz\u0105dku? Tw\u00f3j g\u0142os si\u0119 zmieni\u0142.<\/p>\n\n\n\n<p>Zawaha\u0142am si\u0119 przez chwil\u0119. Potem powiedzia\u0142am wszystko, kr\u00f3tko, bez tchu mi\u0119dzy zdaniami.<\/p>\n\n\n\n<p>\u2013 Zaraz wracam, droga mamo. Nie ruszaj si\u0119 st\u0105d \u2013 powiedzia\u0142a.<\/p>\n\n\n\n<p>I si\u0119 roz\u0142\u0105czy\u0142a.<\/p>\n\n\n\n<p>Obudzi\u0142am si\u0119 siedz\u0105c na skraju \u0142\u00f3\u017cka z telefonem na kolanach. W pokoju zapad\u0142a dziwna cisza. Jakby ta cisza nie mia\u0142a mnie ochroni\u0107, a popchn\u0105\u0107 w stron\u0119 czego\u015b nieuniknionego.<\/p>\n\n\n\n<p>Po nieca\u0142ych trzydziestu minutach us\u0142ysza\u0142am dzwonek do drzwi. Viorica wpad\u0142a do \u015brodka z du\u017c\u0105 walizk\u0105, po\u0142aman\u0105 na rogach, ale pe\u0142n\u0105 cud\u00f3w.<\/p>\n\n\n\n<p>Na m\u00f3j widok zakry\u0142a usta d\u0142oni\u0105.<\/p>\n\n\n\n<p>\u2013 Bo\u017ce, wybacz mi\u2026 Kto ci to zrobi\u0142?<\/p>\n\n\n\n<p>Zamkn\u0119\u0142am oczy, zawstydzona.<\/p>\n\n\n\n<p>\u2013 Kto\u015b, kto chce, \u017cebym odesz\u0142a.<\/p>\n\n\n\n<p>Viorica podesz\u0142a bli\u017cej, lekko dotkn\u0119\u0142a mojej g\u0142owy. W jej ge\u015bcie nie by\u0142o lito\u015bci, a jedynie czu\u0142o\u015b\u0107, kt\u00f3rej dawno nie czu\u0142am. Wzi\u0119\u0142a mnie za r\u0119k\u0119.<\/p>\n\n\n\n<p>\u2013 Evangelio, pos\u0142uchaj mnie. Nie idziesz na takie wesele. Idziesz jak kr\u00f3lowa.<\/p>\n\n\n\n<p>U\u015bmiechn\u0119\u0142am si\u0119 gorzko.<\/p>\n\n\n\n<p>\u2013 Jaka kr\u00f3lowa bez w\u0142os\u00f3w?<\/p>\n\n\n\n<p>Wyj\u0119\u0142a co\u015b z torebki. Delikatny szal, ciemnofioletowy, w dyskretne wzory.<\/p>\n\n\n\n<p>\u2013 Tym. I z prostym kr\u0119gos\u0142upem. I z prawd\u0105 dla ciebie.<\/p>\n\n\n\n<p>Starannie zawi\u0105za\u0142a mi szal, czu\u0142am, jak kto\u015b owija moj\u0105 g\u0142ow\u0119, jakby kto\u015b mnie chroni\u0142. Kiedy spojrza\u0142am w lustro, nie wygl\u0105da\u0142am jak ofiara. Wygl\u0105da\u0142am\u2026 inaczej. Prostsza, ale silniejsza.<\/p>\n\n\n\n<p>\u2013 Nie powiem nic o tym, co zrobi\u0142 \u2013 powiedzia\u0142am powoli. \u2013 Nie chc\u0119 skandalu.<\/p>\n\n\n\n<p>Viorica d\u0142ugo na mnie patrzy\u0142a.<\/p>\n\n\n\n<p>\u2013 Powiesz to. Ta cisza, moja droga, dodaje si\u0142 ludziom bez duszy.<\/p>\n\n\n\n<p>Jej s\u0142owa g\u0142\u0119boko zapad\u0142y mi w serce.<\/p>\n\n\n\n<p>**<\/p>\n\n\n\n<p>W porze lunchu dotar\u0142am na miejsce, gdzie odbywa\u0142 si\u0119 \u015blub. Mn\u00f3stwo ludzi, ha\u0142as, \u015bmiech, wsz\u0119dzie fotografowie. Czu\u0142am si\u0119 ma\u0142a przy tych wszystkich eleganckich ludziach.<\/p>\n\n\n\n<p>Wtedy zobaczy\u0142am Alin\u0119. Droga suknia, szeroki u\u015bmiech, oczy pe\u0142ne satysfakcji, gdy mnie zauwa\u017cy\u0142a. Podesz\u0142a teatralnie, udaj\u0105c trosk\u0119.<\/p>\n\n\n\n<p>\u2013 Pani Evangelio\u2026 Co si\u0119 sta\u0142o z\u2026?<\/p>\n\n\n\n<p>Zatrzyma\u0142a si\u0119, fa\u0142szywie podziwiaj\u0105c m\u00f3j szal.<\/p>\n\n\n\n<p>Spojrza\u0142am jej w oczy.<\/p>\n\n\n\n<p>\u2013 Po prostu mia\u0142am ci\u0119\u017ck\u0105 noc. Ale jestem tutaj. Dla mojego syna.<\/p>\n\n\n\n<p>Unios\u0142a brew, niezadowolona. Nie spodziewa\u0142a si\u0119, \u017ce si\u0119 pojawi\u0119. Nie w taki spos\u00f3b.<\/p>\n\n\n\n<p>Marian podszed\u0142 do nas, wyra\u017anie niczego nie\u015bwiadomy.<\/p>\n\n\n\n<p>\u2013 Mamo, wszystko w porz\u0105dku?<\/p>\n\n\n\n<p>Po raz pierwszy od lat spojrza\u0142am na niego z bolesn\u0105 szczero\u015bci\u0105.<\/p>\n\n\n\n<p>\u2013 Marian, po \u015blubie chc\u0119 porozmawia\u0107. Tylko we dwoje.<\/p>\n\n\n\n<p>Wydawa\u0142 si\u0119 nieswojo, ale nic wi\u0119cej nie powiedzia\u0142am.<\/p>\n\n\n\n<p>**<\/p>\n\n\n\n<p>Ceremonia by\u0142a pi\u0119kna, cho\u0107 zupe\u0142nie nie przypomina\u0142a mojej. Siedzia\u0142am przy stole, z d\u0142o\u0144mi splecionymi na kolanach, czuj\u0105c na sobie spojrzenia. Ludzie zauwa\u017cali zmiany. Zauwa\u017cali cisz\u0119.<\/p>\n\n\n\n<p>Kiedy rozpocz\u0105\u0142 si\u0119 taniec weselny, wiedzia\u0142am, \u017ce musz\u0119 co\u015b zrobi\u0107. Nie z zemsty. Ale po prawd\u0119.<\/p>\n\n\n\n<p>Wsta\u0142am i skierowa\u0142am si\u0119 w stron\u0119 ma\u0142ej sceny, gdzie sta\u0142 mikrofon do przem\u00f3wie\u0144. Organizatorzy my\u015bleli, \u017ce zaraz b\u0119dzie toast, wi\u0119c natychmiast go mi zaproponowali.<\/p>\n\n\n\n<p>W sali zapad\u0142a cisza.<\/p>\n\n\n\n<p>\u2013 Witam wszystkich. Jestem Evangelia, matka pana m\u0142odego.<\/p>\n\n\n\n<p>Wszystkie twarze zwr\u00f3ci\u0142y si\u0119 w moj\u0105 stron\u0119.<\/p>\n\n\n\n<p>\u2013 Dzi\u015b rano kto\u015b w moim domu pr\u00f3bowa\u0142 mnie upokorzy\u0107 w okropny spos\u00f3b. Kto\u015b, kto nie wie, co to znaczy szacunek, ani praca, ani rodzina.<\/p>\n\n\n\n<p>Poczu\u0142am dr\u017cenie na korytarzu.<\/p>\n\n\n\n<p>\u2013 Ale zamiast si\u0119 chowa\u0107, przysz\u0142am tutaj. Bo Marian jest moim synem. I bo nie chc\u0119, \u017ceby cisza sta\u0142a si\u0119 nawykiem, kt\u00f3ry nas rozdzieli.<\/p>\n\n\n\n<p>Zatrzyma\u0142am si\u0119. Poczu\u0142am, jak p\u0142onie w niej wzrok Aliny.<\/p>\n\n\n\n<p>\u2013 M\u00f3j dar dla m\u0142odej pary\u2026 nie b\u0119dzie ju\u017c tym zaplanowanym. Nie mog\u0119 b\u0142ogos\u0142awi\u0107 zwi\u0105zku, w kt\u00f3rym upokorzenie traktuje si\u0119 jak gr\u0119.<\/p>\n\n\n\n<p>W korytarzu rozleg\u0142 si\u0119 szmer.<\/p>\n\n\n\n<p>\u2013 Marian, kocham ci\u0119. Ale dzi\u015b oboje musimy si\u0119 czego\u015b nauczy\u0107: \u017cycie nie opiera si\u0119 na k\u0142amstwach i z\u0142o\u015bliwo\u015bci.<\/p>\n\n\n\n<p>Od\u0142o\u017cy\u0142am mikrofon.<\/p>\n\n\n\n<p>Alina by\u0142a blada jak papier.<\/p>\n\n\n\n<p>Marian\u2026 nie by\u0142 ju\u017c dzieckiem, kt\u00f3re unika\u0142o patrzenia. Jego oczy by\u0142y szeroko otwarte, zdumione, jakby przebudzone.<\/p>\n\n\n\n<p>**<\/p>\n\n\n\n<p>Wysz\u0142am z pokoju ma\u0142ymi, ale pewnymi krokami. Na zewn\u0105trz powietrze by\u0142o \u015bwie\u017ce, jak po burzy. Zatrzyma\u0142am si\u0119 na chwil\u0119, czuj\u0105c, jak \u015bciska mi si\u0119 serce.<\/p>\n\n\n\n<p>Nie wiedzia\u0142am, co mnie czeka. Ale po raz pierwszy od lat poczu\u0142am, \u017ce zn\u00f3w tu jestem.<\/p>\n\n\n\n<p>\u017be moja godno\u015b\u0107 nie jest ju\u017c na sprzeda\u017c.<\/p>\n\n\n\n<p>I \u017ce bez wzgl\u0119du na to, jak bardzo inni mnie zranili, wci\u0105\u017c mog\u0119 wybra\u0107 si\u0142\u0119.<\/p>\n\n\n\n<p>Niniejsza praca jest inspirowana prawdziwymi wydarzeniami i postaciami, ale zosta\u0142a sfabularyzowana dla cel\u00f3w tw\u00f3rczych. Imiona, postacie i szczeg\u00f3\u0142y zosta\u0142y zmienione w celu ochrony prywatno\u015bci i wzbogacenia narracji. Jakiekolwiek podobie\u0144stwo do rzeczywistych os\u00f3b, \u017cywych lub zmar\u0142ych, lub do rzeczywistych wydarze\u0144 jest czysto przypadkowe i niezamierzone przez autora.<\/p>\n\n\n\n<p>Autor i wydawca nie ponosz\u0105 odpowiedzialno\u015bci za dok\u0142adno\u015b\u0107 wydarze\u0144 ani przedstawienie postaci i nie ponosz\u0105 odpowiedzialno\u015bci za jakiekolwiek b\u0142\u0119dne interpretacje. Niniejsza historia jest udost\u0119pniana \u201etak jak jest\u201d, a wszelkie wyra\u017cone opinie s\u0105 opiniami postaci i nie odzwierciedlaj\u0105 pogl\u0105d\u00f3w autora ani wydawcy.<\/p>\n","protected":false},"excerpt":{"rendered":"<p>M\u00f3j g\u0142os dr\u017ca\u0142, ale by\u0142 zdecydowany. Moja fryzjerka, ciocia Viorica, odebra\u0142a po minucie swoim zawsze ciep\u0142ym tonem. \u2013 Evangelio, wszystko w porz\u0105dku? Tw\u00f3j g\u0142os si\u0119 zmieni\u0142. Zawaha\u0142am si\u0119 przez chwil\u0119. Potem powiedzia\u0142am wszystko, kr\u00f3tko, bez tchu mi\u0119dzy zdaniami. \u2013 Zaraz wracam, droga mamo. Nie ruszaj si\u0119 st\u0105d \u2013 powiedzia\u0142a. I si\u0119 roz\u0142\u0105czy\u0142a. Obudzi\u0142am si\u0119 siedz\u0105c &#8230; <a title=\"W dniu \u015blubu mojego syna obudzi\u0142am si\u0119 w prawdziwym koszmarze.\" class=\"read-more\" href=\"https:\/\/dobrezrodla.com\/?p=11286\" aria-label=\"Read more about W dniu \u015blubu mojego syna obudzi\u0142am si\u0119 w prawdziwym koszmarze.\">Read more<\/a><\/p>\n","protected":false},"author":1,"featured_media":11289,"comment_status":"open","ping_status":"open","sticky":false,"template":"","format":"standard","meta":{"footnotes":""},"categories":[1],"tags":[],"class_list":["post-11286","post","type-post","status-publish","format-standard","has-post-thumbnail","hentry","category-uncategorized"],"_links":{"self":[{"href":"https:\/\/dobrezrodla.com\/index.php?rest_route=\/wp\/v2\/posts\/11286","targetHints":{"allow":["GET"]}}],"collection":[{"href":"https:\/\/dobrezrodla.com\/index.php?rest_route=\/wp\/v2\/posts"}],"about":[{"href":"https:\/\/dobrezrodla.com\/index.php?rest_route=\/wp\/v2\/types\/post"}],"author":[{"embeddable":true,"href":"https:\/\/dobrezrodla.com\/index.php?rest_route=\/wp\/v2\/users\/1"}],"replies":[{"embeddable":true,"href":"https:\/\/dobrezrodla.com\/index.php?rest_route=%2Fwp%2Fv2%2Fcomments&post=11286"}],"version-history":[{"count":1,"href":"https:\/\/dobrezrodla.com\/index.php?rest_route=\/wp\/v2\/posts\/11286\/revisions"}],"predecessor-version":[{"id":11287,"href":"https:\/\/dobrezrodla.com\/index.php?rest_route=\/wp\/v2\/posts\/11286\/revisions\/11287"}],"wp:featuredmedia":[{"embeddable":true,"href":"https:\/\/dobrezrodla.com\/index.php?rest_route=\/wp\/v2\/media\/11289"}],"wp:attachment":[{"href":"https:\/\/dobrezrodla.com\/index.php?rest_route=%2Fwp%2Fv2%2Fmedia&parent=11286"}],"wp:term":[{"taxonomy":"category","embeddable":true,"href":"https:\/\/dobrezrodla.com\/index.php?rest_route=%2Fwp%2Fv2%2Fcategories&post=11286"},{"taxonomy":"post_tag","embeddable":true,"href":"https:\/\/dobrezrodla.com\/index.php?rest_route=%2Fwp%2Fv2%2Ftags&post=11286"}],"curies":[{"name":"wp","href":"https:\/\/api.w.org\/{rel}","templated":true}]}}