{"id":11323,"date":"2025-12-08T20:22:25","date_gmt":"2025-12-08T20:22:25","guid":{"rendered":"https:\/\/dobrezrodla.com\/?p=11323"},"modified":"2025-12-08T20:22:26","modified_gmt":"2025-12-08T20:22:26","slug":"sylvie-vartan-dotknieta-smiercia-piosenkarka-oglasza-straszne-wiesci","status":"publish","type":"post","link":"https:\/\/dobrezrodla.com\/?p=11323","title":{"rendered":"Sylvie Vartan dotkni\u0119ta \u015bmierci\u0105: piosenkarka og\u0142asza straszne wie\u015bci"},"content":{"rendered":"\n<p>Blask reflektor\u00f3w nie zdo\u0142a\u0142 roz\u015bwietli\u0107 g\u0142\u0119bokiego \u017calu Sylvie Vartan. Po\u015br\u00f3d medialnego szumu, s\u0142ynna piosenkarka prze\u017cy\u0142a osobist\u0105 tragedi\u0119, kt\u00f3ra zrujnowa\u0142a jej \u015bwiat.<\/p>\n\n\n\n<p>Kim by\u0142a ta bliska osoba, kt\u00f3r\u0105 straci\u0142a? Jakie by\u0142y okoliczno\u015bci tej tragicznej \u015bmierci? Przyjrzyjmy si\u0119 szczeg\u00f3\u0142om tej poruszaj\u0105cej historii.<\/p>\n\n\n\n<h2 class=\"wp-block-heading\">Znana piosenkarka ko\u0144czy karier\u0119 w obliczu rodzinnej tragedii(1\/12)<\/h2>\n\n\n\n<p>Sylvie Vartan, ikona francuskiej piosenki, po\u017cegna\u0142a si\u0119 niedawno ze scen\u0105 po wyj\u0105tkowej, ponad sze\u015b\u0107dziesi\u0119cioletniej karierze.<\/p>\n\n\n\n<p>Rado\u015b\u0107 z jej ostatnich koncert\u00f3w zosta\u0142a jednak przy\u0107miona osobist\u0105 tragedi\u0105, kt\u00f3ra wstrz\u0105sn\u0119\u0142a jej rodzin\u0105. 16 kwietnia 2025 roku magazyn Ici Paris poinformowa\u0142, \u017ce piosenkarka straci\u0142a pod koniec marca szwagra, Benjamina Scottiego.<\/p>\n\n\n\n<p><img loading=\"lazy\" decoding=\"async\" src=\"https:\/\/www.viepratique.fr\/wp-content\/uploads\/sites\/4\/2025\/11\/une-chanteuse-celebre-termine-sa-carriere-au-milieu-dune-tragedie-familiale-639x410.jpg\" width=\"639\" height=\"410\">\u00a9 Pinterest<\/p>\n\n\n\n<h2 class=\"wp-block-heading\">By\u0142y producent filmowy i pi\u0142karz zmar\u0142 w Los Angeles(2\/12)<\/h2>\n\n\n\n<p>Benjamin, pieszczotliwie nazywany Benem, by\u0142 nie tylko by\u0142ym producentem filmowym, ale tak\u017ce defensywnym obro\u0144c\u0105 w futbolu ameryka\u0144skim. Osiedli\u0142 si\u0119 w Los Angeles z Sylvie Vartan i jej m\u0119\u017cem Tonym Scottim, tworz\u0105c rodzin\u0119 w w\u0142oskim stylu. Niestety, Ben zmar\u0142 w wieku 87 lat po d\u0142ugiej chorobie, pozostawiaj\u0105c po sobie ogromn\u0105 pustk\u0119.<\/p>\n\n\n\n<p><img loading=\"lazy\" decoding=\"async\" src=\"https:\/\/www.viepratique.fr\/wp-content\/uploads\/sites\/4\/2025\/11\/un-ancien-producteur-de-cinema-et-joueur-de-football-decede-a-los-angeles-609x410.jpg\" width=\"609\" height=\"410\">\u00a9 Instagram @frank.stallone<\/p>\n\n\n\n<h2 class=\"wp-block-heading\">Piosenkarka g\u0142\u0119boko poruszona \u015bmierci\u0105 swojego szwagra(3\/12)<\/h2>\n\n\n\n<p>\u015amier\u0107 Benjamina Scottiego by\u0142a druzgoc\u0105cym ciosem dla Sylvie Vartan, kt\u00f3ra by\u0142a mu bardzo bliska. Wed\u0142ug Ici Paris, by\u0142a tak g\u0142\u0119boko poruszona t\u0105 strat\u0105, \u017ce nie mog\u0142a uczestniczy\u0107 w pogrzebie w Los Angeles. Jej m\u0105\u017c, Tony Scotti, musia\u0142 si\u0119 tam pospieszy\u0107, aby zaj\u0105\u0107 si\u0119 organizacj\u0105 ceremonii.<\/p>\n\n\n\n<p><img loading=\"lazy\" decoding=\"async\" src=\"https:\/\/www.viepratique.fr\/wp-content\/uploads\/sites\/4\/2025\/11\/une-chanteuse-profondement-affectee-par-la-mort-de-son-beau-frere-553x410.jpg\" width=\"553\" height=\"410\">\u00a9 Pinterest<\/p>\n\n\n\n<h2 class=\"wp-block-heading\">Piosenkarka i jej szwagier maj\u0105 bliskie relacje.&nbsp;(4\/12)<\/h2>\n\n\n\n<p>Relacja mi\u0119dzy Sylvie Vartan a jej szwagrem by\u0142a niezwykle bliska. Prawie codziennie sp\u0119dzali czas przy lunchu czy kolacji, sp\u0119dzaj\u0105c razem mi\u0142e chwile. Ta codzienna wi\u0119\u017a sprawia, \u017ce \u200b\u200bstrata Benjamina jest dla piosenkarki tym bardziej bolesna, \u017ce \u200b\u200bprzechodzi przez trudny okres, pomimo niedawnego zainteresowania medi\u00f3w.<\/p>\n\n\n\n<p><img loading=\"lazy\" decoding=\"async\" src=\"https:\/\/www.viepratique.fr\/wp-content\/uploads\/sites\/4\/2025\/11\/relation-etroite-entre-la-chanteuse-et-son-beau-frere-1024x622.jpg\" width=\"1024\" height=\"622\">\u00a9 Pinterest<\/p>\n\n\n\n<h2 class=\"wp-block-heading\">Piosenkarka uhonorowana w przebojowym filmie pomimo osobistej straty&nbsp;(5\/12)<\/h2>\n\n\n\n<p>Opr\u00f3cz tej rodzinnej tragedii, Sylvie Vartan zosta\u0142a r\u00f3wnie\u017c uhonorowana w filmie \u201eMoja matka, B\u00f3g i Sylvie Vartan\u201d w re\u017cyserii Kena Scotta. Ten film fabularny, oparty na ksi\u0105\u017cce Rolanda Pereza, odni\u00f3s\u0142 znacz\u0105cy sukces kasowy, oferuj\u0105c piosenkarce nowy wymiar artystyczny. Jednak ten sukces filmowy nie wystarczy\u0142, by z\u0142agodzi\u0107 b\u00f3l po jej osobistej stracie.<\/p>\n\n\n\n<p><img loading=\"lazy\" decoding=\"async\" src=\"https:\/\/www.viepratique.fr\/wp-content\/uploads\/sites\/4\/2025\/11\/la-chanteuse-honoree-dans-un-film-a-succes-au-milieu-dune-perte-personnelle-1024x651.jpg\" width=\"1024\" height=\"651\">\u00a9 Pinterest<\/p>\n\n\n\n<h2 class=\"wp-block-heading\">Spo\u0142eczno\u015b\u0107 Hollywood sk\u0142ada ho\u0142d by\u0142emu producentowi&nbsp;(6\/12)<\/h2>\n\n\n\n<p>\u015amier\u0107 Benjamina Scottiego wywo\u0142a\u0142a r\u00f3wnie\u017c emocjonalne reakcje w spo\u0142eczno\u015bci Hollywood. Frank Stallone, brat Sylvestra Stallone\u2019a, z\u0142o\u017cy\u0142 Benowi serdeczny ho\u0142d na Instagramie, wspominaj\u0105c ich wsp\u00f3lne lata w wytw\u00f3rni Scotti Brothers Records. Uczci\u0142 pami\u0119\u0107 postaci niezwyk\u0142ej.<\/p>\n\n\n\n<p><img loading=\"lazy\" decoding=\"async\" src=\"https:\/\/www.viepratique.fr\/wp-content\/uploads\/sites\/4\/2025\/11\/la-communaute-hollywoodienne-rend-hommage-a-lancien-producteur-1024x705.jpg\" width=\"1024\" height=\"705\">\u00a9 Instagram @frank.stallone<\/p>\n\n\n\n<h2 class=\"wp-block-heading\">Kondolencje i wyrazy wsp\u00f3\u0142czucia dla rodziny dotkni\u0119tej strat\u0105&nbsp;(7\/12)<\/h2>\n\n\n\n<p>W swoim przes\u0142aniu Frank Stallone z\u0142o\u017cy\u0142 kondolencje rodzinie Benjamina, a w szczeg\u00f3lno\u015bci synom Anthony\u2019emu i Benowi Jr., a tak\u017ce \u017conie Carol i bratu Tony\u2019emu. Ten ho\u0142d \u015bwiadczy o wp\u0142ywie, jaki Benjamin Scotti wywar\u0142 na tych, kt\u00f3rzy go znali, zar\u00f3wno zawodowo, jak i prywatnie.<\/p>\n\n\n\n<p><img loading=\"lazy\" decoding=\"async\" src=\"https:\/\/www.viepratique.fr\/wp-content\/uploads\/sites\/4\/2025\/11\/condoleances-et-hommage-a-une-famille-touchee-par-la-perte-1024x684.jpg\" width=\"1024\" height=\"684\">\u00a9 Instagram @frank.stallone<\/p>\n\n\n\n<h2 class=\"wp-block-heading\">Piosenkarka kontynuuje karier\u0119 pomimo osobistej tragedii&nbsp;(8\/12)<\/h2>\n\n\n\n<p>Pomimo b\u00f3lu po tej stracie, Sylvie Vartan nadal wype\u0142nia swoje zawodowe zobowi\u0105zania. Niedawno znalaz\u0142a si\u0119 w centrum uwagi podczas po\u017cegnalnych koncert\u00f3w, kt\u00f3re zwiastowa\u0142y koniec legendarnej kariery. Jednak ta rodzinna tragedia przypomina, \u017ce \u200b\u200bza s\u0142aw\u0105 kryj\u0105 si\u0119 osobiste zmagania, cz\u0119sto nieznane opinii publicznej.<\/p>\n\n\n\n<p><img loading=\"lazy\" decoding=\"async\" src=\"https:\/\/www.viepratique.fr\/wp-content\/uploads\/sites\/4\/2025\/11\/une-chanteuse-continue-sa-carriere-malgre-une-tragedie-personnelle-1024x648.jpg\" width=\"1024\" height=\"648\">\u00a9 Pinterest<\/p>\n\n\n\n<h2 class=\"wp-block-heading\">Przypomnienie o krucho\u015bci \u017cycia i znaczeniu wi\u0119zi rodzinnych&nbsp;(9\/12)<\/h2>\n\n\n\n<p>\u015amier\u0107 Benjamina Scottiego uwydatnia krucho\u015b\u0107 \u017cycia, nawet dla tych, kt\u00f3rzy wydaj\u0105 si\u0119 niewzruszeni. Sylvie Vartan, pomimo s\u0142awy i sukcesu, nie jest odporna na tragedie, kt\u00f3re dotykaj\u0105 ka\u017cd\u0105 rodzin\u0119. To traumatyczne prze\u017cycie przypomina nam o znaczeniu wi\u0119zi rodzinnych i wsp\u00f3lnych wspomnie\u0144 z bliskimi.<\/p>\n\n\n\n<p><img loading=\"lazy\" decoding=\"async\" src=\"https:\/\/www.viepratique.fr\/wp-content\/uploads\/sites\/4\/2025\/11\/un-rappel-de-la-fragilite-de-la-vie-et-de-limportance-des-liens-familiaux-1024x680.jpg\" width=\"1024\" height=\"680\">\u00a9 Pinterest<\/p>\n\n\n\n<h2 class=\"wp-block-heading\">Wsparcie ze strony przyjaci\u00f3\u0142 i rodziny w okresie \u017ca\u0142oby&nbsp;(10\/12)<\/h2>\n\n\n\n<p>Dla Sylvie Vartan, kt\u00f3ra prze\u017cywa \u017ca\u0142ob\u0119, wsparcie rodziny i przyjaci\u00f3\u0142 z bran\u017cy rozrywkowej mo\u017ce okaza\u0107 si\u0119 nieocenione. Ho\u0142dy z\u0142o\u017cone Benjaminowi Scottiemu \u015bwiadcz\u0105 o uczuciu i szacunku, jakie wzbudza\u0142, i przynosz\u0105 ukojenie tym, kt\u00f3rzy op\u0142akuj\u0105 jego strat\u0119.<\/p>\n\n\n\n<p><img loading=\"lazy\" decoding=\"async\" src=\"https:\/\/www.viepratique.fr\/wp-content\/uploads\/sites\/4\/2025\/11\/soutien-des-amis-et-de-la-famille-pendant-une-periode-de-deuil-1024x680.jpg\" width=\"1024\" height=\"680\">\u00a9 Pinterest<\/p>\n\n\n\n<h2 class=\"wp-block-heading\">Odporno\u015b\u0107 piosenkarki inspiruje fan\u00f3w na ca\u0142ym \u015bwiecie&nbsp;(11\/12)<\/h2>\n\n\n\n<p>Pomimo tej tragedii, Sylvie Vartan pozostaje ikon\u0105 sztuki. Jej odporno\u015b\u0107 w obliczu trudno\u015bci \u017cyciowych inspiruje niezliczonych fan\u00f3w na ca\u0142ym \u015bwiecie. Ta wewn\u0119trzna si\u0142a niew\u0105tpliwie pozwoli jej przezwyci\u0119\u017cy\u0107 t\u0119 pr\u00f3b\u0119 i nadal b\u0142yszcze\u0107, zar\u00f3wno na scenie, jak i w \u017cyciu prywatnym.<\/p>\n\n\n\n<p><img loading=\"lazy\" decoding=\"async\" src=\"https:\/\/www.viepratique.fr\/wp-content\/uploads\/sites\/4\/2025\/11\/la-resilience-dune-chanteuse-inspire-des-fans-dans-le-monde-entier-1024x747.jpg\" width=\"1024\" height=\"747\">\u00a9 Pinterest<\/p>\n\n\n\n<h2 class=\"wp-block-heading\">\u017bycie osoby publicznej naznaczone kontrastowymi momentami&nbsp;(12\/12)<\/h2>\n\n\n\n<p>Rok 2025 zapisze si\u0119 w pami\u0119ci Sylvie Vartan jako rok kontrastowych moment\u00f3w \u2013 od emocjonalnego po\u017cegnania ze scen\u0105 po rodzinn\u0105 tragedi\u0119. Ta dwoisto\u015b\u0107 podkre\u015bla z\u0142o\u017cono\u015b\u0107 \u017cycia os\u00f3b publicznych, gdzie blask reflektor\u00f3w wsp\u00f3\u0142istnieje z cieniem osobistych trudno\u015bci. To \u017cyciowa lekcja, kt\u00f3ra rezonuje daleko poza \u015bwiatem rozrywki.<\/p>\n\n\n\n<figure class=\"wp-block-image\"><img decoding=\"async\" src=\"https:\/\/www.viepratique.fr\/wp-content\/uploads\/sites\/4\/2025\/11\/la-vie-dune-personnalite-publique-marquee-par-des-moments-contrastes-1024x649.jpg\" alt=\"\"\/><\/figure>\n","protected":false},"excerpt":{"rendered":"<p>Blask reflektor\u00f3w nie zdo\u0142a\u0142 roz\u015bwietli\u0107 g\u0142\u0119bokiego \u017calu Sylvie Vartan. Po\u015br\u00f3d medialnego szumu, s\u0142ynna piosenkarka prze\u017cy\u0142a osobist\u0105 tragedi\u0119, kt\u00f3ra zrujnowa\u0142a jej \u015bwiat. Kim by\u0142a ta bliska osoba, kt\u00f3r\u0105 straci\u0142a? Jakie by\u0142y okoliczno\u015bci tej tragicznej \u015bmierci? Przyjrzyjmy si\u0119 szczeg\u00f3\u0142om tej poruszaj\u0105cej historii. Znana piosenkarka ko\u0144czy karier\u0119 w obliczu rodzinnej tragedii(1\/12) Sylvie Vartan, ikona francuskiej piosenki, po\u017cegna\u0142a si\u0119 &#8230; <a title=\"Sylvie Vartan dotkni\u0119ta \u015bmierci\u0105: piosenkarka og\u0142asza straszne wie\u015bci\" class=\"read-more\" href=\"https:\/\/dobrezrodla.com\/?p=11323\" aria-label=\"Read more about Sylvie Vartan dotkni\u0119ta \u015bmierci\u0105: piosenkarka og\u0142asza straszne wie\u015bci\">Read more<\/a><\/p>\n","protected":false},"author":1,"featured_media":0,"comment_status":"open","ping_status":"open","sticky":false,"template":"","format":"standard","meta":{"footnotes":""},"categories":[1],"tags":[],"class_list":["post-11323","post","type-post","status-publish","format-standard","hentry","category-uncategorized"],"_links":{"self":[{"href":"https:\/\/dobrezrodla.com\/index.php?rest_route=\/wp\/v2\/posts\/11323","targetHints":{"allow":["GET"]}}],"collection":[{"href":"https:\/\/dobrezrodla.com\/index.php?rest_route=\/wp\/v2\/posts"}],"about":[{"href":"https:\/\/dobrezrodla.com\/index.php?rest_route=\/wp\/v2\/types\/post"}],"author":[{"embeddable":true,"href":"https:\/\/dobrezrodla.com\/index.php?rest_route=\/wp\/v2\/users\/1"}],"replies":[{"embeddable":true,"href":"https:\/\/dobrezrodla.com\/index.php?rest_route=%2Fwp%2Fv2%2Fcomments&post=11323"}],"version-history":[{"count":1,"href":"https:\/\/dobrezrodla.com\/index.php?rest_route=\/wp\/v2\/posts\/11323\/revisions"}],"predecessor-version":[{"id":11324,"href":"https:\/\/dobrezrodla.com\/index.php?rest_route=\/wp\/v2\/posts\/11323\/revisions\/11324"}],"wp:attachment":[{"href":"https:\/\/dobrezrodla.com\/index.php?rest_route=%2Fwp%2Fv2%2Fmedia&parent=11323"}],"wp:term":[{"taxonomy":"category","embeddable":true,"href":"https:\/\/dobrezrodla.com\/index.php?rest_route=%2Fwp%2Fv2%2Fcategories&post=11323"},{"taxonomy":"post_tag","embeddable":true,"href":"https:\/\/dobrezrodla.com\/index.php?rest_route=%2Fwp%2Fv2%2Ftags&post=11323"}],"curies":[{"name":"wp","href":"https:\/\/api.w.org\/{rel}","templated":true}]}}