{"id":11331,"date":"2025-12-08T20:25:53","date_gmt":"2025-12-08T20:25:53","guid":{"rendered":"https:\/\/dobrezrodla.com\/?p=11331"},"modified":"2025-12-08T20:25:53","modified_gmt":"2025-12-08T20:25:53","slug":"nie-zyje-krzysztof-janicki-odszedl-od-nas-w-nocy","status":"publish","type":"post","link":"https:\/\/dobrezrodla.com\/?p=11331","title":{"rendered":"Nie \u017cyje Krzysztof Janicki. \u201eOdszed\u0142 od nas w nocy\u201d"},"content":{"rendered":"\n<p>W klubie MKS Nielba W\u0105growiec zapanowa\u0142a ogromna \u017ca\u0142oba. Krzysztof Janicki, znany i uwielbiany spiker, kt\u00f3ry przez ponad dwadzie\u015bcia lat budowa\u0142 wyj\u0105tkow\u0105 atmosfer\u0119 podczas mecz\u00f3w, odszed\u0142 od nas w nocy.<\/p>\n\n\n\n<p>Jego charakterystyczny g\u0142os towarzyszy\u0142 pokoleniom kibic\u00f3w, a jego strata dotyka nie tylko lokalne \u015brodowisko sportowe, lecz r\u00f3wnie\u017c wszystkich fan\u00f3w, kt\u00f3rzy mieli zaszczyt go s\u0142ysze\u0107.<\/p>\n\n\n\n<h2 class=\"wp-block-heading\">Krzysztof Janicki \u2013 Ikona i Serce Nielby<\/h2>\n\n\n\n<p>Informacja o \u015bmierci Krzysztofa Janickiego wprawi\u0142a w smutek wielu ludzi. Klub poinformowa\u0142, \u017ce spiker, a tak\u017ce trener i nauczyciel zwi\u0105zany z Nielb\u0105 przez niemal 25 lat, zmar\u0142 w nocy. Jego niepowtarzalny spos\u00f3b prowadzenia spotka\u0144 uczyni\u0142 go nieod\u0142\u0105cznym elementem sportowego \u017cycia W\u0105growca.<\/p>\n\n\n\n<p>Janicki zyska\u0142 ogromny szacunek nie tylko dzi\u0119ki profesjonalizmowi, lecz r\u00f3wnie\u017c za swoj\u0105 \u017cyczliwo\u015b\u0107 i pasj\u0119, z jak\u0105 podchodzi\u0142 do swojej pracy.<\/p>\n\n\n\n<h2 class=\"wp-block-heading\">Legenda G\u0142osu na Sportowych Arenach<\/h2>\n\n\n\n<p>Nie tylko spiker, ale symbol emocji nios\u0105cych si\u0119 z boisk pi\u0142ki no\u017cnej i pi\u0142ki r\u0119cznej w W\u0105growcu przez 24 lata \u2013 tak mo\u017cna okre\u015bli\u0107 Krzysztofa Janickiego. Jego obecno\u015b\u0107 owocowa\u0142a tym, \u017ce ka\u017cde spotkanie nabiera\u0142o szczeg\u00f3lnego charakteru. Dla wielu kibic\u00f3w jego g\u0142os by\u0142 pocz\u0105tkiem sportowego \u015bwi\u0119ta i zwiastunem niezapomnianych emocji podczas mecz\u00f3w \u017b\u00f3\u0142to-Czarnych.<\/p>\n\n\n\n<figure class=\"wp-block-image\"><img decoding=\"async\" src=\"https:\/\/www.bystryjanusz.pl\/wp-content\/uploads\/2025\/10\/1783.jpg\" alt=\"\" class=\"wp-image-18480\"\/><\/figure>\n\n\n\n<h2 class=\"wp-block-heading\">Ostatnie Po\u017cegnanie podczas Meczu z Pogoni\u0105 Szczecin<\/h2>\n\n\n\n<p>W trakcie ostatniego spotkania z Pogoni\u0105 Szczecin zawodnicy obu dru\u017cyn uczcili pami\u0119\u0107 Janickiego minut\u0105 ciszy. Ten gest symbolicznie odda\u0142 ho\u0142d jego pracy i zaanga\u017cowaniu, kt\u00f3re by\u0142y mocno doceniane przez spo\u0142eczno\u015b\u0107 sportow\u0105. Klub zaznaczy\u0142, \u017ce g\u0142os Krzysztofa na zawsze pozostanie cz\u0119\u015bci\u0105 historii MKS Nielbie, a pami\u0119\u0107 o nim zostanie zachowana zar\u00f3wno na trybunach, jak i w sercach kibic\u00f3w.<\/p>\n\n\n\n<blockquote class=\"wp-block-quote is-layout-flow wp-block-quote-is-layout-flow\">\n<p>\u201eOdszed\u0142 od nas w nocy, zostawiaj\u0105c po sobie niezapomniane wspomnienia i ogromne dziedzictwo, kt\u00f3re b\u0119dzie \u017cy\u0107 w sercach wielu.\u201d<\/p>\n<\/blockquote>\n\n\n\n<h2 class=\"wp-block-heading\">Nie tylko spiker, ale przewodnik i mentor<\/h2>\n\n\n\n<p>W karierze Krzysztofa Janickiego nie brakowa\u0142o r\u00f3l \u2013 opr\u00f3cz bycia spikerem, by\u0142 on r\u00f3wnie\u017c trenerem i nauczycielem. Jego wieloaspektowa dzia\u0142alno\u015b\u0107 na rzecz sportu w W\u0105growcu sprawia\u0142a, \u017ce by\u0142 postaci\u0105 niezwykle wa\u017cn\u0105 dla lokalnej spo\u0142eczno\u015bci, a jego odej\u015bcie pozostawia g\u0142\u0119bok\u0105 pustk\u0119.<\/p>\n\n\n\n<h2 class=\"wp-block-heading\">Upami\u0119tnienie i wdzi\u0119czno\u015b\u0107 kibic\u00f3w<\/h2>\n\n\n\n<p>Wiele pokole\u0144 kibic\u00f3w b\u0119dzie pami\u0119ta\u0107 charakterystyczne frazy i g\u0142os Janickiego, kt\u00f3ry dodawa\u0142 meczom niezwyk\u0142ego klimatu. Jego wk\u0142ad w promocj\u0119 i rozw\u00f3j sportowej pasji w regionie pozostaje nieoceniony.<\/p>\n\n\n\n<h2 class=\"wp-block-heading\">Wi\u0119cej wiadomo\u015bci ze \u015bwiata sportu i nie tylko<\/h2>\n\n\n\n<p>Zapraszamy do przeczytania r\u00f3wnie\u017c innych artyku\u0142\u00f3w i naj\u015bwie\u017cszych informacji ze \u015bwiata sportu, zdrowia, technologii czy wydarze\u0144 spo\u0142ecznych dost\u0119pnych na naszej stronie.<\/p>\n","protected":false},"excerpt":{"rendered":"<p>W klubie MKS Nielba W\u0105growiec zapanowa\u0142a ogromna \u017ca\u0142oba. Krzysztof Janicki, znany i uwielbiany spiker, kt\u00f3ry przez ponad dwadzie\u015bcia lat budowa\u0142 wyj\u0105tkow\u0105 atmosfer\u0119 podczas mecz\u00f3w, odszed\u0142 od nas w nocy. Jego charakterystyczny g\u0142os towarzyszy\u0142 pokoleniom kibic\u00f3w, a jego strata dotyka nie tylko lokalne \u015brodowisko sportowe, lecz r\u00f3wnie\u017c wszystkich fan\u00f3w, kt\u00f3rzy mieli zaszczyt go s\u0142ysze\u0107. Krzysztof Janicki &#8230; <a title=\"Nie \u017cyje Krzysztof Janicki. \u201eOdszed\u0142 od nas w nocy\u201d\" class=\"read-more\" href=\"https:\/\/dobrezrodla.com\/?p=11331\" aria-label=\"Read more about Nie \u017cyje Krzysztof Janicki. \u201eOdszed\u0142 od nas w nocy\u201d\">Read more<\/a><\/p>\n","protected":false},"author":1,"featured_media":0,"comment_status":"open","ping_status":"open","sticky":false,"template":"","format":"standard","meta":{"footnotes":""},"categories":[1],"tags":[],"class_list":["post-11331","post","type-post","status-publish","format-standard","hentry","category-uncategorized"],"_links":{"self":[{"href":"https:\/\/dobrezrodla.com\/index.php?rest_route=\/wp\/v2\/posts\/11331","targetHints":{"allow":["GET"]}}],"collection":[{"href":"https:\/\/dobrezrodla.com\/index.php?rest_route=\/wp\/v2\/posts"}],"about":[{"href":"https:\/\/dobrezrodla.com\/index.php?rest_route=\/wp\/v2\/types\/post"}],"author":[{"embeddable":true,"href":"https:\/\/dobrezrodla.com\/index.php?rest_route=\/wp\/v2\/users\/1"}],"replies":[{"embeddable":true,"href":"https:\/\/dobrezrodla.com\/index.php?rest_route=%2Fwp%2Fv2%2Fcomments&post=11331"}],"version-history":[{"count":1,"href":"https:\/\/dobrezrodla.com\/index.php?rest_route=\/wp\/v2\/posts\/11331\/revisions"}],"predecessor-version":[{"id":11332,"href":"https:\/\/dobrezrodla.com\/index.php?rest_route=\/wp\/v2\/posts\/11331\/revisions\/11332"}],"wp:attachment":[{"href":"https:\/\/dobrezrodla.com\/index.php?rest_route=%2Fwp%2Fv2%2Fmedia&parent=11331"}],"wp:term":[{"taxonomy":"category","embeddable":true,"href":"https:\/\/dobrezrodla.com\/index.php?rest_route=%2Fwp%2Fv2%2Fcategories&post=11331"},{"taxonomy":"post_tag","embeddable":true,"href":"https:\/\/dobrezrodla.com\/index.php?rest_route=%2Fwp%2Fv2%2Ftags&post=11331"}],"curies":[{"name":"wp","href":"https:\/\/api.w.org\/{rel}","templated":true}]}}