{"id":11353,"date":"2025-12-08T21:01:30","date_gmt":"2025-12-08T21:01:30","guid":{"rendered":"https:\/\/dobrezrodla.com\/?p=11353"},"modified":"2025-12-08T21:01:30","modified_gmt":"2025-12-08T21:01:30","slug":"nowacka-uruchamia-kompas-jutra-nadchodza-nowe-podreczniki-i-zmiany-w-szkolach","status":"publish","type":"post","link":"https:\/\/dobrezrodla.com\/?p=11353","title":{"rendered":"Nowacka uruchamia \u201eKompas Jutra\u201d. Nadchodz\u0105 nowe podr\u0119czniki i zmiany w szko\u0142ach"},"content":{"rendered":"\n<p>Minister edukacji Barbara Nowacka zapowiada kolejn\u0105 du\u017c\u0105 reform\u0119 systemu o\u015bwiaty. Ruszy\u0142a og\u00f3lnopolska kampania informacyjna \u201eKompas Jutra\u201d, maj\u0105ca wyja\u015bnia\u0107 za\u0142o\u017cenia nowego kierunku zmian w edukacji \u2013 zar\u00f3wno w szko\u0142ach podstawowych, jak i ponadpodstawowych. W planach: nowe podstawy programowe, nowoczesne podr\u0119czniki oraz wi\u0119kszy nacisk na kszta\u0142cenie zawodowe.<\/p>\n\n\n\n<p>Chocia\u017c konsultacje spo\u0142eczne ko\u0144cz\u0105 si\u0119 ju\u017c 18 grudnia, resort edukacji zamierza dotrze\u0107 do nauczycieli z informacjami za pomoc\u0105 cyfrowych i lokalnych medi\u00f3w oraz systemu SIO. Przewidziano te\u017c bezpo\u015brednie spotkania z pedagogami w ca\u0142ej Polsce.<\/p>\n\n\n\n<p>Nowe programy maj\u0105 zacz\u0105\u0107 obowi\u0105zywa\u0107 od wrze\u015bnia 2026 roku \u2013 najpierw w przedszkolach i podstaw\u00f3wkach, rok p\u00f3\u017aniej w szko\u0142ach \u015brednich.<\/p>\n\n\n\n<p>Szefowa MEN silnie promuje szkolnictwo bran\u017cowe i techniczne, nazywaj\u0105c je \u201efilarem przysz\u0142o\u015bci gospodarki\u201d. Wed\u0142ug niej, ambitna m\u0142odzie\u017c coraz cz\u0119\u015bciej wybiera technika, kt\u00f3re daj\u0105 konkretne kompetencje i \u015bcie\u017cki kariery \u2013 od rynku pracy po uczelnie wy\u017csze.<\/p>\n\n\n\n<p>Nowacka zwr\u00f3ci\u0142a uwag\u0119 na potrzeb\u0119 g\u0142\u0119bokiej reformy doradztwa zawodowego, kt\u00f3re dzi\u015b jest marginalne i niedostosowane do realnych potrzeb m\u0142odzie\u017cy. Jedynie 5 proc. uczni\u00f3w korzysta z niego przy wyborze swojej przysz\u0142ej \u015bcie\u017cki. Reforma \u201eKompas Jutra\u201d ma to zmieni\u0107, k\u0142ad\u0105c nacisk na lokalne potrzeby i indywidualne podej\u015bcie do ucznia.<\/p>\n\n\n\n<p>W ramach Krajowego Planu Odbudowy powstaj\u0105 r\u00f3wnie\u017c nowe bran\u017cowe centra umiej\u0119tno\u015bci, kt\u00f3re \u2013 jak podkre\u015bli\u0142a minister \u2013 s\u0105 kluczowym ogniwem \u0142\u0105cz\u0105cym edukacj\u0119 z rynkiem pracy. Nowo otwarte o\u015brodki obejmuj\u0105 tak r\u00f3\u017cnorodne dziedziny jak energetyka, przemys\u0142 odzie\u017cowy czy offshore.<\/p>\n","protected":false},"excerpt":{"rendered":"<p>Minister edukacji Barbara Nowacka zapowiada kolejn\u0105 du\u017c\u0105 reform\u0119 systemu o\u015bwiaty. Ruszy\u0142a og\u00f3lnopolska kampania informacyjna \u201eKompas Jutra\u201d, maj\u0105ca wyja\u015bnia\u0107 za\u0142o\u017cenia nowego kierunku zmian w edukacji \u2013 zar\u00f3wno w szko\u0142ach podstawowych, jak i ponadpodstawowych. W planach: nowe podstawy programowe, nowoczesne podr\u0119czniki oraz wi\u0119kszy nacisk na kszta\u0142cenie zawodowe. Chocia\u017c konsultacje spo\u0142eczne ko\u0144cz\u0105 si\u0119 ju\u017c 18 grudnia, resort edukacji &#8230; <a title=\"Nowacka uruchamia \u201eKompas Jutra\u201d. Nadchodz\u0105 nowe podr\u0119czniki i zmiany w szko\u0142ach\" class=\"read-more\" href=\"https:\/\/dobrezrodla.com\/?p=11353\" aria-label=\"Read more about Nowacka uruchamia \u201eKompas Jutra\u201d. Nadchodz\u0105 nowe podr\u0119czniki i zmiany w szko\u0142ach\">Read more<\/a><\/p>\n","protected":false},"author":1,"featured_media":0,"comment_status":"open","ping_status":"open","sticky":false,"template":"","format":"standard","meta":{"footnotes":""},"categories":[1],"tags":[],"class_list":["post-11353","post","type-post","status-publish","format-standard","hentry","category-uncategorized"],"_links":{"self":[{"href":"https:\/\/dobrezrodla.com\/index.php?rest_route=\/wp\/v2\/posts\/11353","targetHints":{"allow":["GET"]}}],"collection":[{"href":"https:\/\/dobrezrodla.com\/index.php?rest_route=\/wp\/v2\/posts"}],"about":[{"href":"https:\/\/dobrezrodla.com\/index.php?rest_route=\/wp\/v2\/types\/post"}],"author":[{"embeddable":true,"href":"https:\/\/dobrezrodla.com\/index.php?rest_route=\/wp\/v2\/users\/1"}],"replies":[{"embeddable":true,"href":"https:\/\/dobrezrodla.com\/index.php?rest_route=%2Fwp%2Fv2%2Fcomments&post=11353"}],"version-history":[{"count":1,"href":"https:\/\/dobrezrodla.com\/index.php?rest_route=\/wp\/v2\/posts\/11353\/revisions"}],"predecessor-version":[{"id":11354,"href":"https:\/\/dobrezrodla.com\/index.php?rest_route=\/wp\/v2\/posts\/11353\/revisions\/11354"}],"wp:attachment":[{"href":"https:\/\/dobrezrodla.com\/index.php?rest_route=%2Fwp%2Fv2%2Fmedia&parent=11353"}],"wp:term":[{"taxonomy":"category","embeddable":true,"href":"https:\/\/dobrezrodla.com\/index.php?rest_route=%2Fwp%2Fv2%2Fcategories&post=11353"},{"taxonomy":"post_tag","embeddable":true,"href":"https:\/\/dobrezrodla.com\/index.php?rest_route=%2Fwp%2Fv2%2Ftags&post=11353"}],"curies":[{"name":"wp","href":"https:\/\/api.w.org\/{rel}","templated":true}]}}