{"id":11369,"date":"2025-12-08T21:07:48","date_gmt":"2025-12-08T21:07:48","guid":{"rendered":"https:\/\/dobrezrodla.com\/?p=11369"},"modified":"2025-12-08T21:07:48","modified_gmt":"2025-12-08T21:07:48","slug":"zelenski-oficjalnie-zaprosil-nawrockiego-do-kijowa-czy-polski-prezydent-odpowie","status":"publish","type":"post","link":"https:\/\/dobrezrodla.com\/?p=11369","title":{"rendered":"Ze\u0142enski oficjalnie zaprosi\u0142 Nawrockiego do Kijowa. Czy polski prezydent odpowie?"},"content":{"rendered":"\n<p>Prezydent Ukrainy Wo\u0142odymyr Ze\u0142enski zaprosi\u0142 Karola Nawrockiego do z\u0142o\u017cenia oficjalnej wizyty w Kijowie. Jak sam podkre\u015bli\u0142, jest r\u00f3wnie\u017c got\u00f3w przyjecha\u0107 do Warszawy, je\u015bli tylko otrzyma zaproszenie \u2013 nawet nieoficjalne.<\/p>\n\n\n\n<p>\u2013 Prosz\u0119 wybra\u0107 dowoln\u0105 dat\u0119. Je\u015bli prezydent Nawrocki mnie zaprosi, ja z przyjemno\u015bci\u0105 przyjad\u0119 do Polski. To dla mnie wa\u017cne \u2013 powiedzia\u0142 Ze\u0142enski, odpowiadaj\u0105c na pytania dziennikarzy.<\/p>\n\n\n\n<p>Ukrai\u0144ski przyw\u00f3dca zaznaczy\u0142 tak\u017ce, \u017ce jego kraj docenia pomoc, jak\u0105 Polska okaza\u0142a uchod\u017acom wojennym. \u2013 Szanujemy Polsk\u0119 i jeste\u015bmy wdzi\u0119czni za wsparcie \u2013 podkre\u015bli\u0142.<\/p>\n\n\n\n<p>Jeszcze w pa\u017adzierniku ambasador Ukrainy w Polsce, Wasyl Bodnar, przekaza\u0142, \u017ce strona ukrai\u0144ska zaproponowa\u0142a kilka mo\u017cliwych termin\u00f3w wizyty Nawrockiego w Kijowie. \u017badna z propozycji nie spotka\u0142a si\u0119 z odmow\u0105, co \u2013 wed\u0142ug dyplomaty \u2013 \u015bwiadczy o otwarto\u015bci strony polskiej.<\/p>\n\n\n\n<p>Tymczasem sygna\u0142y p\u0142yn\u0105ce z Warszawy s\u0105 niejednoznaczne. Rados\u0142aw Sikorski zaznaczy\u0142, \u017ce to Ze\u0142enski powinien \u201epoprosi\u0107 o wizyt\u0119 w Pa\u0142acu Prezydenckim\u201d, a Marcin Przydacz przypomnia\u0142, \u017ce wizyta ukrai\u0144skiego prezydenta w Polsce jest mo\u017cliwa, je\u015bli sam o to zabiega.<\/p>\n\n\n\n<p>Adam Andruszkiewicz z Kancelarii Prezydenta zapewnia jednak, \u017ce Karol Nawrocki \u201ejest otwarty na dialog z Ze\u0142enskim\u201d. Czy to oznacza prze\u0142om w ch\u0142odniejszych ostatnio relacjach? Czas poka\u017ce.<\/p>\n","protected":false},"excerpt":{"rendered":"<p>Prezydent Ukrainy Wo\u0142odymyr Ze\u0142enski zaprosi\u0142 Karola Nawrockiego do z\u0142o\u017cenia oficjalnej wizyty w Kijowie. Jak sam podkre\u015bli\u0142, jest r\u00f3wnie\u017c got\u00f3w przyjecha\u0107 do Warszawy, je\u015bli tylko otrzyma zaproszenie \u2013 nawet nieoficjalne. \u2013 Prosz\u0119 wybra\u0107 dowoln\u0105 dat\u0119. Je\u015bli prezydent Nawrocki mnie zaprosi, ja z przyjemno\u015bci\u0105 przyjad\u0119 do Polski. To dla mnie wa\u017cne \u2013 powiedzia\u0142 Ze\u0142enski, odpowiadaj\u0105c na pytania &#8230; <a title=\"Ze\u0142enski oficjalnie zaprosi\u0142 Nawrockiego do Kijowa. Czy polski prezydent odpowie?\" class=\"read-more\" href=\"https:\/\/dobrezrodla.com\/?p=11369\" aria-label=\"Read more about Ze\u0142enski oficjalnie zaprosi\u0142 Nawrockiego do Kijowa. Czy polski prezydent odpowie?\">Read more<\/a><\/p>\n","protected":false},"author":1,"featured_media":0,"comment_status":"open","ping_status":"open","sticky":false,"template":"","format":"standard","meta":{"footnotes":""},"categories":[1],"tags":[],"class_list":["post-11369","post","type-post","status-publish","format-standard","hentry","category-uncategorized"],"_links":{"self":[{"href":"https:\/\/dobrezrodla.com\/index.php?rest_route=\/wp\/v2\/posts\/11369","targetHints":{"allow":["GET"]}}],"collection":[{"href":"https:\/\/dobrezrodla.com\/index.php?rest_route=\/wp\/v2\/posts"}],"about":[{"href":"https:\/\/dobrezrodla.com\/index.php?rest_route=\/wp\/v2\/types\/post"}],"author":[{"embeddable":true,"href":"https:\/\/dobrezrodla.com\/index.php?rest_route=\/wp\/v2\/users\/1"}],"replies":[{"embeddable":true,"href":"https:\/\/dobrezrodla.com\/index.php?rest_route=%2Fwp%2Fv2%2Fcomments&post=11369"}],"version-history":[{"count":1,"href":"https:\/\/dobrezrodla.com\/index.php?rest_route=\/wp\/v2\/posts\/11369\/revisions"}],"predecessor-version":[{"id":11370,"href":"https:\/\/dobrezrodla.com\/index.php?rest_route=\/wp\/v2\/posts\/11369\/revisions\/11370"}],"wp:attachment":[{"href":"https:\/\/dobrezrodla.com\/index.php?rest_route=%2Fwp%2Fv2%2Fmedia&parent=11369"}],"wp:term":[{"taxonomy":"category","embeddable":true,"href":"https:\/\/dobrezrodla.com\/index.php?rest_route=%2Fwp%2Fv2%2Fcategories&post=11369"},{"taxonomy":"post_tag","embeddable":true,"href":"https:\/\/dobrezrodla.com\/index.php?rest_route=%2Fwp%2Fv2%2Ftags&post=11369"}],"curies":[{"name":"wp","href":"https:\/\/api.w.org\/{rel}","templated":true}]}}