{"id":11371,"date":"2025-12-08T21:08:20","date_gmt":"2025-12-08T21:08:20","guid":{"rendered":"https:\/\/dobrezrodla.com\/?p=11371"},"modified":"2025-12-08T21:08:20","modified_gmt":"2025-12-08T21:08:20","slug":"ewa-wrzosek-ukarana-za-wpisy-o-sprawie-maty-sad-najwyzszy-nie-mial-watpliwosci","status":"publish","type":"post","link":"https:\/\/dobrezrodla.com\/?p=11371","title":{"rendered":"Ewa Wrzosek ukarana za wpisy o sprawie Maty. S\u0105d Najwy\u017cszy nie mia\u0142 w\u0105tpliwo\u015bci"},"content":{"rendered":"\n<p>S\u0105d Najwy\u017cszy podtrzyma\u0142 kar\u0119 dyscyplinarn\u0105 dla prokurator Ewy Wrzosek, kt\u00f3ra zosta\u0142a ukarana upomnieniem za dwa kontrowersyjne wpisy opublikowane na platformie X (dawniej Twitter) w latach 2022 i 2023.<\/p>\n\n\n\n<p>Sprawa dotyczy komentarzy Wrzosek na temat asesorki prokuratorskiej, kt\u00f3ra przygotowa\u0142a akt oskar\u017cenia przeciwko raperowi Matcie (Micha\u0142 M.).<\/p>\n\n\n\n<p> Chodzi\u0142o o spraw\u0119 dotycz\u0105c\u0105 posiadania 1,4 grama marihuany \u2013 niewielkiej ilo\u015bci, ale g\u0142o\u015bnego nazwiska. Zdaniem s\u0105du, wpisy mia\u0142y charakter ataku na m\u0142od\u0105 asesork\u0119.<\/p>\n\n\n\n<p>Izba Odpowiedzialno\u015bci Zawodowej SN, pod przewodnictwem s\u0119dziego Wies\u0142awa Kozielewicza, uzna\u0142a decyzj\u0119 s\u0105du dyscyplinarnego I instancji za s\u0142uszn\u0105. <\/p>\n\n\n\n<p>\u2013 Nie chodzi o zakaz korzystania z medi\u00f3w spo\u0142eczno\u015bciowych \u2013 t\u0142umaczy\u0142a s\u0119dzia sprawozdawca Barbara Skoczkowska \u2013 ale o granice, kt\u00f3rych prokurator, jako osoba publiczna i urz\u0119dnik pa\u0144stwowy, nie powinien przekracza\u0107.<\/p>\n\n\n\n<p>Orzeczenie wywo\u0142a\u0142o dyskusj\u0119 o wolno\u015bci s\u0142owa w\u015br\u00f3d funkcjonariuszy publicznych. Jedno jest pewne \u2013 S\u0105d Najwy\u017cszy jasno wskaza\u0142, \u017ce funkcja prokuratora nak\u0142ada szczeg\u00f3lne obowi\u0105zki tak\u017ce poza sal\u0105 rozpraw.<\/p>\n","protected":false},"excerpt":{"rendered":"<p>S\u0105d Najwy\u017cszy podtrzyma\u0142 kar\u0119 dyscyplinarn\u0105 dla prokurator Ewy Wrzosek, kt\u00f3ra zosta\u0142a ukarana upomnieniem za dwa kontrowersyjne wpisy opublikowane na platformie X (dawniej Twitter) w latach 2022 i 2023. Sprawa dotyczy komentarzy Wrzosek na temat asesorki prokuratorskiej, kt\u00f3ra przygotowa\u0142a akt oskar\u017cenia przeciwko raperowi Matcie (Micha\u0142 M.). Chodzi\u0142o o spraw\u0119 dotycz\u0105c\u0105 posiadania 1,4 grama marihuany \u2013 niewielkiej &#8230; <a title=\"Ewa Wrzosek ukarana za wpisy o sprawie Maty. S\u0105d Najwy\u017cszy nie mia\u0142 w\u0105tpliwo\u015bci\" class=\"read-more\" href=\"https:\/\/dobrezrodla.com\/?p=11371\" aria-label=\"Read more about Ewa Wrzosek ukarana za wpisy o sprawie Maty. S\u0105d Najwy\u017cszy nie mia\u0142 w\u0105tpliwo\u015bci\">Read more<\/a><\/p>\n","protected":false},"author":1,"featured_media":0,"comment_status":"open","ping_status":"open","sticky":false,"template":"","format":"standard","meta":{"footnotes":""},"categories":[1],"tags":[],"class_list":["post-11371","post","type-post","status-publish","format-standard","hentry","category-uncategorized"],"_links":{"self":[{"href":"https:\/\/dobrezrodla.com\/index.php?rest_route=\/wp\/v2\/posts\/11371","targetHints":{"allow":["GET"]}}],"collection":[{"href":"https:\/\/dobrezrodla.com\/index.php?rest_route=\/wp\/v2\/posts"}],"about":[{"href":"https:\/\/dobrezrodla.com\/index.php?rest_route=\/wp\/v2\/types\/post"}],"author":[{"embeddable":true,"href":"https:\/\/dobrezrodla.com\/index.php?rest_route=\/wp\/v2\/users\/1"}],"replies":[{"embeddable":true,"href":"https:\/\/dobrezrodla.com\/index.php?rest_route=%2Fwp%2Fv2%2Fcomments&post=11371"}],"version-history":[{"count":1,"href":"https:\/\/dobrezrodla.com\/index.php?rest_route=\/wp\/v2\/posts\/11371\/revisions"}],"predecessor-version":[{"id":11372,"href":"https:\/\/dobrezrodla.com\/index.php?rest_route=\/wp\/v2\/posts\/11371\/revisions\/11372"}],"wp:attachment":[{"href":"https:\/\/dobrezrodla.com\/index.php?rest_route=%2Fwp%2Fv2%2Fmedia&parent=11371"}],"wp:term":[{"taxonomy":"category","embeddable":true,"href":"https:\/\/dobrezrodla.com\/index.php?rest_route=%2Fwp%2Fv2%2Fcategories&post=11371"},{"taxonomy":"post_tag","embeddable":true,"href":"https:\/\/dobrezrodla.com\/index.php?rest_route=%2Fwp%2Fv2%2Ftags&post=11371"}],"curies":[{"name":"wp","href":"https:\/\/api.w.org\/{rel}","templated":true}]}}